{"id":53108,"date":"2021-08-30T19:53:39","date_gmt":"2021-08-30T19:53:39","guid":{"rendered":"https:\/\/jorgezanoni.com.br\/2019\/?p=53108"},"modified":"2021-08-30T19:53:39","modified_gmt":"2021-08-30T19:53:39","slug":"dracenenenses-sao-destaques-na-copa-pedal-sem-limites-em-dois-corregos","status":"publish","type":"post","link":"https:\/\/jorgezanoni.com.br\/2019\/dracenenenses-sao-destaques-na-copa-pedal-sem-limites-em-dois-corregos\/","title":{"rendered":"Dracenenenses s\u00e3o destaques na Copa Pedal Sem Limites em Dois C\u00f3rregos"},"content":{"rendered":"<p style=\"text-align: justify;\">Em prova realizada neste final de semana na cidade de Dois C\u00f3rregos, proximidades de Ja\u00fa, dracenenses participaram da Primeira etapa da Copa Pedal Sem limites. Ser\u00e1 tres at\u00e9 o final do ano.<\/p>\n<p style=\"text-align: justify;\"><img loading=\"lazy\" decoding=\"async\" class=\"alignnone size-full wp-image-53109\" src=\"https:\/\/jorgezanoni.com.br\/2019\/wp-content\/uploads\/2021\/08\/Bike.jpg\" alt=\"\" width=\"1162\" height=\"1600\" srcset=\"https:\/\/jorgezanoni.com.br\/2019\/wp-content\/uploads\/2021\/08\/Bike.jpg 1162w, https:\/\/jorgezanoni.com.br\/2019\/wp-content\/uploads\/2021\/08\/Bike-218x300.jpg 218w, https:\/\/jorgezanoni.com.br\/2019\/wp-content\/uploads\/2021\/08\/Bike-744x1024.jpg 744w, https:\/\/jorgezanoni.com.br\/2019\/wp-content\/uploads\/2021\/08\/Bike-768x1057.jpg 768w, https:\/\/jorgezanoni.com.br\/2019\/wp-content\/uploads\/2021\/08\/Bike-1116x1536.jpg 1116w, https:\/\/jorgezanoni.com.br\/2019\/wp-content\/uploads\/2021\/08\/Bike-696x958.jpg 696w, https:\/\/jorgezanoni.com.br\/2019\/wp-content\/uploads\/2021\/08\/Bike-1068x1471.jpg 1068w, https:\/\/jorgezanoni.com.br\/2019\/wp-content\/uploads\/2021\/08\/Bike-305x420.jpg 305w\" sizes=\"auto, (max-width: 1162px) 100vw, 1162px\" \/>O garoto Vitor Budin de Souza largou entre os 400 atletas e acabou ficando com a terceria coloca\u00e7\u00e3o geral e campe\u00e3o da categoria J\u00fanior.<\/p>\n<p><img loading=\"lazy\" decoding=\"async\" class=\"alignnone size-full wp-image-53110\" src=\"https:\/\/jorgezanoni.com.br\/2019\/wp-content\/uploads\/2021\/08\/Bike2.jpg\" alt=\"\" width=\"700\" height=\"920\" srcset=\"https:\/\/jorgezanoni.com.br\/2019\/wp-content\/uploads\/2021\/08\/Bike2.jpg 700w, https:\/\/jorgezanoni.com.br\/2019\/wp-content\/uploads\/2021\/08\/Bike2-228x300.jpg 228w, https:\/\/jorgezanoni.com.br\/2019\/wp-content\/uploads\/2021\/08\/Bike2-696x915.jpg 696w, https:\/\/jorgezanoni.com.br\/2019\/wp-content\/uploads\/2021\/08\/Bike2-320x420.jpg 320w\" sizes=\"auto, (max-width: 700px) 100vw, 700px\" \/>Patr\u00edcia Burdin de Souza foi campe\u00e3 na categoria Master de 40 a 49 anos<\/p>\n<p><img loading=\"lazy\" decoding=\"async\" class=\"alignnone size-full wp-image-53111\" src=\"https:\/\/jorgezanoni.com.br\/2019\/wp-content\/uploads\/2021\/08\/bike3.jpg\" alt=\"\" width=\"700\" height=\"523\" srcset=\"https:\/\/jorgezanoni.com.br\/2019\/wp-content\/uploads\/2021\/08\/bike3.jpg 700w, https:\/\/jorgezanoni.com.br\/2019\/wp-content\/uploads\/2021\/08\/bike3-300x224.jpg 300w, https:\/\/jorgezanoni.com.br\/2019\/wp-content\/uploads\/2021\/08\/bike3-80x60.jpg 80w, https:\/\/jorgezanoni.com.br\/2019\/wp-content\/uploads\/2021\/08\/bike3-265x198.jpg 265w, https:\/\/jorgezanoni.com.br\/2019\/wp-content\/uploads\/2021\/08\/bike3-696x520.jpg 696w, https:\/\/jorgezanoni.com.br\/2019\/wp-content\/uploads\/2021\/08\/bike3-562x420.jpg 562w\" sizes=\"auto, (max-width: 700px) 100vw, 700px\" \/>Marcelo de Souza ficou em quinto lugar na categoria Master de 40 a 49 anos.<\/p>\n<p style=\"text-align: justify;\">Todas s\u00e3o pertecentes a equipe #bei\u00e7olabiketeam Sandalus, Bike Center dracena<\/p>\n","protected":false},"excerpt":{"rendered":"<p>Em prova realizada neste final de semana na cidade de Dois C\u00f3rregos, proximidades de Ja\u00fa, dracenenses participaram da Primeira etapa da Copa Pedal Sem limites. Ser\u00e1 tres at\u00e9 o final do ano. O garoto Vitor Budin de Souza largou entre os 400 atletas e acabou ficando com a terceria coloca\u00e7\u00e3o geral e campe\u00e3o da categoria [&hellip;]<\/p>\n","protected":false},"author":1,"featured_media":53112,"comment_status":"closed","ping_status":"open","sticky":false,"template":"","format":"standard","meta":{"footnotes":""},"categories":[111,110],"tags":[],"class_list":["post-53108","post","type-post","status-publish","format-standard","has-post-thumbnail","hentry","category-esporteecultura","category-noticiasdestaque"],"_links":{"self":[{"href":"https:\/\/jorgezanoni.com.br\/2019\/wp-json\/wp\/v2\/posts\/53108","targetHints":{"allow":["GET"]}}],"collection":[{"href":"https:\/\/jorgezanoni.com.br\/2019\/wp-json\/wp\/v2\/posts"}],"about":[{"href":"https:\/\/jorgezanoni.com.br\/2019\/wp-json\/wp\/v2\/types\/post"}],"author":[{"embeddable":true,"href":"https:\/\/jorgezanoni.com.br\/2019\/wp-json\/wp\/v2\/users\/1"}],"replies":[{"embeddable":true,"href":"https:\/\/jorgezanoni.com.br\/2019\/wp-json\/wp\/v2\/comments?post=53108"}],"version-history":[{"count":0,"href":"https:\/\/jorgezanoni.com.br\/2019\/wp-json\/wp\/v2\/posts\/53108\/revisions"}],"wp:featuredmedia":[{"embeddable":true,"href":"https:\/\/jorgezanoni.com.br\/2019\/wp-json\/wp\/v2\/media\/53112"}],"wp:attachment":[{"href":"https:\/\/jorgezanoni.com.br\/2019\/wp-json\/wp\/v2\/media?parent=53108"}],"wp:term":[{"taxonomy":"category","embeddable":true,"href":"https:\/\/jorgezanoni.com.br\/2019\/wp-json\/wp\/v2\/categories?post=53108"},{"taxonomy":"post_tag","embeddable":true,"href":"https:\/\/jorgezanoni.com.br\/2019\/wp-json\/wp\/v2\/tags?post=53108"}],"curies":[{"name":"wp","href":"https:\/\/api.w.org\/{rel}","templated":true}]}}