{"id":53082,"date":"2021-08-30T15:25:02","date_gmt":"2021-08-30T15:25:02","guid":{"rendered":"https:\/\/jorgezanoni.com.br\/2019\/?p=53082"},"modified":"2021-08-30T15:25:02","modified_gmt":"2021-08-30T15:25:02","slug":"batida-frontal-entre-carros-deixa-motoristas-em-estado-grave-e-gravissimo","status":"publish","type":"post","link":"https:\/\/jorgezanoni.com.br\/2019\/batida-frontal-entre-carros-deixa-motoristas-em-estado-grave-e-gravissimo\/","title":{"rendered":"Batida frontal entre carros deixa motoristas em estado grave e grav\u00edssimo"},"content":{"rendered":"<h2 class=\"content-head__subtitle\" style=\"text-align: justify;\">Acidente foi neste domingo (29), na Rodovia J\u00falio Budiski (SP-501), em \u00c1lvares Machado. Um rapaz de 18 anos foi socorrido com ferimentos leves.<\/h2>\n<div class=\"mc-column content-text active-extra-styles \" style=\"text-align: justify;\" data-block-type=\"unstyled\" data-block-weight=\"47\" data-block-id=\"2\">\n<p class=\"content-text__container \" data-track-category=\"Link no Texto\" data-track-links=\"\">Dois homens foram socorridos em estado grave e grav\u00edssimo ap\u00f3s a colis\u00e3o frontal entre dois carros, na Rodovia J\u00falio Budiski (SP-501), km 16,4, em\u00a0<a href=\"https:\/\/g1.globo.com\/sp\/presidente-prudente-regiao\/cidade\/alvares-machado\/\">\u00c1lvares Machado<\/a>. Um rapaz tamb\u00e9m teve ferimentos leves. Conforme a Pol\u00edcia Militar Rodovi\u00e1ria, a batida foi por volta das 19h38 deste domingo (29).<\/p>\n<\/div>\n<div class=\"wall protected-content\">\n<div class=\"mc-column content-text active-extra-styles \" style=\"text-align: justify;\" data-block-type=\"unstyled\" data-block-weight=\"35\" data-block-id=\"3\">\n<p class=\"content-text__container \" data-track-category=\"Link no Texto\" data-track-links=\"\">Ainda segundo a corpora\u00e7\u00e3o, os ve\u00edculos transitavam em sentidos opostos, sendo que o carro com placas de Pacaembu seguia de\u00a0<a href=\"https:\/\/g1.globo.com\/sp\/presidente-prudente-regiao\/cidade\/alfredo-marcondes\/\">Alfredo Marcondes<\/a>\u00a0a\u00a0<a href=\"https:\/\/g1.globo.com\/sp\/presidente-prudente-regiao\/cidade\/presidente-prudente\/\">Presidente Prudente<\/a>. Por motivos a serem esclarecidos, os dois bateram de frente.<\/p>\n<\/div>\n<div class=\"mc-column content-text active-extra-styles \" style=\"text-align: justify;\" data-block-type=\"unstyled\" data-block-weight=\"37\" data-block-id=\"4\">\n<p class=\"content-text__container \" data-track-category=\"Link no Texto\" data-track-links=\"\">Com a colis\u00e3o, o motorista do carro de\u00a0<a href=\"https:\/\/g1.globo.com\/sp\/presidente-prudente-regiao\/cidade\/pacaembu\/\">Pacaembu<\/a>, de 48 anos, foi socorrido em estado grave. J\u00e1 o passageiro, de 18 anos, teve ferimentos leves. Eles foram levados para a Santa Casa de Miseric\u00f3rdia de Prudente.<\/p>\n<\/div>\n<div class=\"mc-column content-text active-extra-styles \" style=\"text-align: justify;\" data-block-type=\"unstyled\" data-block-weight=\"74\" data-block-id=\"5\">\n<p class=\"content-text__container \" data-track-category=\"Link no Texto\" data-track-links=\"\">O condutor do ve\u00edculo com placas de Presidente Prudente, de 44 anos, foi socorrido em estado inicialmente grave. Ele foi levado para o Hospital Regional de Prudente. Segundo nota do hospital, o paciente deu entrada no pronto-socorro da unidade \u00e0s 20h25 deste domingo (29), sendo prontamente atendido pela equipe m\u00e9dica e multiprofissional. \u201cNeste momento, ele se encontra na Unidade de Terapia Intensiva (UTI) e seu estado de sa\u00fade \u00e9 considerado grav\u00edssimo\u201d, salientou o HR.<\/p>\n<\/div>\n<div class=\"mc-column content-text active-extra-styles \" data-block-type=\"unstyled\" data-block-weight=\"38\" data-block-id=\"6\">\n<p class=\"content-text__container \" style=\"text-align: justify;\" data-track-category=\"Link no Texto\" data-track-links=\"\">A corpora\u00e7\u00e3o destacou que o tr\u00e2nsito no local teve \u201cpontual reflexo, tamb\u00e9m em raz\u00e3o das a\u00e7\u00f5es e medidas de socorro desenvolvidas atrav\u00e9s do Corpo de Bombeiros, visando maior celeridade no atendimento e resguardo da integridade f\u00edsica dos envolvidos\u201d.<\/p>\n<div class=\"mc-column content-text active-extra-styles \" style=\"text-align: justify;\" data-block-type=\"unstyled\" data-block-weight=\"11\" data-block-id=\"8\">\n<p class=\"content-text__container \" data-track-category=\"Link no Texto\" data-track-links=\"\">O Departamento de Estrada de Rodagem (DER) tamb\u00e9m apoio no atendimento.<\/p>\n<\/div>\n<div class=\"mc-column content-text active-extra-styles \" style=\"text-align: justify;\" data-block-type=\"unstyled\" data-block-weight=\"7\" data-block-id=\"9\">\n<p class=\"content-text__container \" data-track-category=\"Link no Texto\" data-track-links=\"\">O local e os ve\u00edculos foram periciados.<\/p>\n<\/div>\n<div class=\"row medium-uncollapsed content-media content-photo\" data-block-type=\"backstage-photo\" data-block-id=\"10\">\n<div class=\"mc-column content-media__container\">\n<div class=\"content-media-container glb-skeleton-box\" style=\"text-align: justify;\">\n<figure class=\"content-media-figure\"><img decoding=\"async\" class=\"i-amphtml-fill-content i-amphtml-replaced-content\" src=\"https:\/\/s2.glbimg.com\/oK54W8YCpRBej6he2CqdjQRYkyA=\/0x0:1280x720\/984x0\/smart\/filters:strip_icc()\/i.s3.glbimg.com\/v1\/AUTH_59edd422c0c84a879bd37670ae4f538a\/internal_photos\/bs\/2021\/j\/6\/7Svx4ZReqehL8478XIoQ\/whatsapp-image-2021-08-30-at-05.30.25.jpg\" sizes=\"(max-width: 1366px) 648px, 100vw\" srcset=\"https:\/\/s2.glbimg.com\/4_d5PLIfbNb6LSH_AXFa9PC9zK0=\/0x0:1280x720\/1000x0\/smart\/filters:strip_icc()\/i.s3.glbimg.com\/v1\/AUTH_59edd422c0c84a879bd37670ae4f538a\/internal_photos\/bs\/2021\/j\/6\/7Svx4ZReqehL8478XIoQ\/whatsapp-image-2021-08-30-at-05.30.25.jpg 1000w, https:\/\/s2.glbimg.com\/oK54W8YCpRBej6he2CqdjQRYkyA=\/0x0:1280x720\/984x0\/smart\/filters:strip_icc()\/i.s3.glbimg.com\/v1\/AUTH_59edd422c0c84a879bd37670ae4f538a\/internal_photos\/bs\/2021\/j\/6\/7Svx4ZReqehL8478XIoQ\/whatsapp-image-2021-08-30-at-05.30.25.jpg 984w, https:\/\/s2.glbimg.com\/E6_wsOi0kOyVGyepglAWsZ14nx8=\/0x0:1280x720\/640x0\/smart\/filters:strip_icc()\/i.s3.glbimg.com\/v1\/AUTH_59edd422c0c84a879bd37670ae4f538a\/internal_photos\/bs\/2021\/j\/6\/7Svx4ZReqehL8478XIoQ\/whatsapp-image-2021-08-30-at-05.30.25.jpg 640w, https:\/\/s2.glbimg.com\/SlvCzzr_VyQHmOQLDnoE314n5-g=\/0x0:1280x720\/600x0\/smart\/filters:strip_icc()\/i.s3.glbimg.com\/v1\/AUTH_59edd422c0c84a879bd37670ae4f538a\/internal_photos\/bs\/2021\/j\/6\/7Svx4ZReqehL8478XIoQ\/whatsapp-image-2021-08-30-at-05.30.25.jpg 600w\" alt=\"Batida frontal entre dois carros foi registrada na Rodovia J\u00falio Budiski (SP-501), km 16,4, em \u00c1lvares Machado \u2014 Foto: Pol\u00edcia Rodovi\u00e1ria\" \/><\/figure>\n<\/div>\n<p class=\"content-media__description \" style=\"text-align: justify;\">Batida frontal entre dois carros foi registrada na Rodovia J\u00falio Budiski (SP-501), km 16,4, em \u00c1lvares Machado \u2014 Foto: Pol\u00edcia Rodovi\u00e1ria<\/p>\n<p style=\"text-align: justify;\">Fonte: G1<\/p>\n<\/div>\n<\/div>\n<\/div>\n<\/div>\n","protected":false},"excerpt":{"rendered":"<p>Acidente foi neste domingo (29), na Rodovia J\u00falio Budiski (SP-501), em \u00c1lvares Machado. Um rapaz de 18 anos foi socorrido com ferimentos leves. Dois homens foram socorridos em estado grave e grav\u00edssimo ap\u00f3s a colis\u00e3o frontal entre dois carros, na Rodovia J\u00falio Budiski (SP-501), km 16,4, em\u00a0\u00c1lvares Machado. Um rapaz tamb\u00e9m teve ferimentos leves. Conforme [&hellip;]<\/p>\n","protected":false},"author":1,"featured_media":53083,"comment_status":"closed","ping_status":"open","sticky":false,"template":"","format":"standard","meta":{"footnotes":""},"categories":[170,110],"tags":[],"class_list":["post-53082","post","type-post","status-publish","format-standard","has-post-thumbnail","hentry","category-acidentes","category-noticiasdestaque"],"_links":{"self":[{"href":"https:\/\/jorgezanoni.com.br\/2019\/wp-json\/wp\/v2\/posts\/53082","targetHints":{"allow":["GET"]}}],"collection":[{"href":"https:\/\/jorgezanoni.com.br\/2019\/wp-json\/wp\/v2\/posts"}],"about":[{"href":"https:\/\/jorgezanoni.com.br\/2019\/wp-json\/wp\/v2\/types\/post"}],"author":[{"embeddable":true,"href":"https:\/\/jorgezanoni.com.br\/2019\/wp-json\/wp\/v2\/users\/1"}],"replies":[{"embeddable":true,"href":"https:\/\/jorgezanoni.com.br\/2019\/wp-json\/wp\/v2\/comments?post=53082"}],"version-history":[{"count":0,"href":"https:\/\/jorgezanoni.com.br\/2019\/wp-json\/wp\/v2\/posts\/53082\/revisions"}],"wp:featuredmedia":[{"embeddable":true,"href":"https:\/\/jorgezanoni.com.br\/2019\/wp-json\/wp\/v2\/media\/53083"}],"wp:attachment":[{"href":"https:\/\/jorgezanoni.com.br\/2019\/wp-json\/wp\/v2\/media?parent=53082"}],"wp:term":[{"taxonomy":"category","embeddable":true,"href":"https:\/\/jorgezanoni.com.br\/2019\/wp-json\/wp\/v2\/categories?post=53082"},{"taxonomy":"post_tag","embeddable":true,"href":"https:\/\/jorgezanoni.com.br\/2019\/wp-json\/wp\/v2\/tags?post=53082"}],"curies":[{"name":"wp","href":"https:\/\/api.w.org\/{rel}","templated":true}]}}