{"id":53079,"date":"2021-08-30T15:03:37","date_gmt":"2021-08-30T15:03:37","guid":{"rendered":"https:\/\/jorgezanoni.com.br\/2019\/?p=53079"},"modified":"2021-08-30T15:03:37","modified_gmt":"2021-08-30T15:03:37","slug":"cartao-alimentacao-da-prefeitura-de-dracena-sera-depositado-na-conta-bancaria-junto-ao-salario","status":"publish","type":"post","link":"https:\/\/jorgezanoni.com.br\/2019\/cartao-alimentacao-da-prefeitura-de-dracena-sera-depositado-na-conta-bancaria-junto-ao-salario\/","title":{"rendered":"Cart\u00e3o Alimenta\u00e7\u00e3o da Prefeitura de Dracena ser\u00e1 depositado na conta banc\u00e1ria junto ao sal\u00e1rio"},"content":{"rendered":"<p style=\"text-align: justify;\">A Secretaria Municipal de Administra\u00e7\u00e3o informa que neste m\u00eas, o cart\u00e3o alimenta\u00e7\u00e3o, ser\u00e1 pago nas contas dos funcion\u00e1rios municipais junto ao sal\u00e1rio. O secret\u00e1rio respons\u00e1vel pela pasta S\u00e9rgio Ricardo Baravelli explica que a empresa vencedora da licita\u00e7\u00e3o que presta o servi\u00e7o do cart\u00e3o alimenta\u00e7\u00e3o pediu um prazo maior para credenciar os supermercados e demais estabelecimentos que atendem ao servi\u00e7o.<br \/>\nOs aposentados pelo INSS que recebem o cart\u00e3o alimenta\u00e7\u00e3o precisam comparecer ao setor de Recursos Humanos (RH), no Pa\u00e7o Municipal para passar o n\u00famero da conta o quanto antes.<\/p>\n<p style=\"text-align: justify;\">Fonte: Diretoria de Comunica\u00e7\u00e3o<\/p>\n","protected":false},"excerpt":{"rendered":"<p>A Secretaria Municipal de Administra\u00e7\u00e3o informa que neste m\u00eas, o cart\u00e3o alimenta\u00e7\u00e3o, ser\u00e1 pago nas contas dos funcion\u00e1rios municipais junto ao sal\u00e1rio. O secret\u00e1rio respons\u00e1vel pela pasta S\u00e9rgio Ricardo Baravelli explica que a empresa vencedora da licita\u00e7\u00e3o que presta o servi\u00e7o do cart\u00e3o alimenta\u00e7\u00e3o pediu um prazo maior para credenciar os supermercados e demais estabelecimentos [&hellip;]<\/p>\n","protected":false},"author":1,"featured_media":53080,"comment_status":"closed","ping_status":"open","sticky":false,"template":"","format":"standard","meta":{"footnotes":""},"categories":[179,184,110],"tags":[],"class_list":["post-53079","post","type-post","status-publish","format-standard","has-post-thumbnail","hentry","category-cidadeseregiao","category-dracena","category-noticiasdestaque"],"_links":{"self":[{"href":"https:\/\/jorgezanoni.com.br\/2019\/wp-json\/wp\/v2\/posts\/53079","targetHints":{"allow":["GET"]}}],"collection":[{"href":"https:\/\/jorgezanoni.com.br\/2019\/wp-json\/wp\/v2\/posts"}],"about":[{"href":"https:\/\/jorgezanoni.com.br\/2019\/wp-json\/wp\/v2\/types\/post"}],"author":[{"embeddable":true,"href":"https:\/\/jorgezanoni.com.br\/2019\/wp-json\/wp\/v2\/users\/1"}],"replies":[{"embeddable":true,"href":"https:\/\/jorgezanoni.com.br\/2019\/wp-json\/wp\/v2\/comments?post=53079"}],"version-history":[{"count":0,"href":"https:\/\/jorgezanoni.com.br\/2019\/wp-json\/wp\/v2\/posts\/53079\/revisions"}],"wp:featuredmedia":[{"embeddable":true,"href":"https:\/\/jorgezanoni.com.br\/2019\/wp-json\/wp\/v2\/media\/53080"}],"wp:attachment":[{"href":"https:\/\/jorgezanoni.com.br\/2019\/wp-json\/wp\/v2\/media?parent=53079"}],"wp:term":[{"taxonomy":"category","embeddable":true,"href":"https:\/\/jorgezanoni.com.br\/2019\/wp-json\/wp\/v2\/categories?post=53079"},{"taxonomy":"post_tag","embeddable":true,"href":"https:\/\/jorgezanoni.com.br\/2019\/wp-json\/wp\/v2\/tags?post=53079"}],"curies":[{"name":"wp","href":"https:\/\/api.w.org\/{rel}","templated":true}]}}