{"id":53057,"date":"2021-08-30T11:53:25","date_gmt":"2021-08-30T11:53:25","guid":{"rendered":"https:\/\/jorgezanoni.com.br\/2019\/?p=53057"},"modified":"2021-08-30T11:53:25","modified_gmt":"2021-08-30T11:53:25","slug":"aracatuba-quadrilha-ataca-agencias-bancarias-e-faz-moradores-refens-tres-pessoas-morreram","status":"publish","type":"post","link":"https:\/\/jorgezanoni.com.br\/2019\/aracatuba-quadrilha-ataca-agencias-bancarias-e-faz-moradores-refens-tres-pessoas-morreram\/","title":{"rendered":"Ara\u00e7atuba: quadrilha ataca ag\u00eancias banc\u00e1rias e faz moradores ref\u00e9ns; tr\u00eas pessoas morreram"},"content":{"rendered":"<h2 class=\"content-head__subtitle\" style=\"text-align: justify;\"><strong>Criminosos fortemente armados abordaram pedestres e motoristas na madrugada desta segunda-feira (30). PM isolou ruas e orienta que os moradores n\u00e3o saiam de casa at\u00e9 que a situa\u00e7\u00e3o esteja controlada, pois h\u00e1 explosivos espalhados pela cidade.<\/strong><\/h2>\n<div class=\"mc-column content-text active-extra-styles \" data-block-type=\"unstyled\" data-block-weight=\"38\" data-block-id=\"2\">\n<p class=\"content-text__container \" style=\"text-align: justify;\" data-track-category=\"Link no Texto\" data-track-links=\"\">Criminosos fortemente armados atacaram\u00a0<span class=\"highlight highlighted\">tr\u00eas ag\u00eancias banc\u00e1rias no Centro de Ara\u00e7atuba\u00a0<\/span>(SP), no in\u00edcio da madrugada desta segunda-feira (30).\u00a0<span class=\"highlight highlighted\">Pelo menos tr\u00eas pessoas morreram,<\/span>\u00a0segundo a Pol\u00edcia Civil, sendo dois moradores e um criminoso. Dois suspeitos foram presos.<\/p>\n<\/div>\n<div class=\"wall protected-content\">\n<div class=\"mc-column content-text active-extra-styles \" style=\"text-align: justify;\" data-block-type=\"unstyled\" data-block-weight=\"27\" data-block-id=\"3\">\n<p class=\"content-text__container \" data-track-category=\"Link no Texto\" data-track-links=\"\">A a\u00e7\u00e3o criminosa em Ara\u00e7atuba, cidade na regi\u00e3o noroeste de SP com cerca de 200 mil habitantes, durou duas horas, entre ataque \u00e0s ag\u00eancias, tiroteio e fuga.<\/p>\n<\/div>\n<div class=\"mc-column content-text active-extra-styles \" style=\"text-align: justify;\" data-block-type=\"unstyled\" data-block-weight=\"1\" data-block-id=\"4\">\n<p class=\"content-text__container \" data-track-category=\"Link no Texto\" data-track-links=\"\"><strong>Resumo:<\/strong><\/p>\n<p class=\"content-text__container \" data-track-category=\"Link no Texto\" data-track-links=\"\"><a href=\"https:\/\/g1.globo.com\/sp\/sao-jose-do-rio-preto-aracatuba\/noticia\/2021\/08\/30\/assalto-em-aracatuba-refem.ghtml\">Criminosos, cerca de 20, abordaram pedestres e motoristas e os fizeram ref\u00e9ns na cidade<\/a>;<\/p>\n<\/div>\n<div class=\"mc-column content-text active-extra-styles\" data-block-type=\"raw\" data-block-weight=\"88\" data-block-id=\"5\">\n<ul class=\"content-unordered-list\" style=\"text-align: justify;\">\n<li>Tr\u00eas ag\u00eancias foram atacadas;<\/li>\n<li>Dois suspeitos foram presos;<\/li>\n<li><a href=\"https:\/\/g1.globo.com\/sp\/sorocaba-jundiai\/video\/refens-sao-colocados-em-cima-de-carros-durante-ataque-a-bancos-em-aracatuba-sp-9811671.ghtml\">Ref\u00e9ns foram colocados em cima do carro<\/a>;<\/li>\n<li>Para monitorar os policiais, os criminosos contaram com o aux\u00edlio de drone;<\/li>\n<li>No ataque, grupo usou dez carros; alguns foram abandonados e ve\u00edculos de moradores roubados na fuga;<\/li>\n<li>PM isolou ruas e orienta que os moradores de Ara\u00e7atuba n\u00e3o saiam de casa at\u00e9 que a situa\u00e7\u00e3o esteja controlada, pois h\u00e1 explosivos espalhados pela cidade;<\/li>\n<li><a href=\"https:\/\/g1.globo.com\/sp\/sao-jose-do-rio-preto-aracatuba\/noticia\/2021\/08\/30\/prefeito-de-aracatuba-suspende-aulas-na-cidade-apos-ataque-de-quadrilha-a-agencia-bancaria.ghtml\">Aulas est\u00e3o suspensas, segundo prefeito<\/a>.<\/li>\n<\/ul>\n<p style=\"text-align: justify;\"><img loading=\"lazy\" decoding=\"async\" class=\"alignnone size-full wp-image-53058\" src=\"https:\/\/jorgezanoni.com.br\/2019\/wp-content\/uploads\/2021\/08\/assalto-em-aracatuba.jpg\" alt=\"\" width=\"984\" height=\"1476\" srcset=\"https:\/\/jorgezanoni.com.br\/2019\/wp-content\/uploads\/2021\/08\/assalto-em-aracatuba.jpg 984w, https:\/\/jorgezanoni.com.br\/2019\/wp-content\/uploads\/2021\/08\/assalto-em-aracatuba-200x300.jpg 200w, https:\/\/jorgezanoni.com.br\/2019\/wp-content\/uploads\/2021\/08\/assalto-em-aracatuba-683x1024.jpg 683w, https:\/\/jorgezanoni.com.br\/2019\/wp-content\/uploads\/2021\/08\/assalto-em-aracatuba-768x1152.jpg 768w, https:\/\/jorgezanoni.com.br\/2019\/wp-content\/uploads\/2021\/08\/assalto-em-aracatuba-696x1044.jpg 696w, https:\/\/jorgezanoni.com.br\/2019\/wp-content\/uploads\/2021\/08\/assalto-em-aracatuba-280x420.jpg 280w\" sizes=\"auto, (max-width: 984px) 100vw, 984px\" \/><\/p>\n<div class=\"mc-column content-text active-extra-styles \" style=\"text-align: justify;\" data-block-type=\"unstyled\" data-block-weight=\"34\" data-block-id=\"8\">\n<p class=\"content-text__container \" data-track-category=\"Link no Texto\" data-track-links=\"\">Ap\u00f3s o ataque \u00e0s ag\u00eancias, o grupo com cerca de 20 criminosos em dez carros abordou pedestres e motoristas e os fizeram ref\u00e9ns na cidade. Eles tamb\u00e9m cercaram bases da Pol\u00edcia Militar e viaturas.<\/p>\n<\/div>\n<div class=\"mc-column content-text active-extra-styles \" data-block-type=\"unstyled\" data-block-weight=\"32\" data-block-id=\"9\">\n<p class=\"content-text__container \" style=\"text-align: justify;\" data-track-category=\"Link no Texto\" data-track-links=\"\">Em v\u00eddeos que circularam nas redes sociais, algumas v\u00edtimas aparecem em uma esp\u00e9cie de &#8220;escudo humano&#8221; dos criminosos e sobre carros. Outras imagens mostram eles atirando pela cidade.<\/p>\n<div class=\"row medium-uncollapsed content-media content-photo\" style=\"text-align: justify;\" data-block-type=\"backstage-photo\" data-block-id=\"10\">\n<div class=\"mc-column content-media__container\">\n<div class=\"content-media-container glb-skeleton-box\">\n<figure class=\"content-media-figure\"><img decoding=\"async\" class=\"i-amphtml-fill-content i-amphtml-replaced-content\" src=\"https:\/\/s2.glbimg.com\/Yz3C085J7en_RS8OU2C7nlVbTVI=\/0x0:1334x750\/984x0\/smart\/filters:strip_icc()\/i.s3.glbimg.com\/v1\/AUTH_59edd422c0c84a879bd37670ae4f538a\/internal_photos\/bs\/2021\/j\/e\/JvvAzwTjAjISNO3Pdj1Q\/criminosos-armados-fizeram-moradores-de-aracatuba-sp-refens-apos-ataque-a-banco.jpg\" sizes=\"(max-width: 1366px) 648px, 100vw\" srcset=\"https:\/\/s2.glbimg.com\/AQOJp04f8NuT2e4q2uCJWmonN9M=\/0x0:1334x750\/1000x0\/smart\/filters:strip_icc()\/i.s3.glbimg.com\/v1\/AUTH_59edd422c0c84a879bd37670ae4f538a\/internal_photos\/bs\/2021\/j\/e\/JvvAzwTjAjISNO3Pdj1Q\/criminosos-armados-fizeram-moradores-de-aracatuba-sp-refens-apos-ataque-a-banco.jpg 1000w, https:\/\/s2.glbimg.com\/Yz3C085J7en_RS8OU2C7nlVbTVI=\/0x0:1334x750\/984x0\/smart\/filters:strip_icc()\/i.s3.glbimg.com\/v1\/AUTH_59edd422c0c84a879bd37670ae4f538a\/internal_photos\/bs\/2021\/j\/e\/JvvAzwTjAjISNO3Pdj1Q\/criminosos-armados-fizeram-moradores-de-aracatuba-sp-refens-apos-ataque-a-banco.jpg 984w, https:\/\/s2.glbimg.com\/jeM6rlGJYJBgWHw3GQTLyNLaBTI=\/0x0:1334x750\/640x0\/smart\/filters:strip_icc()\/i.s3.glbimg.com\/v1\/AUTH_59edd422c0c84a879bd37670ae4f538a\/internal_photos\/bs\/2021\/j\/e\/JvvAzwTjAjISNO3Pdj1Q\/criminosos-armados-fizeram-moradores-de-aracatuba-sp-refens-apos-ataque-a-banco.jpg 640w, https:\/\/s2.glbimg.com\/d2riZwHnUcnvUG4JL4tbDEfvZnU=\/0x0:1334x750\/600x0\/smart\/filters:strip_icc()\/i.s3.glbimg.com\/v1\/AUTH_59edd422c0c84a879bd37670ae4f538a\/internal_photos\/bs\/2021\/j\/e\/JvvAzwTjAjISNO3Pdj1Q\/criminosos-armados-fizeram-moradores-de-aracatuba-sp-refens-apos-ataque-a-banco.jpg 600w\" alt=\"Criminosos armados fizeram moradores de Ara\u00e7atuba (SP) ref\u00e9ns ap\u00f3s ataque a banco \u2014 Foto: Arquivo pessoal\" \/><\/figure>\n<\/div>\n<p class=\"content-media__description \">Criminosos armados fizeram moradores de Ara\u00e7atuba (SP) ref\u00e9ns ap\u00f3s ataque a banco \u2014 Foto: Arquivo pessoal<\/p>\n<\/div>\n<\/div>\n<div class=\"mc-column content-text active-extra-styles \" style=\"text-align: justify;\" data-block-type=\"unstyled\" data-block-weight=\"4\" data-block-id=\"11\">\n<p class=\"content-text__container \" data-track-category=\"Link no Texto\" data-track-links=\"\"><strong>RELEMBRE OUTROS MEGA ASSALTOS<\/strong><\/p>\n<\/div>\n<div class=\"mc-column content-text active-extra-styles\" style=\"text-align: justify;\" data-block-type=\"raw\" data-block-weight=\"71\" data-block-id=\"12\">\n<ul class=\"content-unordered-list\">\n<li><strong>BOTUCATU:\u00a0<\/strong><a href=\"https:\/\/g1.globo.com\/sp\/bauru-marilia\/noticia\/2020\/07\/30\/terror-em-botucatu-bandidos-atacam-agencias-bancarias-e-trocam-tiros-com-a-pm.ghtml\">40 ladr\u00f5es roubaram 3 ag\u00eancias banc\u00e1rias e trocaram tiros com a pol\u00edcia<\/a><\/li>\n<li><strong>CAMET\u00c1:\u00a0<\/strong><a href=\"https:\/\/g1.globo.com\/pa\/para\/noticia\/2020\/12\/02\/assalto-em-cameta-o-que-se-sabe-e-o-que-falta-esclarecer.ghtml\">Cerca de 10 criminosos fizeram pessoas que assistiam a jogo de futebol ref\u00e9ns para roubar banco<\/a><\/li>\n<li><strong>CRICI\u00daMA:\u00a0<\/strong><a href=\"https:\/\/g1.globo.com\/sc\/santa-catarina\/noticia\/2020\/12\/01\/assalto-em-criciuma-o-que-se-sabe-e-o-que-falta-esclarecer.ghtml\">Mega assalto a banco teve armas pesadas, carros de luxo, explos\u00f5es e inc\u00eandio<\/a><\/li>\n<li><strong>ARARAQUARA:\u00a0<\/strong><a href=\"https:\/\/g1.globo.com\/sp\/sao-carlos-regiao\/noticia\/2020\/12\/01\/assalto-a-banco-em-araraquara-completa-uma-semana-sem-nenhuma-prisao.ghtml\">20 homens armados levaram R$ 2,5 milh\u00f5es em dinheiro e R$ 2,5 milh\u00f5es me joias<\/a><\/li>\n<li><strong>GUARAREMA:\u00a0<\/strong><a href=\"https:\/\/g1.globo.com\/sp\/mogi-das-cruzes-suzano\/noticia\/2019\/04\/04\/tentativa-de-roubo-a-banco-termina-com-tiroteio-em-guararema-sp.ghtml\">Tentativa de roubo a bancos teve 11 mortos ap\u00f3s tiroteio<\/a><\/li>\n<\/ul>\n<\/div>\n<div class=\"mc-column content-text active-extra-styles \" style=\"text-align: justify;\" data-block-type=\"unstyled\" data-block-weight=\"33\" data-block-id=\"13\">\n<p class=\"content-text__container \" data-track-category=\"Link no Texto\" data-track-links=\"\">Para monitorar os policiais, os criminosos contaram com o aux\u00edlio de drone. Eles tamb\u00e9m fecharam algumas entradas da cidade com ve\u00edculos em chamas para evitar que equipes chegassem ao local, segundo a pol\u00edcia.<\/p>\n<\/div>\n<div class=\"mc-column content-text active-extra-styles \" data-block-type=\"unstyled\" data-block-weight=\"30\" data-block-id=\"14\">\n<p class=\"content-text__container \" style=\"text-align: justify;\" data-track-category=\"Link no Texto\" data-track-links=\"\">Parte dos criminosos fugiu em dire\u00e7\u00e3o ao bairro Taveira, \u00e1rea rural, onde houve confronto com a pol\u00edcia. Um criminoso morreu e outro ficou baleado. Ele foi levado \u00e0 Santa Casa.<\/p>\n<div class=\"mc-column content-text active-extra-styles \" style=\"text-align: justify;\" data-block-type=\"unstyled\" data-block-weight=\"46\" data-block-id=\"16\">\n<p class=\"content-text__container \" data-track-category=\"Link no Texto\" data-track-links=\"\">A quadrilha abandonou ve\u00edculos usados no crime e roubou outros de moradores para fugir. Moradores tamb\u00e9m relataram que encontraram explosivos e muni\u00e7\u00f5es nas ruas da cidade. Lojas tamb\u00e9m ficaram danificadas. Uma das ruas interditadas \u00e9 a Luiz Pereira Barreto, onde mais de dez explosivos foram encontrados.<\/p>\n<\/div>\n<div class=\"mc-column content-text active-extra-styles \" style=\"text-align: justify;\" data-block-type=\"unstyled\" data-block-weight=\"50\" data-block-id=\"17\">\n<p class=\"content-text__container \" data-track-category=\"Link no Texto\" data-track-links=\"\">A Pol\u00edcia Militar isolou algumas ruas e orienta que os moradores n\u00e3o saiam de casa at\u00e9 que a situa\u00e7\u00e3o esteja controlada, pois\u00a0<span class=\"highlight highlighted\">h\u00e1 explosivos espalhados pela cidade<\/span>\u00a0e que podem ser acionados por calor ou movimento. Policiais do Grupo de A\u00e7\u00f5es T\u00e1ticas Especiais (Gate) foram chamados para desativar os explosivos.<\/p>\n<\/div>\n<div class=\"row medium-uncollapsed content-media content-photo\" style=\"text-align: justify;\" data-block-type=\"backstage-photo\" data-block-id=\"18\">\n<div class=\"mc-column content-media__container\">\n<div class=\"content-media-container glb-skeleton-box\">\n<figure class=\"content-media-figure\"><img decoding=\"async\" class=\"i-amphtml-fill-content i-amphtml-replaced-content\" src=\"https:\/\/s2.glbimg.com\/3pxtyYdZnbMJtjsJaqsbq_PGmZI=\/0x0:1334x750\/984x0\/smart\/filters:strip_icc()\/i.s3.glbimg.com\/v1\/AUTH_59edd422c0c84a879bd37670ae4f538a\/internal_photos\/bs\/2021\/w\/e\/XeKr2yQjaEHLBMf4FGIA\/1d78639f-a804-43af-96ad-0e1a78038c50.jpg\" sizes=\"(max-width: 1366px) 648px, 100vw\" srcset=\"https:\/\/s2.glbimg.com\/W2uHuY6ypnJutQweNN08qX1T4_0=\/0x0:1334x750\/1000x0\/smart\/filters:strip_icc()\/i.s3.glbimg.com\/v1\/AUTH_59edd422c0c84a879bd37670ae4f538a\/internal_photos\/bs\/2021\/w\/e\/XeKr2yQjaEHLBMf4FGIA\/1d78639f-a804-43af-96ad-0e1a78038c50.jpg 1000w, https:\/\/s2.glbimg.com\/3pxtyYdZnbMJtjsJaqsbq_PGmZI=\/0x0:1334x750\/984x0\/smart\/filters:strip_icc()\/i.s3.glbimg.com\/v1\/AUTH_59edd422c0c84a879bd37670ae4f538a\/internal_photos\/bs\/2021\/w\/e\/XeKr2yQjaEHLBMf4FGIA\/1d78639f-a804-43af-96ad-0e1a78038c50.jpg 984w, https:\/\/s2.glbimg.com\/DVHour-_pLiRpYrOLkV-SnbJN7s=\/0x0:1334x750\/640x0\/smart\/filters:strip_icc()\/i.s3.glbimg.com\/v1\/AUTH_59edd422c0c84a879bd37670ae4f538a\/internal_photos\/bs\/2021\/w\/e\/XeKr2yQjaEHLBMf4FGIA\/1d78639f-a804-43af-96ad-0e1a78038c50.jpg 640w, https:\/\/s2.glbimg.com\/sxCi7sTEA3YzjThpFWwgIXkSYlc=\/0x0:1334x750\/600x0\/smart\/filters:strip_icc()\/i.s3.glbimg.com\/v1\/AUTH_59edd422c0c84a879bd37670ae4f538a\/internal_photos\/bs\/2021\/w\/e\/XeKr2yQjaEHLBMf4FGIA\/1d78639f-a804-43af-96ad-0e1a78038c50.jpg 600w\" alt=\"Criminosos teriam contado com aux\u00edlio de drone para monitorar policiais em Ara\u00e7atuba (SP) \u2014 Foto: Arquivo pessoal\" \/><\/figure>\n<\/div>\n<p class=\"content-media__description \">Criminosos teriam contado com aux\u00edlio de drone para monitorar policiais em Ara\u00e7atuba (SP) \u2014 Foto: Arquivo pessoal<\/p>\n<\/div>\n<\/div>\n<div class=\"mc-column content-text active-extra-styles \" style=\"text-align: justify;\" data-block-type=\"unstyled\" data-block-weight=\"27\" data-block-id=\"19\">\n<p class=\"content-text__container \" data-track-category=\"Link no Texto\" data-track-links=\"\">Devido \u00e0 gravidade da ocorr\u00eancia, o Batalh\u00e3o de A\u00e7\u00f5es Especiais da Pol\u00edcia (Baep) de S\u00e3o Jos\u00e9 do Rio Preto (SP) tamb\u00e9m foi acionado para auxiliar no caso.<\/p>\n<\/div>\n<div class=\"mc-column content-text active-extra-styles \" style=\"text-align: justify;\" data-block-type=\"unstyled\" data-block-weight=\"38\" data-block-id=\"20\">\n<p class=\"content-text__container \" data-track-category=\"Link no Texto\" data-track-links=\"\">&#8220;\u00c9 uma sensa\u00e7\u00e3o horr\u00edvel, um horror. Moro a poucas quadras do Centro. Ouvi todos os tiros, acompanhando atrav\u00e9s de v\u00eddeos. N\u00e3o sa\u00ed de casa e pe\u00e7o \u00e0 popula\u00e7\u00e3o que fique em casa&#8221;, disse o prefeito Dilador Borges.<\/p>\n<p class=\"content-text__container \" data-track-category=\"Link no Texto\" data-track-links=\"\"><span style=\"font-style: italic; text-align: center;\">&#8220;Quando iniciou tudo isso, sentimos o drama que seria nossa noite, entrei em contato com o governador Jo\u00e3o Doria, que atrav\u00e9s do secret\u00e1rio de Seguran\u00e7a disse que viria refor\u00e7o de Rio Preto, Bauru e Prudente&#8221;, completou Borges.<\/span><\/p>\n<\/div>\n<div class=\"row medium-uncollapsed content-media content-photo\" data-block-type=\"backstage-photo\" data-block-id=\"22\">\n<div class=\"mc-column content-media__container\">\n<div class=\"content-media-container glb-skeleton-box\" style=\"text-align: justify;\">\n<figure class=\"content-media-figure\"><img decoding=\"async\" class=\"i-amphtml-fill-content i-amphtml-replaced-content\" src=\"https:\/\/s2.glbimg.com\/YUh8McKczAxs4tMkWJOEuzsl3wE=\/0x0:1600x1200\/984x0\/smart\/filters:strip_icc()\/i.s3.glbimg.com\/v1\/AUTH_59edd422c0c84a879bd37670ae4f538a\/internal_photos\/bs\/2021\/B\/D\/ELY1w2TLuV1nj86jjZPg\/9a8af698-4064-46c4-90b1-27b25efce103.jpg\" sizes=\"(max-width: 1366px) 648px, 100vw\" srcset=\"https:\/\/s2.glbimg.com\/cok_K1gSQHBE84xEz1oJZuy4bAE=\/0x0:1600x1200\/1000x0\/smart\/filters:strip_icc()\/i.s3.glbimg.com\/v1\/AUTH_59edd422c0c84a879bd37670ae4f538a\/internal_photos\/bs\/2021\/B\/D\/ELY1w2TLuV1nj86jjZPg\/9a8af698-4064-46c4-90b1-27b25efce103.jpg 1000w, https:\/\/s2.glbimg.com\/YUh8McKczAxs4tMkWJOEuzsl3wE=\/0x0:1600x1200\/984x0\/smart\/filters:strip_icc()\/i.s3.glbimg.com\/v1\/AUTH_59edd422c0c84a879bd37670ae4f538a\/internal_photos\/bs\/2021\/B\/D\/ELY1w2TLuV1nj86jjZPg\/9a8af698-4064-46c4-90b1-27b25efce103.jpg 984w, https:\/\/s2.glbimg.com\/2jNcB1noKMgfFdFV8RyMS5xQVug=\/0x0:1600x1200\/640x0\/smart\/filters:strip_icc()\/i.s3.glbimg.com\/v1\/AUTH_59edd422c0c84a879bd37670ae4f538a\/internal_photos\/bs\/2021\/B\/D\/ELY1w2TLuV1nj86jjZPg\/9a8af698-4064-46c4-90b1-27b25efce103.jpg 640w, https:\/\/s2.glbimg.com\/3-X-2QFsei7DPOKuykeCActP8c0=\/0x0:1600x1200\/600x0\/smart\/filters:strip_icc()\/i.s3.glbimg.com\/v1\/AUTH_59edd422c0c84a879bd37670ae4f538a\/internal_photos\/bs\/2021\/B\/D\/ELY1w2TLuV1nj86jjZPg\/9a8af698-4064-46c4-90b1-27b25efce103.jpg 600w\" alt=\"Loja em Ara\u00e7atuba (SP) ficou danificada ap\u00f3s ataque de bandidos \u2014 Foto: M\u00e1rcio Zeni\/Divulga\u00e7\u00e3o\" \/><\/figure>\n<\/div>\n<p class=\"content-media__description \" style=\"text-align: justify;\">Loja em Ara\u00e7atuba (SP) ficou danificada ap\u00f3s ataque de bandidos \u2014 Foto: M\u00e1rcio Zeni\/Divulga\u00e7\u00e3o<\/p>\n<div class=\"row medium-uncollapsed content-media content-photo\" style=\"text-align: justify;\" data-block-type=\"backstage-photo\" data-block-id=\"24\">\n<div class=\"mc-column content-media__container\">\n<div class=\"content-media-container glb-skeleton-box\">\n<figure class=\"content-media-figure\"><img decoding=\"async\" class=\"i-amphtml-fill-content i-amphtml-replaced-content\" src=\"https:\/\/s2.glbimg.com\/clxyhoXKBBKQRsjGVZK6isR5XE0=\/0x0:1280x960\/984x0\/smart\/filters:strip_icc()\/i.s3.glbimg.com\/v1\/AUTH_59edd422c0c84a879bd37670ae4f538a\/internal_photos\/bs\/2021\/B\/R\/nXRAXdTuCidAUTAtHZyA\/8f77d3cc-1ebe-4e92-a446-3360b9a66d8c.jpg\" sizes=\"(max-width: 1366px) 648px, 100vw\" srcset=\"https:\/\/s2.glbimg.com\/kiNb6RaFf3f_sy4_ZItFA3cutTg=\/0x0:1280x960\/1000x0\/smart\/filters:strip_icc()\/i.s3.glbimg.com\/v1\/AUTH_59edd422c0c84a879bd37670ae4f538a\/internal_photos\/bs\/2021\/B\/R\/nXRAXdTuCidAUTAtHZyA\/8f77d3cc-1ebe-4e92-a446-3360b9a66d8c.jpg 1000w, https:\/\/s2.glbimg.com\/clxyhoXKBBKQRsjGVZK6isR5XE0=\/0x0:1280x960\/984x0\/smart\/filters:strip_icc()\/i.s3.glbimg.com\/v1\/AUTH_59edd422c0c84a879bd37670ae4f538a\/internal_photos\/bs\/2021\/B\/R\/nXRAXdTuCidAUTAtHZyA\/8f77d3cc-1ebe-4e92-a446-3360b9a66d8c.jpg 984w, https:\/\/s2.glbimg.com\/lr0HQNX0-wgrbPBLO1fsVsdsfyI=\/0x0:1280x960\/640x0\/smart\/filters:strip_icc()\/i.s3.glbimg.com\/v1\/AUTH_59edd422c0c84a879bd37670ae4f538a\/internal_photos\/bs\/2021\/B\/R\/nXRAXdTuCidAUTAtHZyA\/8f77d3cc-1ebe-4e92-a446-3360b9a66d8c.jpg 640w, https:\/\/s2.glbimg.com\/mUnmfhyIne5Z34ZVwa9kQkwm2P8=\/0x0:1280x960\/600x0\/smart\/filters:strip_icc()\/i.s3.glbimg.com\/v1\/AUTH_59edd422c0c84a879bd37670ae4f538a\/internal_photos\/bs\/2021\/B\/R\/nXRAXdTuCidAUTAtHZyA\/8f77d3cc-1ebe-4e92-a446-3360b9a66d8c.jpg 600w\" alt=\"Muni\u00e7\u00f5es ficaram espalhadas em ruas de Ara\u00e7atuba (SP) ap\u00f3s ataque \u2014 Foto: M\u00e1rcio Zeni\/TV TEM\" \/><\/figure>\n<\/div>\n<p class=\"content-media__description \">Muni\u00e7\u00f5es ficaram espalhadas em ruas de Ara\u00e7atuba (SP) ap\u00f3s ataque \u2014 Foto: M\u00e1rcio Zeni\/TV TEM<\/p>\n<\/div>\n<\/div>\n<div class=\"row medium-uncollapsed content-media content-photo\" style=\"text-align: justify;\" data-block-type=\"backstage-photo\" data-block-id=\"25\">\n<div class=\"mc-column content-media__container\">\n<div class=\"content-media-container glb-skeleton-box\">\n<figure class=\"content-media-figure\"><img decoding=\"async\" class=\"i-amphtml-fill-content i-amphtml-replaced-content\" src=\"https:\/\/s2.glbimg.com\/go2DPmfjeGnC2hjK-wyMB64xc28=\/0x0:750x453\/984x0\/smart\/filters:strip_icc()\/i.s3.glbimg.com\/v1\/AUTH_59edd422c0c84a879bd37670ae4f538a\/internal_photos\/bs\/2021\/M\/n\/FG1LrrTiOvEA4qUtUe1w\/criminosos-atearam-fogo-em-veiculos-para-evitar-que-policiais-cheguem-ao-local-do-ataque.jpg\" sizes=\"(max-width: 1366px) 648px, 100vw\" srcset=\"https:\/\/s2.glbimg.com\/YesYV6A6rcVai6ssUSdTb7MthrI=\/0x0:750x453\/1000x0\/smart\/filters:strip_icc()\/i.s3.glbimg.com\/v1\/AUTH_59edd422c0c84a879bd37670ae4f538a\/internal_photos\/bs\/2021\/M\/n\/FG1LrrTiOvEA4qUtUe1w\/criminosos-atearam-fogo-em-veiculos-para-evitar-que-policiais-cheguem-ao-local-do-ataque.jpg 1000w, https:\/\/s2.glbimg.com\/go2DPmfjeGnC2hjK-wyMB64xc28=\/0x0:750x453\/984x0\/smart\/filters:strip_icc()\/i.s3.glbimg.com\/v1\/AUTH_59edd422c0c84a879bd37670ae4f538a\/internal_photos\/bs\/2021\/M\/n\/FG1LrrTiOvEA4qUtUe1w\/criminosos-atearam-fogo-em-veiculos-para-evitar-que-policiais-cheguem-ao-local-do-ataque.jpg 984w, https:\/\/s2.glbimg.com\/1XFiAT5bR0R1PDroqO2L_0j7Whc=\/0x0:750x453\/640x0\/smart\/filters:strip_icc()\/i.s3.glbimg.com\/v1\/AUTH_59edd422c0c84a879bd37670ae4f538a\/internal_photos\/bs\/2021\/M\/n\/FG1LrrTiOvEA4qUtUe1w\/criminosos-atearam-fogo-em-veiculos-para-evitar-que-policiais-cheguem-ao-local-do-ataque.jpg 640w, https:\/\/s2.glbimg.com\/hagTqPL4lYXCK31nUZJHZsCJUyE=\/0x0:750x453\/600x0\/smart\/filters:strip_icc()\/i.s3.glbimg.com\/v1\/AUTH_59edd422c0c84a879bd37670ae4f538a\/internal_photos\/bs\/2021\/M\/n\/FG1LrrTiOvEA4qUtUe1w\/criminosos-atearam-fogo-em-veiculos-para-evitar-que-policiais-cheguem-ao-local-do-ataque.jpg 600w\" alt=\"Criminosos atearam fogo em ve\u00edculos para evitar que policiais cheguem ao local do ataque \u2014 Foto: Arquivo pessoal\" \/><\/figure>\n<\/div>\n<p class=\"content-media__description \">Criminosos atearam fogo em ve\u00edculos para evitar que policiais cheguem ao local do ataque \u2014 Foto: Arquivo pessoal<\/p>\n<\/div>\n<\/div>\n<div class=\"mc-column content-text active-extra-styles\" style=\"text-align: justify;\" data-block-type=\"raw\" data-block-weight=\"3\" data-block-id=\"26\">\n<div class=\"content-intertitle\">\n<h2>Repercuss\u00e3o na web<\/h2>\n<\/div>\n<\/div>\n<div class=\"mc-column content-text active-extra-styles \" data-block-type=\"unstyled\" data-block-weight=\"20\" data-block-id=\"27\">\n<p class=\"content-text__container \" style=\"text-align: justify;\" data-track-category=\"Link no Texto\" data-track-links=\"\">Ainda durante a madrugada, o ataque ganhou repercuss\u00e3o nas redes sociais. No Twitter, internautas compartilharam imagens e relatos do crime.<\/p>\n<div class=\"mc-column content-text active-extra-styles \" style=\"text-align: justify;\" data-block-type=\"unstyled\" data-block-weight=\"24\" data-block-id=\"30\">\n<p class=\"content-text__container \" data-track-category=\"Link no Texto\" data-track-links=\"\">&#8220;Afli\u00e7\u00e3o total, meu Deus, oremos por todas essas pessoas que est\u00e3o sendo feitas de ref\u00e9ns nesse mega assalto aqui em Ara\u00e7atuba&#8221;, escreveu um internauta.<\/p>\n<\/div>\n<div class=\"mc-column content-text active-extra-styles \" style=\"text-align: justify;\" data-block-type=\"unstyled\" data-block-weight=\"24\" data-block-id=\"31\">\n<p class=\"content-text__container \" data-track-category=\"Link no Texto\" data-track-links=\"\">&#8220;Est\u00e1 acontecendo um assalto enorme. Ref\u00e9ns est\u00e3o sendo usados como escudo humano. Que loucura, parece um filme. Que Deus proteja a todos&#8221;, disse outro.<\/p>\n<\/div>\n<div class=\"row medium-uncollapsed content-media content-photo\" style=\"text-align: justify;\" data-block-type=\"backstage-photo\" data-block-id=\"32\">\n<div class=\"mc-column content-media__container\">\n<div class=\"content-media-container glb-skeleton-box\">\n<figure class=\"content-media-figure\"><img decoding=\"async\" class=\"i-amphtml-fill-content i-amphtml-replaced-content\" src=\"https:\/\/s2.glbimg.com\/0O54AOUVzp6OpuJRNUemVZOXx9c=\/0x0:900x500\/984x0\/smart\/filters:strip_icc()\/i.s3.glbimg.com\/v1\/AUTH_59edd422c0c84a879bd37670ae4f538a\/internal_photos\/bs\/2021\/k\/t\/sjnqlyREqYmPBXRcPtBA\/page.jpg\" sizes=\"(max-width: 1366px) 648px, 100vw\" srcset=\"https:\/\/s2.glbimg.com\/QxHTj1Lj_wZSiNdULUI-8rmEnNs=\/0x0:900x500\/1000x0\/smart\/filters:strip_icc()\/i.s3.glbimg.com\/v1\/AUTH_59edd422c0c84a879bd37670ae4f538a\/internal_photos\/bs\/2021\/k\/t\/sjnqlyREqYmPBXRcPtBA\/page.jpg 1000w, https:\/\/s2.glbimg.com\/0O54AOUVzp6OpuJRNUemVZOXx9c=\/0x0:900x500\/984x0\/smart\/filters:strip_icc()\/i.s3.glbimg.com\/v1\/AUTH_59edd422c0c84a879bd37670ae4f538a\/internal_photos\/bs\/2021\/k\/t\/sjnqlyREqYmPBXRcPtBA\/page.jpg 984w, https:\/\/s2.glbimg.com\/BhO4NjHn4abD5mRLROxNTDiZhDg=\/0x0:900x500\/640x0\/smart\/filters:strip_icc()\/i.s3.glbimg.com\/v1\/AUTH_59edd422c0c84a879bd37670ae4f538a\/internal_photos\/bs\/2021\/k\/t\/sjnqlyREqYmPBXRcPtBA\/page.jpg 640w, https:\/\/s2.glbimg.com\/hEFfdBa3m0x6iE-IALt6yX9O9aA=\/0x0:900x500\/600x0\/smart\/filters:strip_icc()\/i.s3.glbimg.com\/v1\/AUTH_59edd422c0c84a879bd37670ae4f538a\/internal_photos\/bs\/2021\/k\/t\/sjnqlyREqYmPBXRcPtBA\/page.jpg 600w\" alt=\"Assalto em Ara\u00e7atuba (SP) ganhou repercuss\u00e3o nas redes sociais \u2014 Foto: Reprodu\u00e7\u00e3o\/Twitter\" \/><\/figure>\n<\/div>\n<p class=\"content-media__description \">Assalto em Ara\u00e7atuba (SP) ganhou repercuss\u00e3o nas redes sociais \u2014 Foto: Reprodu\u00e7\u00e3o\/Twitter<\/p>\n<\/div>\n<\/div>\n<div class=\"mc-column content-text active-extra-styles\" style=\"text-align: justify;\" data-block-type=\"raw\" data-block-weight=\"5\" data-block-id=\"33\">\n<div class=\"content-intertitle\">\n<h2>Ataque a empresa de valores<\/h2>\n<\/div>\n<\/div>\n<div class=\"mc-column content-text active-extra-styles \" style=\"text-align: justify;\" data-block-type=\"unstyled\" data-block-weight=\"43\" data-block-id=\"34\">\n<p class=\"content-text__container \" data-track-category=\"Link no Texto\" data-track-links=\"\">Em 2017, Ara\u00e7atuba viveu momentos de terror em um\u00a0<a href=\"https:\/\/g1.globo.com\/sao-paulo\/sao-jose-do-rio-preto-aracatuba\/noticia\/policial-civil-e-morto-apos-quadrilha-explodir-predio-de-empresa-de-valores.ghtml\">mega-assalto a uma empresa de valores da cidade.<\/a>\u00a0Na \u00e9poca, cerca de 30 criminosos incendiaram ve\u00edculos para bloquear a sa\u00edda de viaturas do quartel da Pol\u00edcia Militar, que fica perto do local do roubo.<\/p>\n<\/div>\n<div class=\"mc-column content-text active-extra-styles \" style=\"text-align: justify;\" data-block-type=\"unstyled\" data-block-weight=\"37\" data-block-id=\"35\">\n<p class=\"content-text__container \" data-track-category=\"Link no Texto\" data-track-links=\"\">Os suspeitos tamb\u00e9m atiraram contra a entrada do quartel para impedir a sa\u00edda dos policiais, e houve troca de tiros. Na sequ\u00eancia, outro grupo foi at\u00e9 a empresa de valores e usou dinamite para explodir o pr\u00e9dio.<\/p>\n<\/div>\n<div class=\"row medium-uncollapsed content-media content-photo\" data-block-type=\"backstage-photo\" data-block-id=\"36\">\n<div class=\"mc-column content-media__container\">\n<div class=\"content-media-container glb-skeleton-box\" style=\"text-align: justify;\">\n<figure class=\"content-media-figure\"><img decoding=\"async\" class=\"i-amphtml-fill-content i-amphtml-replaced-content\" src=\"https:\/\/s2.glbimg.com\/1rSoZ2e3_JhI9dpE_sAc9jaIVdc=\/0x0:1196x671\/984x0\/smart\/filters:strip_icc()\/i.s3.glbimg.com\/v1\/AUTH_59edd422c0c84a879bd37670ae4f538a\/internal_photos\/bs\/2017\/b\/F\/kzU0Q8Q5edSYO1W4q5wA\/destrocos-empresa.png\" sizes=\"(max-width: 1366px) 648px, 100vw\" srcset=\"https:\/\/s2.glbimg.com\/s2aFkhtyms2LiJNBcCI8KtGsqtk=\/0x0:1196x671\/1000x0\/smart\/filters:strip_icc()\/i.s3.glbimg.com\/v1\/AUTH_59edd422c0c84a879bd37670ae4f538a\/internal_photos\/bs\/2017\/b\/F\/kzU0Q8Q5edSYO1W4q5wA\/destrocos-empresa.png 1000w, https:\/\/s2.glbimg.com\/1rSoZ2e3_JhI9dpE_sAc9jaIVdc=\/0x0:1196x671\/984x0\/smart\/filters:strip_icc()\/i.s3.glbimg.com\/v1\/AUTH_59edd422c0c84a879bd37670ae4f538a\/internal_photos\/bs\/2017\/b\/F\/kzU0Q8Q5edSYO1W4q5wA\/destrocos-empresa.png 984w, https:\/\/s2.glbimg.com\/pE2bx_RHVLFwqxTsnDYT-2LWjc4=\/0x0:1196x671\/640x0\/smart\/filters:strip_icc()\/i.s3.glbimg.com\/v1\/AUTH_59edd422c0c84a879bd37670ae4f538a\/internal_photos\/bs\/2017\/b\/F\/kzU0Q8Q5edSYO1W4q5wA\/destrocos-empresa.png 640w, https:\/\/s2.glbimg.com\/gTh1Sgiijspcch47N85JUCJg11A=\/0x0:1196x671\/600x0\/smart\/filters:strip_icc()\/i.s3.glbimg.com\/v1\/AUTH_59edd422c0c84a879bd37670ae4f538a\/internal_photos\/bs\/2017\/b\/F\/kzU0Q8Q5edSYO1W4q5wA\/destrocos-empresa.png 600w\" alt=\"Empresa de valores de Ara\u00e7atuba ficou destru\u00edda \u2014 Foto: Reprodu\u00e7\u00e3o\/TV TEM\/Arquivo\" \/><\/figure>\n<\/div>\n<p class=\"content-media__description \" style=\"text-align: justify;\">Empresa de valores de Ara\u00e7atuba ficou destru\u00edda \u2014 Foto: Reprodu\u00e7\u00e3o\/TV TEM\/Arquivo<\/p>\n<div class=\"mc-column content-text active-extra-styles \" style=\"text-align: justify;\" data-block-type=\"unstyled\" data-block-weight=\"42\" data-block-id=\"38\">\n<p class=\"content-text__container \" data-track-category=\"Link no Texto\" data-track-links=\"\">O policial civil Andr\u00e9 Lu\u00eds Ferro da Silva, do Grupo de Opera\u00e7\u00f5es Especiais (GOE), estava de folga no dia e foi baleado durante a a\u00e7\u00e3o e morreu. Al\u00e9m do policial, duas mulheres ficaram feridas durante a a\u00e7\u00e3o atingidas por estilha\u00e7os de balas.<\/p>\n<\/div>\n<div class=\"mc-column content-text active-extra-styles \" style=\"text-align: justify;\" data-block-type=\"unstyled\" data-block-weight=\"41\" data-block-id=\"39\">\n<p class=\"content-text__container \" data-track-category=\"Link no Texto\" data-track-links=\"\">Os criminosos tamb\u00e9m usaram um caminh\u00e3o canavieiro para bloquear a pista da Rodovia Marechal Rondon, no sentido Birigui (SP) a Ara\u00e7atuba. O grupo rendeu o motorista e deixou o ve\u00edculo atravessado na pista, depois o incendiaram, impedindo a chegada da pol\u00edcia.<\/p>\n<\/div>\n<div class=\"mc-column content-text active-extra-styles \" style=\"text-align: justify;\" data-block-type=\"unstyled\" data-block-weight=\"34\" data-block-id=\"40\">\n<p class=\"content-text__container \" data-track-category=\"Link no Texto\" data-track-links=\"\">O Minist\u00e9rio P\u00fablico denunciou em 27 de agosto de 2018 um total de 18 pessoas, sendo que 15 por latroc\u00ednio consumado, latroc\u00ednios tentados, inc\u00eandio e explos\u00e3o. Outros tr\u00eas, al\u00e9m desses crimes, por associa\u00e7\u00e3o criminosa.<\/p>\n<\/div>\n<div class=\"mc-column content-text active-extra-styles\" style=\"text-align: justify;\" data-block-type=\"raw\" data-block-weight=\"3\" data-block-id=\"41\">\n<div class=\"content-intertitle\">\n<h2>Terror em Botucatu<\/h2>\n<\/div>\n<\/div>\n<div class=\"row medium-uncollapsed content-media content-photo\" style=\"text-align: justify;\" data-block-type=\"backstage-photo\" data-block-id=\"42\">\n<div class=\"mc-column content-media__container\">\n<div class=\"content-media-container glb-skeleton-box\">\n<figure class=\"content-media-figure\"><img decoding=\"async\" class=\"i-amphtml-fill-content i-amphtml-replaced-content\" src=\"https:\/\/s2.glbimg.com\/NloZWpi78pgHP7rpF9OQvGs3YFM=\/0x0:1615x1107\/984x0\/smart\/filters:strip_icc()\/i.s3.glbimg.com\/v1\/AUTH_59edd422c0c84a879bd37670ae4f538a\/internal_photos\/bs\/2020\/Q\/5\/xb6kaaR7mqBzf4WgPuSg\/bo.jpg\" sizes=\"(max-width: 1366px) 648px, 100vw\" srcset=\"https:\/\/s2.glbimg.com\/WzVKPYyl3Z9o-QIntO9taDCizH4=\/0x0:1615x1107\/1000x0\/smart\/filters:strip_icc()\/i.s3.glbimg.com\/v1\/AUTH_59edd422c0c84a879bd37670ae4f538a\/internal_photos\/bs\/2020\/Q\/5\/xb6kaaR7mqBzf4WgPuSg\/bo.jpg 1000w, https:\/\/s2.glbimg.com\/NloZWpi78pgHP7rpF9OQvGs3YFM=\/0x0:1615x1107\/984x0\/smart\/filters:strip_icc()\/i.s3.glbimg.com\/v1\/AUTH_59edd422c0c84a879bd37670ae4f538a\/internal_photos\/bs\/2020\/Q\/5\/xb6kaaR7mqBzf4WgPuSg\/bo.jpg 984w, https:\/\/s2.glbimg.com\/1xY6YzyMRlYex3DhdUON62B7ItM=\/0x0:1615x1107\/640x0\/smart\/filters:strip_icc()\/i.s3.glbimg.com\/v1\/AUTH_59edd422c0c84a879bd37670ae4f538a\/internal_photos\/bs\/2020\/Q\/5\/xb6kaaR7mqBzf4WgPuSg\/bo.jpg 640w, https:\/\/s2.glbimg.com\/dFe-sMiFBlGhtHRuCDGBtmWwfjc=\/0x0:1615x1107\/600x0\/smart\/filters:strip_icc()\/i.s3.glbimg.com\/v1\/AUTH_59edd422c0c84a879bd37670ae4f538a\/internal_photos\/bs\/2020\/Q\/5\/xb6kaaR7mqBzf4WgPuSg\/bo.jpg 600w\" alt=\"Bandidos atacam ag\u00eancias banc\u00e1rias em Botucatu \u2014 Foto: Reprodu\u00e7\u00e3o\" \/><\/figure>\n<\/div>\n<p class=\"content-media__description \">Bandidos atacam ag\u00eancias banc\u00e1rias em Botucatu \u2014 Foto: Reprodu\u00e7\u00e3o<\/p>\n<\/div>\n<\/div>\n<div class=\"mc-column content-text active-extra-styles \" style=\"text-align: justify;\" data-block-type=\"unstyled\" data-block-weight=\"30\" data-block-id=\"43\">\n<p class=\"content-text__container \" data-track-category=\"Link no Texto\" data-track-links=\"\">Um\u00a0<a href=\"https:\/\/g1.globo.com\/sp\/bauru-marilia\/noticia\/2020\/07\/30\/terror-em-botucatu-bandidos-atacam-agencias-bancarias-e-trocam-tiros-com-a-pm.ghtml\">ataque parecido foi registrado em Botucatu (SP), em julho do ano passado.<\/a>\u00a0Pelo menos 40 criminosos mascarados, fortemente armados e com coletes \u00e0 prova de balas, participaram do crime.<\/p>\n<\/div>\n<div class=\"mc-column content-text active-extra-styles \" style=\"text-align: justify;\" data-block-type=\"unstyled\" data-block-weight=\"19\" data-block-id=\"44\">\n<p class=\"content-text__container \" data-track-category=\"Link no Texto\" data-track-links=\"\">Os bandidos armados atacaram ag\u00eancias banc\u00e1rias da cidade e policiais ficaram feridos na troca de tiros com os criminosos.<\/p>\n<\/div>\n<div class=\"mc-column content-text active-extra-styles \" data-block-type=\"unstyled\" data-block-weight=\"17\" data-block-id=\"45\">\n<p class=\"content-text__container \" style=\"text-align: justify;\" data-track-category=\"Link no Texto\" data-track-links=\"\">Segundo a pol\u00edcia, ap\u00f3s o crime, os bandidos fizeram moradores ref\u00e9ns e os usaram como &#8220;escudo humano&#8221;.<\/p>\n<p style=\"text-align: justify;\" data-track-category=\"Link no Texto\" data-track-links=\"\">Fonte: https:\/\/g1.globo.com\/sp\/sao-jose-do-rio-preto-aracatuba\/noticia\/2021\/08\/30\/quadrilha-ataca-agencia-bancaria-e-faz-moradores-refens-no-interior-de-sp.ghtml<\/p>\n<\/div>\n<\/div>\n<\/div>\n<\/div>\n<\/div>\n<\/div>\n<\/div>\n<\/div>\n<\/div>\n<\/div>\n","protected":false},"excerpt":{"rendered":"<p>Criminosos fortemente armados abordaram pedestres e motoristas na madrugada desta segunda-feira (30). PM isolou ruas e orienta que os moradores n\u00e3o saiam de casa at\u00e9 que a situa\u00e7\u00e3o esteja controlada, pois h\u00e1 explosivos espalhados pela cidade. Criminosos fortemente armados atacaram\u00a0tr\u00eas ag\u00eancias banc\u00e1rias no Centro de Ara\u00e7atuba\u00a0(SP), no in\u00edcio da madrugada desta segunda-feira (30).\u00a0Pelo menos tr\u00eas [&hellip;]<\/p>\n","protected":false},"author":1,"featured_media":53059,"comment_status":"closed","ping_status":"open","sticky":false,"template":"","format":"standard","meta":{"footnotes":""},"categories":[110,2],"tags":[],"class_list":["post-53057","post","type-post","status-publish","format-standard","has-post-thumbnail","hentry","category-noticiasdestaque","category-policial"],"_links":{"self":[{"href":"https:\/\/jorgezanoni.com.br\/2019\/wp-json\/wp\/v2\/posts\/53057","targetHints":{"allow":["GET"]}}],"collection":[{"href":"https:\/\/jorgezanoni.com.br\/2019\/wp-json\/wp\/v2\/posts"}],"about":[{"href":"https:\/\/jorgezanoni.com.br\/2019\/wp-json\/wp\/v2\/types\/post"}],"author":[{"embeddable":true,"href":"https:\/\/jorgezanoni.com.br\/2019\/wp-json\/wp\/v2\/users\/1"}],"replies":[{"embeddable":true,"href":"https:\/\/jorgezanoni.com.br\/2019\/wp-json\/wp\/v2\/comments?post=53057"}],"version-history":[{"count":0,"href":"https:\/\/jorgezanoni.com.br\/2019\/wp-json\/wp\/v2\/posts\/53057\/revisions"}],"wp:featuredmedia":[{"embeddable":true,"href":"https:\/\/jorgezanoni.com.br\/2019\/wp-json\/wp\/v2\/media\/53059"}],"wp:attachment":[{"href":"https:\/\/jorgezanoni.com.br\/2019\/wp-json\/wp\/v2\/media?parent=53057"}],"wp:term":[{"taxonomy":"category","embeddable":true,"href":"https:\/\/jorgezanoni.com.br\/2019\/wp-json\/wp\/v2\/categories?post=53057"},{"taxonomy":"post_tag","embeddable":true,"href":"https:\/\/jorgezanoni.com.br\/2019\/wp-json\/wp\/v2\/tags?post=53057"}],"curies":[{"name":"wp","href":"https:\/\/api.w.org\/{rel}","templated":true}]}}