{"id":5304,"date":"2019-09-04T23:14:04","date_gmt":"2019-09-04T23:14:04","guid":{"rendered":"https:\/\/jorgezanoni.com.br\/2019\/?p=5304"},"modified":"2019-09-04T23:14:04","modified_gmt":"2019-09-04T23:14:04","slug":"apos-denuncia-policia-militar-localiza-drogas-e-prende-homem-em-dracena-por-trafico","status":"publish","type":"post","link":"https:\/\/jorgezanoni.com.br\/2019\/apos-denuncia-policia-militar-localiza-drogas-e-prende-homem-em-dracena-por-trafico\/","title":{"rendered":"Ap\u00f3s denuncia, Pol\u00edcia Militar localiza Drogas e prende homem em Dracena por Tr\u00e1fico"},"content":{"rendered":"<p style=\"text-align: justify;\">Na noite desta ter\u00e7a-feira (03), por volta das 18h41min, os Policiais Militares de Dracena receberam uma den\u00fancia via COPOM, dizendo sobre uma resid\u00eancia, onde o morador estaria cultivado um p\u00e9 de maconha. Com a informa\u00e7\u00e3o foi feito diligencias e na resid\u00eancia foi localizado o adolescente L.Z.B. de<span class=\"text_exposed_show\">\u00a014 anos e o morador C.D.B.A. de 19 anos. No quintal foi localizado um tanque de cimento que tinha 04 p\u00e9s pequeno de maconha plantado. Com apoio do canil, foram localizados mais 09 (nove) por\u00e7\u00f5es de maconha, 17 (dezessete) sementes de maconha e mais um cigarro da mesma droga. Diante do fato foi dada voz de pris\u00e3o ao autor C.D.B.A., que foi conduzido \u00e0 delegacia onde permaneceu preso. Menor ap\u00f3s ser ouvido foi liberado para responder em liberdade.<\/span><span class=\"text_exposed_show\"><a class=\"_58cn\" href=\"https:\/\/www.facebook.com\/hashtag\/25bpmi?epa=HASHTAG\" data-ft=\"{&quot;type&quot;:104,&quot;tn&quot;:&quot;*N&quot;}\">#<\/a><\/span><\/p>\n<p style=\"text-align: justify;\"><span class=\"text_exposed_show\"><a class=\"_58cn\" href=\"https:\/\/www.facebook.com\/hashtag\/25bpmi?epa=HASHTAG\" data-ft=\"{&quot;type&quot;:104,&quot;tn&quot;:&quot;*N&quot;}\">25BPMI<\/a><br \/>\n<a class=\"_58cn\" href=\"https:\/\/www.facebook.com\/hashtag\/policiamilitarsp?epa=HASHTAG\" data-ft=\"{&quot;type&quot;:104,&quot;tn&quot;:&quot;*N&quot;}\">#POLICIAMILITARSP<\/a><br \/>\n<a class=\"_58cn\" href=\"https:\/\/www.facebook.com\/hashtag\/afor%C3%A7ap%C3%BAblicades%C3%A3opaulo?epa=HASHTAG\" data-ft=\"{&quot;type&quot;:104,&quot;tn&quot;:&quot;*N&quot;}\">#AFOR\u00c7AP\u00daBLICADES\u00c3OPAULO<\/a><br \/>\nFonte: COMUNICA\u00c7\u00c3O SOCIAL DO 25\u00ba BPM\/I &#8211; Dracena e regi\u00e3o.<\/span><\/p>\n","protected":false},"excerpt":{"rendered":"<p>Na noite desta ter\u00e7a-feira (03), por volta das 18h41min, os Policiais Militares de Dracena receberam uma den\u00fancia via COPOM, dizendo sobre uma resid\u00eancia, onde o morador estaria cultivado um p\u00e9 de maconha. Com a informa\u00e7\u00e3o foi feito diligencias e na resid\u00eancia foi localizado o adolescente L.Z.B. de\u00a014 anos e o morador C.D.B.A. de 19 anos. [&hellip;]<\/p>\n","protected":false},"author":1,"featured_media":0,"comment_status":"closed","ping_status":"open","sticky":false,"template":"","format":"standard","meta":{"footnotes":""},"categories":[2],"tags":[],"class_list":["post-5304","post","type-post","status-publish","format-standard","hentry","category-policial"],"_links":{"self":[{"href":"https:\/\/jorgezanoni.com.br\/2019\/wp-json\/wp\/v2\/posts\/5304","targetHints":{"allow":["GET"]}}],"collection":[{"href":"https:\/\/jorgezanoni.com.br\/2019\/wp-json\/wp\/v2\/posts"}],"about":[{"href":"https:\/\/jorgezanoni.com.br\/2019\/wp-json\/wp\/v2\/types\/post"}],"author":[{"embeddable":true,"href":"https:\/\/jorgezanoni.com.br\/2019\/wp-json\/wp\/v2\/users\/1"}],"replies":[{"embeddable":true,"href":"https:\/\/jorgezanoni.com.br\/2019\/wp-json\/wp\/v2\/comments?post=5304"}],"version-history":[{"count":0,"href":"https:\/\/jorgezanoni.com.br\/2019\/wp-json\/wp\/v2\/posts\/5304\/revisions"}],"wp:attachment":[{"href":"https:\/\/jorgezanoni.com.br\/2019\/wp-json\/wp\/v2\/media?parent=5304"}],"wp:term":[{"taxonomy":"category","embeddable":true,"href":"https:\/\/jorgezanoni.com.br\/2019\/wp-json\/wp\/v2\/categories?post=5304"},{"taxonomy":"post_tag","embeddable":true,"href":"https:\/\/jorgezanoni.com.br\/2019\/wp-json\/wp\/v2\/tags?post=5304"}],"curies":[{"name":"wp","href":"https:\/\/api.w.org\/{rel}","templated":true}]}}