{"id":53007,"date":"2021-08-28T19:18:26","date_gmt":"2021-08-28T19:18:26","guid":{"rendered":"https:\/\/jorgezanoni.com.br\/2019\/?p=53007"},"modified":"2021-08-28T19:18:26","modified_gmt":"2021-08-28T19:18:26","slug":"moradora-reclama-de-coleta-de-lixo","status":"publish","type":"post","link":"https:\/\/jorgezanoni.com.br\/2019\/moradora-reclama-de-coleta-de-lixo\/","title":{"rendered":"Moradora reclama de coleta de lixo"},"content":{"rendered":"<p style=\"text-align: justify;\">Moradora da Rua Euclides da Cunha reclama que caminh\u00e3o passou, pegou todos os lixos e esse monte da foto ficou. Veja o que ela diz.<\/p>\n<p style=\"text-align: justify;\">&#8220;Aqui na rua euclides da cunha 1424 na vila Luc\u00e9lia os funcion\u00e1rios passa do lado do lixo e n\u00e3o inchergaram para pegar ta aqui cachorros rasgando sacos eu estou dez das 9 horas da manha at\u00e9 agora falando com vereadores ate com o vice prefeito falei e o lixo continua aqui pode postar e dizer que s\u00e3o minhas palavras&#8221;.<\/p>\n<p><img loading=\"lazy\" decoding=\"async\" class=\"alignnone size-full wp-image-53008\" src=\"https:\/\/jorgezanoni.com.br\/2019\/wp-content\/uploads\/2021\/08\/lixo-2.jpg\" alt=\"\" width=\"588\" height=\"557\" srcset=\"https:\/\/jorgezanoni.com.br\/2019\/wp-content\/uploads\/2021\/08\/lixo-2.jpg 588w, https:\/\/jorgezanoni.com.br\/2019\/wp-content\/uploads\/2021\/08\/lixo-2-300x284.jpg 300w, https:\/\/jorgezanoni.com.br\/2019\/wp-content\/uploads\/2021\/08\/lixo-2-443x420.jpg 443w\" sizes=\"auto, (max-width: 588px) 100vw, 588px\" \/><\/p>\n<p style=\"text-align: justify;\">Jorge Zanoni<\/p>\n<p style=\"text-align: justify;\">Fotos de Internauta<\/p>\n","protected":false},"excerpt":{"rendered":"<p>Moradora da Rua Euclides da Cunha reclama que caminh\u00e3o passou, pegou todos os lixos e esse monte da foto ficou. Veja o que ela diz. &#8220;Aqui na rua euclides da cunha 1424 na vila Luc\u00e9lia os funcion\u00e1rios passa do lado do lixo e n\u00e3o inchergaram para pegar ta aqui cachorros rasgando sacos eu estou dez [&hellip;]<\/p>\n","protected":false},"author":1,"featured_media":53009,"comment_status":"closed","ping_status":"open","sticky":false,"template":"","format":"standard","meta":{"footnotes":""},"categories":[179,184,110],"tags":[],"class_list":["post-53007","post","type-post","status-publish","format-standard","has-post-thumbnail","hentry","category-cidadeseregiao","category-dracena","category-noticiasdestaque"],"_links":{"self":[{"href":"https:\/\/jorgezanoni.com.br\/2019\/wp-json\/wp\/v2\/posts\/53007","targetHints":{"allow":["GET"]}}],"collection":[{"href":"https:\/\/jorgezanoni.com.br\/2019\/wp-json\/wp\/v2\/posts"}],"about":[{"href":"https:\/\/jorgezanoni.com.br\/2019\/wp-json\/wp\/v2\/types\/post"}],"author":[{"embeddable":true,"href":"https:\/\/jorgezanoni.com.br\/2019\/wp-json\/wp\/v2\/users\/1"}],"replies":[{"embeddable":true,"href":"https:\/\/jorgezanoni.com.br\/2019\/wp-json\/wp\/v2\/comments?post=53007"}],"version-history":[{"count":0,"href":"https:\/\/jorgezanoni.com.br\/2019\/wp-json\/wp\/v2\/posts\/53007\/revisions"}],"wp:featuredmedia":[{"embeddable":true,"href":"https:\/\/jorgezanoni.com.br\/2019\/wp-json\/wp\/v2\/media\/53009"}],"wp:attachment":[{"href":"https:\/\/jorgezanoni.com.br\/2019\/wp-json\/wp\/v2\/media?parent=53007"}],"wp:term":[{"taxonomy":"category","embeddable":true,"href":"https:\/\/jorgezanoni.com.br\/2019\/wp-json\/wp\/v2\/categories?post=53007"},{"taxonomy":"post_tag","embeddable":true,"href":"https:\/\/jorgezanoni.com.br\/2019\/wp-json\/wp\/v2\/tags?post=53007"}],"curies":[{"name":"wp","href":"https:\/\/api.w.org\/{rel}","templated":true}]}}