{"id":53004,"date":"2021-08-28T18:30:23","date_gmt":"2021-08-28T18:30:23","guid":{"rendered":"https:\/\/jorgezanoni.com.br\/2019\/?p=53004"},"modified":"2021-08-28T18:30:23","modified_gmt":"2021-08-28T18:30:23","slug":"emdaep-anuncia-a-reforma-do-reservatorio-do-bairro-sao-francisco","status":"publish","type":"post","link":"https:\/\/jorgezanoni.com.br\/2019\/emdaep-anuncia-a-reforma-do-reservatorio-do-bairro-sao-francisco\/","title":{"rendered":"EMDAEP anuncia a reforma do reservat\u00f3rio do Bairro S\u00e3o Francisco"},"content":{"rendered":"<p style=\"text-align: justify;\">Come\u00e7ou a reforma para posterior pintura do reservat\u00f3rio do Bairro S\u00e3o Francisco. Os servi\u00e7os de solda est\u00e3o sendo adiantados neste final de semana, com conclus\u00e3o da recupera\u00e7\u00e3o interna at\u00e9 quarta-feira. O reservat\u00f3rio receber\u00e1 pintura completa e o adesivo da nova identidade visual da EMDAEP.<br \/>\nA empresa municipal comunica aos moradores do Bairro S\u00e3o Francisco e setores pr\u00f3ximos que poder\u00e1 faltar \u00e1gua entre segunda e quarta-feira por causa dos servi\u00e7os. O local conta com outro reservat\u00f3rio. A popula\u00e7\u00e3o dever\u00e1 economizar \u00e1gua o per\u00edodo.<br \/>\nNa semana que passou ocorreu a pintura do reservat\u00f3rio mais antigo da Rua Spinardi, no Jardim Vera Cruz.<\/p>\n<p style=\"text-align: justify;\">Ass. Rela\u00e7\u00f5es P\u00fablicas da EMDAEP<\/p>\n","protected":false},"excerpt":{"rendered":"<p>Come\u00e7ou a reforma para posterior pintura do reservat\u00f3rio do Bairro S\u00e3o Francisco. Os servi\u00e7os de solda est\u00e3o sendo adiantados neste final de semana, com conclus\u00e3o da recupera\u00e7\u00e3o interna at\u00e9 quarta-feira. O reservat\u00f3rio receber\u00e1 pintura completa e o adesivo da nova identidade visual da EMDAEP. A empresa municipal comunica aos moradores do Bairro S\u00e3o Francisco e [&hellip;]<\/p>\n","protected":false},"author":1,"featured_media":53005,"comment_status":"closed","ping_status":"open","sticky":false,"template":"","format":"standard","meta":{"footnotes":""},"categories":[179,184,110],"tags":[],"class_list":["post-53004","post","type-post","status-publish","format-standard","has-post-thumbnail","hentry","category-cidadeseregiao","category-dracena","category-noticiasdestaque"],"_links":{"self":[{"href":"https:\/\/jorgezanoni.com.br\/2019\/wp-json\/wp\/v2\/posts\/53004","targetHints":{"allow":["GET"]}}],"collection":[{"href":"https:\/\/jorgezanoni.com.br\/2019\/wp-json\/wp\/v2\/posts"}],"about":[{"href":"https:\/\/jorgezanoni.com.br\/2019\/wp-json\/wp\/v2\/types\/post"}],"author":[{"embeddable":true,"href":"https:\/\/jorgezanoni.com.br\/2019\/wp-json\/wp\/v2\/users\/1"}],"replies":[{"embeddable":true,"href":"https:\/\/jorgezanoni.com.br\/2019\/wp-json\/wp\/v2\/comments?post=53004"}],"version-history":[{"count":0,"href":"https:\/\/jorgezanoni.com.br\/2019\/wp-json\/wp\/v2\/posts\/53004\/revisions"}],"wp:featuredmedia":[{"embeddable":true,"href":"https:\/\/jorgezanoni.com.br\/2019\/wp-json\/wp\/v2\/media\/53005"}],"wp:attachment":[{"href":"https:\/\/jorgezanoni.com.br\/2019\/wp-json\/wp\/v2\/media?parent=53004"}],"wp:term":[{"taxonomy":"category","embeddable":true,"href":"https:\/\/jorgezanoni.com.br\/2019\/wp-json\/wp\/v2\/categories?post=53004"},{"taxonomy":"post_tag","embeddable":true,"href":"https:\/\/jorgezanoni.com.br\/2019\/wp-json\/wp\/v2\/tags?post=53004"}],"curies":[{"name":"wp","href":"https:\/\/api.w.org\/{rel}","templated":true}]}}