{"id":5300,"date":"2019-09-04T18:45:24","date_gmt":"2019-09-04T18:45:24","guid":{"rendered":"https:\/\/jorgezanoni.com.br\/2019\/?p=5300"},"modified":"2019-09-04T18:45:24","modified_gmt":"2019-09-04T18:45:24","slug":"medica-clinica-e-infectologista-traz-informacoes-sobre-o-sarampo","status":"publish","type":"post","link":"https:\/\/jorgezanoni.com.br\/2019\/medica-clinica-e-infectologista-traz-informacoes-sobre-o-sarampo\/","title":{"rendered":"M\u00e9dica Cl\u00ednica e Infectologista traz informa\u00e7\u00f5es sobre o Sarampo"},"content":{"rendered":"<p style=\"text-align: justify;\">O que \u00e9 sarampo?<br \/>\nSarampo \u00e9 uma doen\u00e7a infecciosa grave, causada por um v\u00edrus, que pode ser fatal. Sua transmiss\u00e3o ocorre quando o doente tosse, fala, espirra ou respira pr\u00f3ximo de outras pessoas. A \u00fanica maneira de evitar o sarampo \u00e9 pela vacina.<\/p>\n<p style=\"text-align: justify;\">Quais s\u00e3o os sintomas do sarampo?<br \/>\nOs principais sintomas do sarampo s\u00e3o:<\/p>\n<p>-febre acompanhada de tosse;<br \/>\n-irrita\u00e7\u00e3o nos olhos;<br \/>\n-nariz escorrendo ou entupido;<br \/>\n-mal-estar intenso;<\/p>\n<p>Em torno de 3 a 5 dias, podem aparecer outros sinais e sintomas, como manchas vermelhas no rosto e atr\u00e1s das orelhas que, em seguida, se espalham pelo corpo. Ap\u00f3s o aparecimento das manchas, a persist\u00eancia da febre \u00e9 um sinal de alerta e pode indicar gravidade, principalmente em crian\u00e7as menores de 5 anos de idade.<br \/>\nComo prevenir o sarampo?<br \/>\nO sarampo \u00e9 uma doen\u00e7a preven\u00edvel por vacina\u00e7\u00e3o. Os crit\u00e9rios de indica\u00e7\u00e3o da vacina s\u00e3o revisados periodicamente pelo Minist\u00e9rio da Sa\u00fade e levam em conta: caracter\u00edsticas cl\u00ednicas da doen\u00e7a, idade, ter adoecido por sarampo durante a vida, ocorr\u00eancia de surtos, al\u00e9m de outros aspectos epidemiol\u00f3gicos.<\/p>\n<p style=\"text-align: justify;\">Quem deve se vacinar contra o sarampo?<br \/>\nDose zero: Devido ao aumento de casos de sarampo em alguns estados, todas as crian\u00e7as de 6 meses a menores de 1 ano devem ser vacinadas (dose extra).<br \/>\nPrimeira dose: Crian\u00e7as que completarem 12 meses (1 ano).<br \/>\nSegunda dose: Aos 15 meses de idade, \u00faltima dose por toda a vida.<\/p>\n<p>Adulto deve se vacinar contra o sarampo?<br \/>\nTomou apenas uma dose at\u00e9 os 29 anos de idade:<br \/>\nSe voc\u00ea tem entre 1 e 29 anos e recebeu apenas uma dose, recomenda-se completar o esquema vacinal com a segunda dose da vacina;<br \/>\nQuem comprova as duas doses da vacina do sarampo, n\u00e3o precisa se vacinar novamente.<br \/>\nN\u00e3o tomou nenhuma dose, perdeu o cart\u00e3o ou n\u00e3o se lembra?<br \/>\nDe 1 a 29 anos &#8211; S\u00e3o necess\u00e1rias duas doses;<br \/>\nDe 30 a 49 anos &#8211; Apenas uma dose.<\/p>\n<p>Gr\u00e1vidas podem tomar a vacina contra o sarampo?<br \/>\nA vacina \u00e9 contraindicada durante a gesta\u00e7\u00e3o pois s\u00e3o produzidas com o v\u00edrus do sarampo vivo, apesar de atenuado. A gesta\u00e7\u00e3o tende a diminuir a imunidade da mulher, o que deixa o sistema imunol\u00f3gico mais vulner\u00e1vel e, por isso, a vacina pode desenvolver a doen\u00e7a ou complica\u00e7\u00f5es.<br \/>\nO recomendado pelo Minist\u00e9rio da Sa\u00fade \u00e9 que a mulher que fa\u00e7a planos de engravidar tome todas as doses da vacina antes, podendo esta ser a tr\u00edplice ou a tetra viral, e mantenha toda a rotina prevista no Calend\u00e1rio Nacional de Vacina\u00e7\u00e3o atualizada, para se proteger e proteger o beb\u00ea.<\/p>\n<p>Quais s\u00e3o as vacinas que protegem do sarampo?<br \/>\nA profilaxia (preven\u00e7\u00e3o) do sarampo est\u00e1 dispon\u00edvel em apresenta\u00e7\u00f5es diferentes. Todas previnem o sarampo e cabe ao profissional de sa\u00fade aplicar a vacina adequada para cada pessoa, de acordo com a idade ou situa\u00e7\u00e3o epidemiol\u00f3gica.<\/p>\n<p>Os tipos de vacinas s\u00e3o:<br \/>\nDupla viral &#8211; Protege do v\u00edrus do sarampo e da rub\u00e9ola. Pode ser utilizada para o bloqueio vacinal em situa\u00e7\u00e3o de surto;<br \/>\nTr\u00edplice viral &#8211; Protege do v\u00edrus do sarampo, caxumba e rub\u00e9ola;<br \/>\nTetra viral &#8211; Protege do v\u00edrus do sarampo, caxumba, rub\u00e9ola e varicela (catapora).<\/p>\n<p>Onde devo tomar a vacina?<br \/>\nAs vacinas s\u00e3o ofertadas em unidades p\u00fablicas e privadas de vacina\u00e7\u00e3o. No SUS, as vacinas s\u00e3o gratuitas, seguras e est\u00e3o dispon\u00edveis nas mais de 36 mil salas de vacina\u00e7\u00e3o em postos de sa\u00fade em todo o Brasil.<br \/>\nO que causa o sarampo?<br \/>\nA transmiss\u00e3o do v\u00edrus ocorre de pessoa a pessoa, por via a\u00e9rea, ao tossir, espirrar, falar ou respirar. O sarampo \u00e9 t\u00e3o contagioso que uma pessoa infectada pode transmitir para 90% das pessoas pr\u00f3ximas que n\u00e3o estejam imunes.<\/p>\n<p style=\"text-align: justify;\">A transmiss\u00e3o pode ocorrer entre 4 dias antes e 4 dias ap\u00f3s o aparecimento das manchas vermelhas pelo corpo.<\/p>\n<p style=\"text-align: justify;\">Quais as complica\u00e7\u00f5es do sarampo?<br \/>\nO sarampo \u00e9 uma doen\u00e7a grave que pode deixar sequelas por toda a vida ou causar o \u00f3bito. A vacina \u00e9 a \u00fanica maneira de evitar que isso aconte\u00e7a. Algumas das complica\u00e7\u00f5es podem ocorrer em determinadas fases da vida:<\/p>\n<p style=\"text-align: justify;\">Crian\u00e7as<br \/>\nPneumonia &#8211; Cerca de 1 em cada 20 crian\u00e7as com sarampo pode desenvolver pneumonia, causa mais comum de morte por sarampo em crian\u00e7as pequenas;<br \/>\nOtite m\u00e9dia aguda (infec\u00e7\u00f5es de ouvido) &#8211; Ocorre em cerca de 1 em 10 crian\u00e7as com sarampo e pode resultar em perda auditiva permanente;<br \/>\nEncefalite aguda &#8211; 1 em cada 1.000 crian\u00e7as podem desenvolver essa complica\u00e7\u00e3o e 10% destas podem morrer;<br \/>\nMorte &#8211; 1 a 3 a cada 1.000 crian\u00e7as doentes podem morrer em decorr\u00eancia de complica\u00e7\u00f5es da doen\u00e7a.<\/p>\n<p>Adultos<br \/>\nPneumonia.<br \/>\nGestantes:<br \/>\nMulher em idade f\u00e9rtil (10 a 49 anos) n\u00e3o vacinada antes da gravidez pode apresentar parto prematuro e o beb\u00ea pode nascer com baixo peso;<br \/>\n\u00c9 importante se vacinar antes da gesta\u00e7\u00e3o, pois a vacina \u00e9 contraindicada durante a gesta\u00e7\u00e3o.<\/p>\n<p>Como \u00e9 o tratamento do sarampo?<br \/>\nN\u00e3o existe tratamento espec\u00edfico para o sarampo. Os medicamentos s\u00e3o utilizados para reduzir o desconforto ocasionado pelos sintomas da doen\u00e7a.<\/p>\n<p style=\"text-align: justify;\">N\u00e3o fa\u00e7a uso de nenhum medicamento sem orienta\u00e7\u00e3o m\u00e9dica e procure o servi\u00e7o de sa\u00fade mais pr\u00f3ximo, caso apresente os sintomas descritos acima.<\/p>\n<p style=\"text-align: justify;\">SERVI\u00c7O: Dra. Germana Fernanda Souza &#8211; Cl\u00ednica e Infectologia,\u00a0atende na na avenida Presidente Vargas, 1322 em Dracena.<\/p>\n<p style=\"text-align: justify;\">Fones: 3822 6277e 99769 5359.<\/p>\n<p>&nbsp;<\/p>\n","protected":false},"excerpt":{"rendered":"<p>O que \u00e9 sarampo? Sarampo \u00e9 uma doen\u00e7a infecciosa grave, causada por um v\u00edrus, que pode ser fatal. Sua transmiss\u00e3o ocorre quando o doente tosse, fala, espirra ou respira pr\u00f3ximo de outras pessoas. A \u00fanica maneira de evitar o sarampo \u00e9 pela vacina. Quais s\u00e3o os sintomas do sarampo? Os principais sintomas do sarampo s\u00e3o: [&hellip;]<\/p>\n","protected":false},"author":1,"featured_media":5302,"comment_status":"closed","ping_status":"open","sticky":false,"template":"","format":"standard","meta":{"footnotes":""},"categories":[110,122],"tags":[],"class_list":["post-5300","post","type-post","status-publish","format-standard","has-post-thumbnail","hentry","category-noticiasdestaque","category-saudeeducacaoeconcurso"],"_links":{"self":[{"href":"https:\/\/jorgezanoni.com.br\/2019\/wp-json\/wp\/v2\/posts\/5300","targetHints":{"allow":["GET"]}}],"collection":[{"href":"https:\/\/jorgezanoni.com.br\/2019\/wp-json\/wp\/v2\/posts"}],"about":[{"href":"https:\/\/jorgezanoni.com.br\/2019\/wp-json\/wp\/v2\/types\/post"}],"author":[{"embeddable":true,"href":"https:\/\/jorgezanoni.com.br\/2019\/wp-json\/wp\/v2\/users\/1"}],"replies":[{"embeddable":true,"href":"https:\/\/jorgezanoni.com.br\/2019\/wp-json\/wp\/v2\/comments?post=5300"}],"version-history":[{"count":0,"href":"https:\/\/jorgezanoni.com.br\/2019\/wp-json\/wp\/v2\/posts\/5300\/revisions"}],"wp:featuredmedia":[{"embeddable":true,"href":"https:\/\/jorgezanoni.com.br\/2019\/wp-json\/wp\/v2\/media\/5302"}],"wp:attachment":[{"href":"https:\/\/jorgezanoni.com.br\/2019\/wp-json\/wp\/v2\/media?parent=5300"}],"wp:term":[{"taxonomy":"category","embeddable":true,"href":"https:\/\/jorgezanoni.com.br\/2019\/wp-json\/wp\/v2\/categories?post=5300"},{"taxonomy":"post_tag","embeddable":true,"href":"https:\/\/jorgezanoni.com.br\/2019\/wp-json\/wp\/v2\/tags?post=5300"}],"curies":[{"name":"wp","href":"https:\/\/api.w.org\/{rel}","templated":true}]}}