{"id":5297,"date":"2019-09-04T16:55:18","date_gmt":"2019-09-04T16:55:18","guid":{"rendered":"https:\/\/jorgezanoni.com.br\/2019\/?p=5297"},"modified":"2019-09-04T17:13:20","modified_gmt":"2019-09-04T17:13:20","slug":"confirmado-primeiro-caso-de-sarampo-em-dracena","status":"publish","type":"post","link":"https:\/\/jorgezanoni.com.br\/2019\/confirmado-primeiro-caso-de-sarampo-em-dracena\/","title":{"rendered":"Confirmado primeiro caso de Sarampo em Dracena"},"content":{"rendered":"<p style=\"text-align: justify;\">Hoje (04), foi confirmado o primeiro caso positivo para Sarampo em Dracena. Uma crian\u00e7a de cinco anos de idade apontou positivo no exame de SWAB.<\/p>\n<p style=\"text-align: justify;\">A Secretaria de Sa\u00fade de Dracena tomou todas as medidas previstas no protocolo da Divis\u00e3o de Imuniza\u00e7\u00e3o do Centro de Vigil\u00e2ncia Epidemiol\u00f3gica Prof\u00ba Alexandre Vranjac da Coordenadoria de Controle de Doen\u00e7as da Secretaria de Estado da Sa\u00fade do Estado de S\u00e3o Paulo.<\/p>\n<p style=\"text-align: justify;\">Dentre essas medidas est\u00e3o: Bloqueio de contato \u00edntimo (vacina\u00e7\u00e3o dos familiares), varredura nos alunos da escola e projeto que a crian\u00e7a frequenta (an\u00e1lise e checagem da caderneta e vacina\u00e7\u00e3o de quem fosse necess\u00e1rio), varredura ampliada para 800 metros a partir da resid\u00eancia da crian\u00e7a.<\/p>\n<p style=\"text-align: justify;\">A Secretaria de Sa\u00fade de Dracena colocar\u00e1 uma for\u00e7a-tarefa de dez agentes de controle de endemias nas ruas, que ir\u00e3o trabalhar no per\u00edmetro estabelecido do protocolo, analisando as cadernetas de vacina\u00e7\u00e3o de todos os moradores dentro deste raio. A visita ser\u00e1 feita quinta e sexta-feira das 18h \u00e1s 21h e no s\u00e1bado das 08h \u00e1s 12h. Junto aos agentes, duas equipes ir\u00e3o fazer a vacina\u00e7\u00e3o na hora que identificada a necessidade, no pr\u00f3prio domic\u00edlio.<\/p>\n<p style=\"text-align: justify;\">Hoje (04), uma equipe foi buscar uma grade adicional de vacina no GVE de Presidente Venceslau, e \u00e1s 15h, as equipes far\u00e3o treinamento espec\u00edfico para realiza\u00e7\u00e3o do trabalho de combate no per\u00edmetro estabelecido, que come\u00e7ar\u00e1 amanh\u00e3, quinta-feira (05).<\/p>\n<p>Fonte: Diretoria de Comunica\u00e7\u00e3o<\/p>\n<p>Imagem Ilustrativa<\/p>\n<div style=\"text-align: justify;\"><\/div>\n","protected":false},"excerpt":{"rendered":"<p>Hoje (04), foi confirmado o primeiro caso positivo para Sarampo em Dracena. Uma crian\u00e7a de cinco anos de idade apontou positivo no exame de SWAB. A Secretaria de Sa\u00fade de Dracena tomou todas as medidas previstas no protocolo da Divis\u00e3o de Imuniza\u00e7\u00e3o do Centro de Vigil\u00e2ncia Epidemiol\u00f3gica Prof\u00ba Alexandre Vranjac da Coordenadoria de Controle de [&hellip;]<\/p>\n","protected":false},"author":1,"featured_media":5298,"comment_status":"closed","ping_status":"open","sticky":false,"template":"","format":"standard","meta":{"footnotes":""},"categories":[110,122],"tags":[],"class_list":["post-5297","post","type-post","status-publish","format-standard","has-post-thumbnail","hentry","category-noticiasdestaque","category-saudeeducacaoeconcurso"],"_links":{"self":[{"href":"https:\/\/jorgezanoni.com.br\/2019\/wp-json\/wp\/v2\/posts\/5297","targetHints":{"allow":["GET"]}}],"collection":[{"href":"https:\/\/jorgezanoni.com.br\/2019\/wp-json\/wp\/v2\/posts"}],"about":[{"href":"https:\/\/jorgezanoni.com.br\/2019\/wp-json\/wp\/v2\/types\/post"}],"author":[{"embeddable":true,"href":"https:\/\/jorgezanoni.com.br\/2019\/wp-json\/wp\/v2\/users\/1"}],"replies":[{"embeddable":true,"href":"https:\/\/jorgezanoni.com.br\/2019\/wp-json\/wp\/v2\/comments?post=5297"}],"version-history":[{"count":0,"href":"https:\/\/jorgezanoni.com.br\/2019\/wp-json\/wp\/v2\/posts\/5297\/revisions"}],"wp:featuredmedia":[{"embeddable":true,"href":"https:\/\/jorgezanoni.com.br\/2019\/wp-json\/wp\/v2\/media\/5298"}],"wp:attachment":[{"href":"https:\/\/jorgezanoni.com.br\/2019\/wp-json\/wp\/v2\/media?parent=5297"}],"wp:term":[{"taxonomy":"category","embeddable":true,"href":"https:\/\/jorgezanoni.com.br\/2019\/wp-json\/wp\/v2\/categories?post=5297"},{"taxonomy":"post_tag","embeddable":true,"href":"https:\/\/jorgezanoni.com.br\/2019\/wp-json\/wp\/v2\/tags?post=5297"}],"curies":[{"name":"wp","href":"https:\/\/api.w.org\/{rel}","templated":true}]}}