{"id":52928,"date":"2021-08-25T00:47:29","date_gmt":"2021-08-25T00:47:29","guid":{"rendered":"https:\/\/jorgezanoni.com.br\/2019\/?p=52928"},"modified":"2021-08-25T00:47:29","modified_gmt":"2021-08-25T00:47:29","slug":"poupatempo-de-dracena-comemora-aniversario-de-sete-anos-nesta-quarta-feira-25","status":"publish","type":"post","link":"https:\/\/jorgezanoni.com.br\/2019\/poupatempo-de-dracena-comemora-aniversario-de-sete-anos-nesta-quarta-feira-25\/","title":{"rendered":"Poupatempo de Dracena comemora anivers\u00e1rio de sete anos nesta quarta-feira (25)\u00a0"},"content":{"rendered":"<div>\n<p class=\"v1MsoNormal\" style=\"text-align: justify;\" align=\"center\"><strong><i>Unidade contabiliza mais de 610 mil servi\u00e7os p\u00fablicos oferecidos \u00e0 popula\u00e7\u00e3o.<\/i><\/strong><\/p>\n<p class=\"v1MsoNormal\" style=\"text-align: justify;\">O Poupatempo comemora nesta quarta-feira, dia 25 de agosto, sete anos de funcionamento na cidade de Dracena. Desde que foi inaugurado, o posto j\u00e1 realizou mais de 610 mil atendimentos.<\/p>\n<p class=\"v1MsoNormal\" style=\"text-align: justify;\">Importante: para ser atendido presencialmente no Poupatempo, \u00e9 preciso agendar data e hora previamente, pelo portal www.poupatempo.sp.gov.br ou aplicativo Poupatempo Digital.<\/p>\n<p class=\"v1MsoNormal\" style=\"text-align: justify;\">Para minimizar os riscos de transmiss\u00e3o do coronav\u00edrus, o Poupatempo refor\u00e7ou as medidas preventivas e protocolos, a fim de garantir a seguran\u00e7a dos usu\u00e1rios e colaboradores.<\/p>\n<p class=\"v1MsoNormal\" style=\"text-align: justify;\">Al\u00e9m da obrigatoriedade do uso de m\u00e1scaras, medi\u00e7\u00e3o de temperatura, higieniza\u00e7\u00e3o das m\u00e3os com \u00e1lcool em gel e dos cal\u00e7ados com tapete sanitizante, apenas os servi\u00e7os que necessitam da presen\u00e7a do cidad\u00e3o para serem conclu\u00eddos, como os de RG (primeira via e renova\u00e7\u00e3o com altera\u00e7\u00e3o de dados), transfer\u00eancia interestadual e mudan\u00e7a nas caracter\u00edsticas do ve\u00edculo, por exemplo, s\u00e3o realizados de forma presencial nas unidades.<\/p>\n<p class=\"v1MsoNormal\" style=\"text-align: justify;\">As demais op\u00e7\u00f5es, como renova\u00e7\u00e3o de CNH, licenciamento de ve\u00edculos, consulta de IPVA, Carteira de Trabalho, seguro-desemprego, Carteira de vacina\u00e7\u00e3o digital da Covid-19, entre outros, est\u00e3o dispon\u00edveis nos canais digitais. S\u00e3o mais de 140 servi\u00e7os online que podem ser feitos com seguran\u00e7a, autonomia e comodidade, 24 horas por dia.<\/p>\n<p class=\"v1MsoNormal\" style=\"text-align: justify;\">O Poupatempo de Dracena fica na Rua Porto Alegre, 256 &#8211; Metr\u00f3pole -, e o hor\u00e1rio de funcionamento \u00e9 de segunda a sexta-feira, das 9h \u00e0s 17h, e aos s\u00e1bados, das 9h \u00e0s 13h.<\/p>\n<\/div>\n<div>\n<div id=\"v1Signature\">\n<div>\n<div style=\"text-align: justify;\">Assessoria de Comunica\u00e7\u00e3o \u2013 Prodesp<\/div>\n<div style=\"text-align: justify;\">E-mail:\u00a0<a href=\"mailto:imprensaprodesp@sp.gov.br\" rel=\"noreferrer\">imprensaprodesp@sp.gov.br<\/a><\/div>\n<div style=\"text-align: justify;\">Telefones: (11) 2845-6516 \/ 2868-3170 \/ 3406 \/\u00a03146<\/div>\n<\/div>\n<\/div>\n<\/div>\n","protected":false},"excerpt":{"rendered":"<p>Unidade contabiliza mais de 610 mil servi\u00e7os p\u00fablicos oferecidos \u00e0 popula\u00e7\u00e3o. O Poupatempo comemora nesta quarta-feira, dia 25 de agosto, sete anos de funcionamento na cidade de Dracena. Desde que foi inaugurado, o posto j\u00e1 realizou mais de 610 mil atendimentos. Importante: para ser atendido presencialmente no Poupatempo, \u00e9 preciso agendar data e hora previamente, [&hellip;]<\/p>\n","protected":false},"author":1,"featured_media":52929,"comment_status":"closed","ping_status":"open","sticky":false,"template":"","format":"standard","meta":{"footnotes":""},"categories":[179,184,110],"tags":[],"class_list":["post-52928","post","type-post","status-publish","format-standard","has-post-thumbnail","hentry","category-cidadeseregiao","category-dracena","category-noticiasdestaque"],"_links":{"self":[{"href":"https:\/\/jorgezanoni.com.br\/2019\/wp-json\/wp\/v2\/posts\/52928","targetHints":{"allow":["GET"]}}],"collection":[{"href":"https:\/\/jorgezanoni.com.br\/2019\/wp-json\/wp\/v2\/posts"}],"about":[{"href":"https:\/\/jorgezanoni.com.br\/2019\/wp-json\/wp\/v2\/types\/post"}],"author":[{"embeddable":true,"href":"https:\/\/jorgezanoni.com.br\/2019\/wp-json\/wp\/v2\/users\/1"}],"replies":[{"embeddable":true,"href":"https:\/\/jorgezanoni.com.br\/2019\/wp-json\/wp\/v2\/comments?post=52928"}],"version-history":[{"count":0,"href":"https:\/\/jorgezanoni.com.br\/2019\/wp-json\/wp\/v2\/posts\/52928\/revisions"}],"wp:featuredmedia":[{"embeddable":true,"href":"https:\/\/jorgezanoni.com.br\/2019\/wp-json\/wp\/v2\/media\/52929"}],"wp:attachment":[{"href":"https:\/\/jorgezanoni.com.br\/2019\/wp-json\/wp\/v2\/media?parent=52928"}],"wp:term":[{"taxonomy":"category","embeddable":true,"href":"https:\/\/jorgezanoni.com.br\/2019\/wp-json\/wp\/v2\/categories?post=52928"},{"taxonomy":"post_tag","embeddable":true,"href":"https:\/\/jorgezanoni.com.br\/2019\/wp-json\/wp\/v2\/tags?post=52928"}],"curies":[{"name":"wp","href":"https:\/\/api.w.org\/{rel}","templated":true}]}}