{"id":5288,"date":"2019-09-04T12:19:50","date_gmt":"2019-09-04T12:19:50","guid":{"rendered":"https:\/\/jorgezanoni.com.br\/2019\/?p=5288"},"modified":"2019-09-04T12:19:50","modified_gmt":"2019-09-04T12:19:50","slug":"novo-predio-da-justica-do-trabalho-de-dracena-sera-inaugurado-hoje","status":"publish","type":"post","link":"https:\/\/jorgezanoni.com.br\/2019\/novo-predio-da-justica-do-trabalho-de-dracena-sera-inaugurado-hoje\/","title":{"rendered":"Novo pr\u00e9dio da Justi\u00e7a do Trabalho de Dracena ser\u00e1 inaugurado hoje"},"content":{"rendered":"<h1 class=\"entry-title\" style=\"text-align: justify;\"><strong>A presidente do TRT-15, desembargadora Gisela Moraes, comanda a solenidade<\/strong><\/h1>\n<p style=\"text-align: justify;\">A partir desta quarta-feira, 4, a Justi\u00e7a do Trabalho de Dracena passar\u00e1 a contar com novas instala\u00e7\u00f5es, situadas na Rua Salvador, n\u00ba 125, Jardim Vera Cruz. A solenidade de inaugura\u00e7\u00e3o acontece \u00e0s 11 horas, com a presen\u00e7a da presidente do Tribunal Regional do Trabalho da 15\u00aa Regi\u00e3o, desembargadora Gisela Rodrigues Magalh\u00e3es de Ara\u00fajo e Moraes. Tamb\u00e9m estar\u00e3o presentes o prefeito municipal Juliano Brito Bertolini e o presidente da Subse\u00e7\u00e3o local da Ordem dos Advogados do Brasil (OAB), Marcos Jos\u00e9 Rodrigues, al\u00e9m de membros da administra\u00e7\u00e3o do TRT e outras autoridades da regi\u00e3o.<\/p>\n<p style=\"text-align: justify;\">O pr\u00e9dio comercial possui 782,20m\u00b2 de \u00e1rea constru\u00edda, ocupando um terreno de 1.210m\u00b2, localizado pr\u00f3ximo ao centro da cidade, com acesso f\u00e1cil via transporte p\u00fablico. Com duas salas de audi\u00eancia e dois gabinetes para juiz, a nova sede \u00e9 aproximadamente 10% maior do que a anterior \u2013 localizada na Rua Santos Dumont, 520, tamb\u00e9m no centro \u2013, e destaca-se pela constru\u00e7\u00e3o horizontalizada, o que garante acessibilidade total, com sanit\u00e1rios (masculino e feminino) para pessoas com defici\u00eancia, pisos t\u00e1teis, placas em braile, entre outros itens.<\/p>\n<p style=\"text-align: justify;\">O espa\u00e7o maior possibilitou a cria\u00e7\u00e3o de uma sala espec\u00edfica para concilia\u00e7\u00e3o, uma metodologia de solu\u00e7\u00e3o dos conflitos que vem sendo aprimorada pela Justi\u00e7a do Trabalho para dar resposta mais r\u00e1pida ao jurisdicionado por meio do est\u00edmulo ao di\u00e1logo entre as partes. \u201cSou grande defensora desse m\u00e9todo, no qual nosso tribunal \u00e9 refer\u00eancia nacional. Na autocomposi\u00e7\u00e3o as partes se tornam protagonistas na solu\u00e7\u00e3o dos conflitos. A popula\u00e7\u00e3o jurisdicionada vai poder contar com um espa\u00e7o f\u00edsico apropriado, com acessibilidade, e um ambiente com mesas-redondas mais prop\u00edcio \u00e0s pr\u00e1ticas de media\u00e7\u00e3o e concilia\u00e7\u00e3o\u201d, destaca a desembargadora Gisela Moraes.<\/p>\n<p style=\"text-align: justify;\"><strong>Vara do Trabalho atende mais 10 munic\u00edpios da regi\u00e3o<\/strong><\/p>\n<p style=\"text-align: justify;\"><strong>\u00a0<\/strong>Al\u00e9m de Dracena, a Vara do Trabalho (VT) tem sob sua jurisdi\u00e7\u00e3o os munic\u00edpios de Tupi Paulista, Pauliceia, Junqueir\u00f3polis, Irapuru, Santa Mercedes, Monte Castelo, Nova Guataporanga, Ouro Verde, Panorama e S\u00e3o Jo\u00e3o do Pau D\u2019Alho.\u00a0 No total, a VT atende uma popula\u00e7\u00e3o de aproximadamente 135 mil habitantes (Censo IBGE\/ Estimativa 2019). Em 2018 a unidade recebeu 913 processos trabalhistas e solucionou 1.465 processos na fase de conhecimento, sendo 566 por interm\u00e9dio da concilia\u00e7\u00e3o. Foram pagos aos reclamantes no ano passado, cerca de R$ 19,5 milh\u00f5es. A VT fechou o ano com um saldo de 377 a\u00e7\u00f5es em tr\u00e2mite.<\/p>\n<p style=\"text-align: justify;\">O munic\u00edpio pertence \u00e0 Macrorregi\u00e3o de Presidente Prudente. Segundo dados da Rela\u00e7\u00e3o de Informa\u00e7\u00f5es Sociais (RAIS\/ Minist\u00e9rio da Economia), existiam, em 2017, 14.697 v\u00ednculos empregat\u00edcios em Dracena, sendo 44,71% oriundos do setor de servi\u00e7os e\u00a0 35,52% do com\u00e9rcio. A ind\u00fastria participou com 13,45% naquele ano e a agropecu\u00e1ria com 2,48%.\u00a0 O Produto Interno Bruto do munic\u00edpio atingiu R$ 1,1 bilh\u00e3o em 2016, segundo o IBGE. As informa\u00e7\u00f5es s\u00e3o do portal Investe SP (<a href=\"https:\/\/www.investe.sp.gov.br\/\">https:\/\/www.investe.sp.gov.br<\/a>).<\/p>\n<p style=\"text-align: justify;\"><em>Fonte: Coordenadoria de Comunica\u00e7\u00e3o do Tribunal Regional do Trabalho TRT 15\u00aa Regi\u00e3o<\/em><\/p>\n<div id=\"taboola-below-article-thumbnails\" class=\" trc_related_container trc_spotlight_widget tbl-feed-container tbl-feed-frame-DIVIDER  render-late-effect\" data-feed-container-num=\"1\" data-feed-main-container-id=\"taboola-below-article-thumbnails\" data-parent-placement-name=\"Below Article Thumbnails\" data-pub-lang=\"pt\">\n<div class=\" tbl-feed-header tbl-logo-right-position\">\n<div class=\"tbl-feed-header-logo\" style=\"text-align: justify;\"><\/div>\n<\/div>\n<\/div>\n<p>&nbsp;<\/p>\n","protected":false},"excerpt":{"rendered":"<p>A presidente do TRT-15, desembargadora Gisela Moraes, comanda a solenidade A partir desta quarta-feira, 4, a Justi\u00e7a do Trabalho de Dracena passar\u00e1 a contar com novas instala\u00e7\u00f5es, situadas na Rua Salvador, n\u00ba 125, Jardim Vera Cruz. A solenidade de inaugura\u00e7\u00e3o acontece \u00e0s 11 horas, com a presen\u00e7a da presidente do Tribunal Regional do Trabalho da [&hellip;]<\/p>\n","protected":false},"author":1,"featured_media":5289,"comment_status":"closed","ping_status":"open","sticky":false,"template":"","format":"standard","meta":{"footnotes":""},"categories":[120,110],"tags":[],"class_list":["post-5288","post","type-post","status-publish","format-standard","has-post-thumbnail","hentry","category-justicahabitacaotecnologia","category-noticiasdestaque"],"_links":{"self":[{"href":"https:\/\/jorgezanoni.com.br\/2019\/wp-json\/wp\/v2\/posts\/5288","targetHints":{"allow":["GET"]}}],"collection":[{"href":"https:\/\/jorgezanoni.com.br\/2019\/wp-json\/wp\/v2\/posts"}],"about":[{"href":"https:\/\/jorgezanoni.com.br\/2019\/wp-json\/wp\/v2\/types\/post"}],"author":[{"embeddable":true,"href":"https:\/\/jorgezanoni.com.br\/2019\/wp-json\/wp\/v2\/users\/1"}],"replies":[{"embeddable":true,"href":"https:\/\/jorgezanoni.com.br\/2019\/wp-json\/wp\/v2\/comments?post=5288"}],"version-history":[{"count":0,"href":"https:\/\/jorgezanoni.com.br\/2019\/wp-json\/wp\/v2\/posts\/5288\/revisions"}],"wp:featuredmedia":[{"embeddable":true,"href":"https:\/\/jorgezanoni.com.br\/2019\/wp-json\/wp\/v2\/media\/5289"}],"wp:attachment":[{"href":"https:\/\/jorgezanoni.com.br\/2019\/wp-json\/wp\/v2\/media?parent=5288"}],"wp:term":[{"taxonomy":"category","embeddable":true,"href":"https:\/\/jorgezanoni.com.br\/2019\/wp-json\/wp\/v2\/categories?post=5288"},{"taxonomy":"post_tag","embeddable":true,"href":"https:\/\/jorgezanoni.com.br\/2019\/wp-json\/wp\/v2\/tags?post=5288"}],"curies":[{"name":"wp","href":"https:\/\/api.w.org\/{rel}","templated":true}]}}