{"id":52869,"date":"2021-08-23T13:08:23","date_gmt":"2021-08-23T13:08:23","guid":{"rendered":"https:\/\/jorgezanoni.com.br\/2019\/?p=52869"},"modified":"2021-08-23T13:08:23","modified_gmt":"2021-08-23T13:08:23","slug":"incendio-em-onibus-mobiliza-policiamento-rodoviario-e-corpo-de-bombeiros-na-sp-270-em-rancharia","status":"publish","type":"post","link":"https:\/\/jorgezanoni.com.br\/2019\/incendio-em-onibus-mobiliza-policiamento-rodoviario-e-corpo-de-bombeiros-na-sp-270-em-rancharia\/","title":{"rendered":"Inc\u00eandio em \u00f4nibus mobiliza Policiamento Rodovi\u00e1rio e Corpo de Bombeiros na SP-270 em Rancharia"},"content":{"rendered":"<h2 class=\"content-head__subtitle\" style=\"text-align: justify;\"><strong>Ve\u00edculo transportava quatro passageiros no momento da ocorr\u00eancia e ningu\u00e9m se feriu. Ainda n\u00e3o se sabe o que deu in\u00edcio \u00e0s chamas.<\/strong><\/h2>\n<div class=\"mc-column content-text active-extra-styles \" data-block-type=\"unstyled\" data-block-weight=\"26\" data-block-id=\"2\">\n<p class=\"content-text__container \" style=\"text-align: justify;\" data-track-category=\"Link no Texto\" data-track-links=\"\">Um inc\u00eandio em \u00f4nibus foi registrado neste domingo (22) na Rodovia Raposo Tavares (SP-270), no per\u00edmetro pertencente ao munic\u00edpio de\u00a0<a href=\"http:\/\/g1.globo.com\/sp\/presidente-prudente-regiao\/cidade\/rancharia.html\">Rancharia (SP)<\/a>. N\u00e3o houve v\u00edtimas.<\/p>\n<\/div>\n<div class=\"wall protected-content\">\n<div class=\"mc-column content-text active-extra-styles \" style=\"text-align: justify;\" data-block-type=\"unstyled\" data-block-weight=\"37\" data-block-id=\"3\">\n<p class=\"content-text__container \" data-track-category=\"Link no Texto\" data-track-links=\"\">A Pol\u00edcia Rodovi\u00e1ria foi acionada por volta das 17h40 devido a um inc\u00eandio em \u00f4nibus. Quando a equipe chegou ao local, constatou que era um ve\u00edculo que fazia o itiner\u00e1rio Campo Grande (MS) a S\u00e3o Paulo (SP).<\/p>\n<\/div>\n<div class=\"mc-column content-text active-extra-styles \" style=\"text-align: justify;\" data-block-type=\"unstyled\" data-block-weight=\"19\" data-block-id=\"4\">\n<p class=\"content-text__container \" data-track-category=\"Link no Texto\" data-track-links=\"\">No momento da ocorr\u00eancia, de acordo com a pol\u00edcia, o ve\u00edculo transportava apenas quatro passageiros, que n\u00e3o sofreram ferimentos.<\/p>\n<\/div>\n<div class=\"mc-column content-text active-extra-styles \" style=\"text-align: justify;\" data-block-type=\"unstyled\" data-block-weight=\"19\" data-block-id=\"5\">\n<p class=\"content-text__container \" data-track-category=\"Link no Texto\" data-track-links=\"\">Conforme a corpora\u00e7\u00e3o, o tr\u00e2nsito ficou interditado por poucos minutos devido \u00e0s chamas. Posterior foi liberado para fluxo normal.<\/p>\n<\/div>\n<div class=\"mc-column content-text active-extra-styles \" style=\"text-align: justify;\" data-block-type=\"unstyled\" data-block-weight=\"16\" data-block-id=\"6\">\n<p class=\"content-text__container \" data-track-category=\"Link no Texto\" data-track-links=\"\">O ve\u00edculo permanece no local, segundo informou a pol\u00edcia ao G1 na manh\u00e3 desta segunda-feira (23).<\/p>\n<\/div>\n<div class=\"mc-column content-text active-extra-styles \" style=\"text-align: justify;\" data-block-type=\"unstyled\" data-block-weight=\"32\" data-block-id=\"7\">\n<p class=\"content-text__container \" data-track-category=\"Link no Texto\" data-track-links=\"\">A Ag\u00eancia Reguladora de Servi\u00e7os P\u00fablicos Delegados de Transporte do Estado de S\u00e3o Paulo (Artesp) acrescentou que a interdi\u00e7\u00e3o total foi no sentido leste e que n\u00e3o houve registro de congestionamento.<\/p>\n<\/div>\n<div class=\"mc-column content-text active-extra-styles \" style=\"text-align: justify;\" data-block-type=\"unstyled\" data-block-weight=\"16\" data-block-id=\"8\">\n<p class=\"content-text__container \" data-track-category=\"Link no Texto\" data-track-links=\"\">Ainda n\u00e3o h\u00e1 informa\u00e7\u00f5es sobre o que deu in\u00edcio ao fogo, ainda segundo a ag\u00eancia.<\/p>\n<\/div>\n<div class=\"mc-column content-text active-extra-styles \" data-block-type=\"unstyled\" data-block-weight=\"19\" data-block-id=\"9\">\n<p class=\"content-text__container \" style=\"text-align: justify;\" data-track-category=\"Link no Texto\" data-track-links=\"\">Al\u00e9m do Policiamento Rodovi\u00e1rios estiveram no local equipes do Corpo de Bombeiros e da Concession\u00e1ria Auto Raposo Tavares (Cart).<\/p>\n<p style=\"text-align: justify;\" data-track-category=\"Link no Texto\" data-track-links=\"\">Fonte: G1<\/p>\n<\/div>\n<\/div>\n","protected":false},"excerpt":{"rendered":"<p>Ve\u00edculo transportava quatro passageiros no momento da ocorr\u00eancia e ningu\u00e9m se feriu. Ainda n\u00e3o se sabe o que deu in\u00edcio \u00e0s chamas. Um inc\u00eandio em \u00f4nibus foi registrado neste domingo (22) na Rodovia Raposo Tavares (SP-270), no per\u00edmetro pertencente ao munic\u00edpio de\u00a0Rancharia (SP). N\u00e3o houve v\u00edtimas. A Pol\u00edcia Rodovi\u00e1ria foi acionada por volta das 17h40 [&hellip;]<\/p>\n","protected":false},"author":1,"featured_media":52870,"comment_status":"closed","ping_status":"open","sticky":false,"template":"","format":"standard","meta":{"footnotes":""},"categories":[170,110],"tags":[],"class_list":["post-52869","post","type-post","status-publish","format-standard","has-post-thumbnail","hentry","category-acidentes","category-noticiasdestaque"],"_links":{"self":[{"href":"https:\/\/jorgezanoni.com.br\/2019\/wp-json\/wp\/v2\/posts\/52869","targetHints":{"allow":["GET"]}}],"collection":[{"href":"https:\/\/jorgezanoni.com.br\/2019\/wp-json\/wp\/v2\/posts"}],"about":[{"href":"https:\/\/jorgezanoni.com.br\/2019\/wp-json\/wp\/v2\/types\/post"}],"author":[{"embeddable":true,"href":"https:\/\/jorgezanoni.com.br\/2019\/wp-json\/wp\/v2\/users\/1"}],"replies":[{"embeddable":true,"href":"https:\/\/jorgezanoni.com.br\/2019\/wp-json\/wp\/v2\/comments?post=52869"}],"version-history":[{"count":0,"href":"https:\/\/jorgezanoni.com.br\/2019\/wp-json\/wp\/v2\/posts\/52869\/revisions"}],"wp:featuredmedia":[{"embeddable":true,"href":"https:\/\/jorgezanoni.com.br\/2019\/wp-json\/wp\/v2\/media\/52870"}],"wp:attachment":[{"href":"https:\/\/jorgezanoni.com.br\/2019\/wp-json\/wp\/v2\/media?parent=52869"}],"wp:term":[{"taxonomy":"category","embeddable":true,"href":"https:\/\/jorgezanoni.com.br\/2019\/wp-json\/wp\/v2\/categories?post=52869"},{"taxonomy":"post_tag","embeddable":true,"href":"https:\/\/jorgezanoni.com.br\/2019\/wp-json\/wp\/v2\/tags?post=52869"}],"curies":[{"name":"wp","href":"https:\/\/api.w.org\/{rel}","templated":true}]}}