{"id":52825,"date":"2021-08-22T14:32:15","date_gmt":"2021-08-22T14:32:15","guid":{"rendered":"https:\/\/jorgezanoni.com.br\/2019\/?p=52825"},"modified":"2021-08-22T14:32:15","modified_gmt":"2021-08-22T14:32:15","slug":"morre-a-ex-dracenense-vera-lucia-falconi","status":"publish","type":"post","link":"https:\/\/jorgezanoni.com.br\/2019\/morre-a-ex-dracenense-vera-lucia-falconi\/","title":{"rendered":"Morre a ex-dracenense Vera L\u00facia Falconi"},"content":{"rendered":"<p style=\"text-align: justify;\">Comunicamos com pesar o falecimento de Vera L\u00facia Falconi de 61 anos. Estava morando na cidade de Jundia\u00ed e lutava\u00a0 contra um c\u00e2ncer.<\/p>\n<p style=\"text-align: justify;\">Deixa filhos, noras, genro, netos, demais familiares e amigos. \u00c9 irm\u00e3 do advogado Jos\u00e9 Carlos Falconi e cunhada da Ivanda (Banco Ita\u00fa).<\/p>\n<p style=\"text-align: justify;\">O Vel\u00f3rio e Sepultamento ocorrer\u00e3o aqui em Dracena (aguarde informa\u00e7\u00f5es)<\/p>\n<p style=\"text-align: justify;\">O Site JZ se solidariza com a familia e amigos neste dif\u00edcil momento.<\/p>\n<p style=\"text-align: justify;\">Jorge Zanoni<\/p>\n<p style=\"text-align: justify;\">\n<div dir=\"auto\" style=\"text-align: justify;\"><\/div>\n","protected":false},"excerpt":{"rendered":"<p>Comunicamos com pesar o falecimento de Vera L\u00facia Falconi de 61 anos. Estava morando na cidade de Jundia\u00ed e lutava\u00a0 contra um c\u00e2ncer. Deixa filhos, noras, genro, netos, demais familiares e amigos. \u00c9 irm\u00e3 do advogado Jos\u00e9 Carlos Falconi e cunhada da Ivanda (Banco Ita\u00fa). O Vel\u00f3rio e Sepultamento ocorrer\u00e3o aqui em Dracena (aguarde informa\u00e7\u00f5es) [&hellip;]<\/p>\n","protected":false},"author":1,"featured_media":52826,"comment_status":"closed","ping_status":"open","sticky":false,"template":"","format":"standard","meta":{"footnotes":""},"categories":[178,110],"tags":[],"class_list":["post-52825","post","type-post","status-publish","format-standard","has-post-thumbnail","hentry","category-notadefalecimento","category-noticiasdestaque"],"_links":{"self":[{"href":"https:\/\/jorgezanoni.com.br\/2019\/wp-json\/wp\/v2\/posts\/52825","targetHints":{"allow":["GET"]}}],"collection":[{"href":"https:\/\/jorgezanoni.com.br\/2019\/wp-json\/wp\/v2\/posts"}],"about":[{"href":"https:\/\/jorgezanoni.com.br\/2019\/wp-json\/wp\/v2\/types\/post"}],"author":[{"embeddable":true,"href":"https:\/\/jorgezanoni.com.br\/2019\/wp-json\/wp\/v2\/users\/1"}],"replies":[{"embeddable":true,"href":"https:\/\/jorgezanoni.com.br\/2019\/wp-json\/wp\/v2\/comments?post=52825"}],"version-history":[{"count":0,"href":"https:\/\/jorgezanoni.com.br\/2019\/wp-json\/wp\/v2\/posts\/52825\/revisions"}],"wp:featuredmedia":[{"embeddable":true,"href":"https:\/\/jorgezanoni.com.br\/2019\/wp-json\/wp\/v2\/media\/52826"}],"wp:attachment":[{"href":"https:\/\/jorgezanoni.com.br\/2019\/wp-json\/wp\/v2\/media?parent=52825"}],"wp:term":[{"taxonomy":"category","embeddable":true,"href":"https:\/\/jorgezanoni.com.br\/2019\/wp-json\/wp\/v2\/categories?post=52825"},{"taxonomy":"post_tag","embeddable":true,"href":"https:\/\/jorgezanoni.com.br\/2019\/wp-json\/wp\/v2\/tags?post=52825"}],"curies":[{"name":"wp","href":"https:\/\/api.w.org\/{rel}","templated":true}]}}