{"id":52816,"date":"2021-08-22T13:43:52","date_gmt":"2021-08-22T13:43:52","guid":{"rendered":"https:\/\/jorgezanoni.com.br\/2019\/?p=52816"},"modified":"2021-08-22T14:56:07","modified_gmt":"2021-08-22T14:56:07","slug":"morador-de-monte-castelo-morre-em-acidente-no-acesso-a-byron-nogueira-em-ouro-verde","status":"publish","type":"post","link":"https:\/\/jorgezanoni.com.br\/2019\/morador-de-monte-castelo-morre-em-acidente-no-acesso-a-byron-nogueira-em-ouro-verde\/","title":{"rendered":"Morador de Monte Castelo morre em acidente no acesso a Byron Nogueira em Ouro Verde"},"content":{"rendered":"<p style=\"text-align: justify;\"><strong>Acidente foi registrado \u00e0s 03h30min. na SPA 127\/563 \u2013 Acesso Engenheiro Byron de Azevedo Nogueira, km 003,900 metros, munic\u00edpio de Ouro Verde.<\/strong><\/p>\n<p><img loading=\"lazy\" decoding=\"async\" class=\"alignnone size-full wp-image-52828\" src=\"https:\/\/jorgezanoni.com.br\/2019\/wp-content\/uploads\/2021\/08\/Jose-Elias-2.jpg\" alt=\"\" width=\"460\" height=\"581\" srcset=\"https:\/\/jorgezanoni.com.br\/2019\/wp-content\/uploads\/2021\/08\/Jose-Elias-2.jpg 460w, https:\/\/jorgezanoni.com.br\/2019\/wp-content\/uploads\/2021\/08\/Jose-Elias-2-238x300.jpg 238w, https:\/\/jorgezanoni.com.br\/2019\/wp-content\/uploads\/2021\/08\/Jose-Elias-2-333x420.jpg 333w\" sizes=\"auto, (max-width: 460px) 100vw, 460px\" \/><span data-offset-key=\"bmrvs-0-0\">Jos\u00e9 Elias Vital de Lima \u00e9 a v\u00edtima fatal doa acidente.<\/span><\/p>\n<div style=\"width: 640px;\" class=\"wp-video\"><video class=\"wp-video-shortcode\" id=\"video-52816-1\" width=\"640\" height=\"352\" preload=\"metadata\" controls=\"controls\"><source type=\"video\/mp4\" src=\"https:\/\/jorgezanoni.com.br\/2019\/wp-content\/uploads\/2021\/08\/WhatsApp-Video-2021-08-22-at-10.56.39-1.mp4?_=1\" \/><a href=\"https:\/\/jorgezanoni.com.br\/2019\/wp-content\/uploads\/2021\/08\/WhatsApp-Video-2021-08-22-at-10.56.39-1.mp4\">https:\/\/jorgezanoni.com.br\/2019\/wp-content\/uploads\/2021\/08\/WhatsApp-Video-2021-08-22-at-10.56.39-1.mp4<\/a><\/video><\/div>\n<p>V\u00eddeo de Internauta<\/p>\n<p style=\"text-align: justify;\">O Policiamento Rodovi\u00e1rio base operacional de Adamantina, atendeu um Sinistro de tr\u00e2nsito, onde um ve\u00edculo Volkswagem Gol ano 2000, placas de Monte Castelo\/SP, colidiu transversalmente contra um caminh\u00e3o M. Benz\/Axo de Ara\u00e7atuba\/SP (Canavieiro), que tracionava 02 reboques.<\/p>\n<div class=\"o9v6fnle cxmmr5t8 oygrvhab hcukyx3x c1et5uql ii04i59q\" style=\"text-align: justify;\">\n<div dir=\"auto\">Com o impacto da violenta batida, o condutor do autom\u00f3vel, um homem de 43 anos, morador da de Monte Castelo\/SP, que encontrava-se s\u00f3 no ve\u00edculo, n\u00e3o resistiu aos ferimentos veio a \u00f3bito no local. O condutor do caminh\u00e3o, um homem de 38 anos, morador de Santa Mercedes\/SP, n\u00e3o se feriu.<\/div>\n<div dir=\"auto\"><\/div>\n<\/div>\n<div class=\"o9v6fnle cxmmr5t8 oygrvhab hcukyx3x c1et5uql ii04i59q\" style=\"text-align: justify;\">\n<div dir=\"auto\">O Caminh\u00e3o, que transportava Cana de a\u00e7\u00facar, sa\u00eda de uma estrada rural e adentrava a rodovia, no momento em que houve a colis\u00e3o.<\/div>\n<\/div>\n<div dir=\"auto\" style=\"text-align: justify;\"><\/div>\n<div dir=\"auto\" style=\"text-align: justify;\">Compareceram ao local al\u00e9m da Pol\u00edcia Militar Rodovi\u00e1ria, o Corpo de Bombeiros de Dracena e a Pol\u00edcia T\u00e9cnica que vai apurar as reais causas do acidente.<\/div>\n<div dir=\"auto\"><\/div>\n<div dir=\"auto\"><img loading=\"lazy\" decoding=\"async\" class=\"alignnone size-full wp-image-52818\" src=\"https:\/\/jorgezanoni.com.br\/2019\/wp-content\/uploads\/2021\/08\/acid1-2.jpg\" alt=\"\" width=\"648\" height=\"436\" srcset=\"https:\/\/jorgezanoni.com.br\/2019\/wp-content\/uploads\/2021\/08\/acid1-2.jpg 648w, https:\/\/jorgezanoni.com.br\/2019\/wp-content\/uploads\/2021\/08\/acid1-2-300x202.jpg 300w, https:\/\/jorgezanoni.com.br\/2019\/wp-content\/uploads\/2021\/08\/acid1-2-624x420.jpg 624w\" sizes=\"auto, (max-width: 648px) 100vw, 648px\" \/> <img loading=\"lazy\" decoding=\"async\" class=\"alignnone size-full wp-image-52819\" src=\"https:\/\/jorgezanoni.com.br\/2019\/wp-content\/uploads\/2021\/08\/acid3-2.jpg\" alt=\"\" width=\"576\" height=\"692\" srcset=\"https:\/\/jorgezanoni.com.br\/2019\/wp-content\/uploads\/2021\/08\/acid3-2.jpg 576w, https:\/\/jorgezanoni.com.br\/2019\/wp-content\/uploads\/2021\/08\/acid3-2-250x300.jpg 250w, https:\/\/jorgezanoni.com.br\/2019\/wp-content\/uploads\/2021\/08\/acid3-2-350x420.jpg 350w\" sizes=\"auto, (max-width: 576px) 100vw, 576px\" \/> <img loading=\"lazy\" decoding=\"async\" class=\"alignnone size-full wp-image-52820\" src=\"https:\/\/jorgezanoni.com.br\/2019\/wp-content\/uploads\/2021\/08\/acide2-2.jpg\" alt=\"\" width=\"581\" height=\"805\" srcset=\"https:\/\/jorgezanoni.com.br\/2019\/wp-content\/uploads\/2021\/08\/acide2-2.jpg 581w, https:\/\/jorgezanoni.com.br\/2019\/wp-content\/uploads\/2021\/08\/acide2-2-217x300.jpg 217w, https:\/\/jorgezanoni.com.br\/2019\/wp-content\/uploads\/2021\/08\/acide2-2-303x420.jpg 303w\" sizes=\"auto, (max-width: 581px) 100vw, 581px\" \/><img loading=\"lazy\" decoding=\"async\" class=\"alignnone size-full wp-image-52830\" src=\"https:\/\/jorgezanoni.com.br\/2019\/wp-content\/uploads\/2021\/08\/foto-acide-1.jpg\" alt=\"\" width=\"1280\" height=\"720\" srcset=\"https:\/\/jorgezanoni.com.br\/2019\/wp-content\/uploads\/2021\/08\/foto-acide-1.jpg 1280w, https:\/\/jorgezanoni.com.br\/2019\/wp-content\/uploads\/2021\/08\/foto-acide-1-300x169.jpg 300w, https:\/\/jorgezanoni.com.br\/2019\/wp-content\/uploads\/2021\/08\/foto-acide-1-1024x576.jpg 1024w, https:\/\/jorgezanoni.com.br\/2019\/wp-content\/uploads\/2021\/08\/foto-acide-1-768x432.jpg 768w, https:\/\/jorgezanoni.com.br\/2019\/wp-content\/uploads\/2021\/08\/foto-acide-1-696x392.jpg 696w, https:\/\/jorgezanoni.com.br\/2019\/wp-content\/uploads\/2021\/08\/foto-acide-1-1068x601.jpg 1068w, https:\/\/jorgezanoni.com.br\/2019\/wp-content\/uploads\/2021\/08\/foto-acide-1-747x420.jpg 747w\" sizes=\"auto, (max-width: 1280px) 100vw, 1280px\" \/><img loading=\"lazy\" decoding=\"async\" class=\"alignnone size-full wp-image-52831\" src=\"https:\/\/jorgezanoni.com.br\/2019\/wp-content\/uploads\/2021\/08\/diego.jpg\" alt=\"\" width=\"600\" height=\"374\" srcset=\"https:\/\/jorgezanoni.com.br\/2019\/wp-content\/uploads\/2021\/08\/diego.jpg 600w, https:\/\/jorgezanoni.com.br\/2019\/wp-content\/uploads\/2021\/08\/diego-300x187.jpg 300w\" sizes=\"auto, (max-width: 600px) 100vw, 600px\" \/> <img loading=\"lazy\" decoding=\"async\" class=\"alignnone size-full wp-image-52832\" src=\"https:\/\/jorgezanoni.com.br\/2019\/wp-content\/uploads\/2021\/08\/diego1.jpg\" alt=\"\" width=\"650\" height=\"423\" srcset=\"https:\/\/jorgezanoni.com.br\/2019\/wp-content\/uploads\/2021\/08\/diego1.jpg 650w, https:\/\/jorgezanoni.com.br\/2019\/wp-content\/uploads\/2021\/08\/diego1-300x195.jpg 300w, https:\/\/jorgezanoni.com.br\/2019\/wp-content\/uploads\/2021\/08\/diego1-645x420.jpg 645w\" sizes=\"auto, (max-width: 650px) 100vw, 650px\" \/><\/div>\n<div dir=\"auto\">Fotos cedidas\/PMR e Internautas<\/div>\n<div dir=\"auto\" style=\"text-align: justify;\"><\/div>\n<div dir=\"auto\" style=\"text-align: justify;\">A ocorr\u00eancia e as informa\u00e7\u00f5es s\u00e3o da PMR na \u00c1rea da 2\u00aa Ci.a do 2\u00ba BPRv.<\/div>\n<div dir=\"auto\"><\/div>\n<div dir=\"auto\">Comp. Jorge Zanoni<\/div>\n<p>&nbsp;<\/p>\n","protected":false},"excerpt":{"rendered":"<p>Acidente foi registrado \u00e0s 03h30min. na SPA 127\/563 \u2013 Acesso Engenheiro Byron de Azevedo Nogueira, km 003,900 metros, munic\u00edpio de Ouro Verde. Jos\u00e9 Elias Vital de Lima \u00e9 a v\u00edtima fatal doa acidente. V\u00eddeo de Internauta O Policiamento Rodovi\u00e1rio base operacional de Adamantina, atendeu um Sinistro de tr\u00e2nsito, onde um ve\u00edculo Volkswagem Gol ano 2000, [&hellip;]<\/p>\n","protected":false},"author":1,"featured_media":52817,"comment_status":"closed","ping_status":"open","sticky":false,"template":"","format":"standard","meta":{"footnotes":""},"categories":[170,110],"tags":[],"class_list":["post-52816","post","type-post","status-publish","format-standard","has-post-thumbnail","hentry","category-acidentes","category-noticiasdestaque"],"_links":{"self":[{"href":"https:\/\/jorgezanoni.com.br\/2019\/wp-json\/wp\/v2\/posts\/52816","targetHints":{"allow":["GET"]}}],"collection":[{"href":"https:\/\/jorgezanoni.com.br\/2019\/wp-json\/wp\/v2\/posts"}],"about":[{"href":"https:\/\/jorgezanoni.com.br\/2019\/wp-json\/wp\/v2\/types\/post"}],"author":[{"embeddable":true,"href":"https:\/\/jorgezanoni.com.br\/2019\/wp-json\/wp\/v2\/users\/1"}],"replies":[{"embeddable":true,"href":"https:\/\/jorgezanoni.com.br\/2019\/wp-json\/wp\/v2\/comments?post=52816"}],"version-history":[{"count":0,"href":"https:\/\/jorgezanoni.com.br\/2019\/wp-json\/wp\/v2\/posts\/52816\/revisions"}],"wp:featuredmedia":[{"embeddable":true,"href":"https:\/\/jorgezanoni.com.br\/2019\/wp-json\/wp\/v2\/media\/52817"}],"wp:attachment":[{"href":"https:\/\/jorgezanoni.com.br\/2019\/wp-json\/wp\/v2\/media?parent=52816"}],"wp:term":[{"taxonomy":"category","embeddable":true,"href":"https:\/\/jorgezanoni.com.br\/2019\/wp-json\/wp\/v2\/categories?post=52816"},{"taxonomy":"post_tag","embeddable":true,"href":"https:\/\/jorgezanoni.com.br\/2019\/wp-json\/wp\/v2\/tags?post=52816"}],"curies":[{"name":"wp","href":"https:\/\/api.w.org\/{rel}","templated":true}]}}