{"id":5281,"date":"2019-09-04T12:00:05","date_gmt":"2019-09-04T12:00:05","guid":{"rendered":"https:\/\/jorgezanoni.com.br\/2019\/?p=5281"},"modified":"2019-09-04T12:00:05","modified_gmt":"2019-09-04T12:00:05","slug":"viagem-literaria-2019-sera-dia-09-de-setembro-em-dracena","status":"publish","type":"post","link":"https:\/\/jorgezanoni.com.br\/2019\/viagem-literaria-2019-sera-dia-09-de-setembro-em-dracena\/","title":{"rendered":"Viagem Liter\u00e1ria 2019 ser\u00e1 dia 09 de setembro, em Dracena"},"content":{"rendered":"<p style=\"text-align: justify;\"><strong>Sobre o convidado:<\/strong>\u00a0DOUGLAS MCT Escreveu \u201cO Coletor de Almas\u201d, a s\u00e9rie \u201cNecr\u00f3polis\u201d e o recente \u201c Betina Vlad\u201d em \u201cO Castelo da Noite Eterna\u201d, dezenas de contos em colet\u00e2neas, al\u00e9m de quadrinhos para Turma da M\u00f4nica, Hansel&amp;Gretel, SUPER e Edgar Alan Corvo. De vez em quando o autor tamb\u00e9m faz roteiros para desenhos animados, TV e games. Douglas mora em Socorro, interior de S\u00e3o Paulo, com seus dois gatos, Noite e Frida, com quem costuma tomar caf\u00e9 e conversar durante a madrugada.\u00a0<a href=\"http:\/\/www.facebook.com\/douglas.mct\" target=\"_blank\" rel=\"noopener noreferrer\">www.facebook.com\/douglas.mct<\/a><\/p>\n<p>Fonte: Diretoria de Comunica\u00e7\u00e3o<\/p>\n","protected":false},"excerpt":{"rendered":"<p>Sobre o convidado:\u00a0DOUGLAS MCT Escreveu \u201cO Coletor de Almas\u201d, a s\u00e9rie \u201cNecr\u00f3polis\u201d e o recente \u201c Betina Vlad\u201d em \u201cO Castelo da Noite Eterna\u201d, dezenas de contos em colet\u00e2neas, al\u00e9m de quadrinhos para Turma da M\u00f4nica, Hansel&amp;Gretel, SUPER e Edgar Alan Corvo. De vez em quando o autor tamb\u00e9m faz roteiros para desenhos animados, TV [&hellip;]<\/p>\n","protected":false},"author":1,"featured_media":5282,"comment_status":"closed","ping_status":"open","sticky":false,"template":"","format":"standard","meta":{"footnotes":""},"categories":[111],"tags":[],"class_list":["post-5281","post","type-post","status-publish","format-standard","has-post-thumbnail","hentry","category-esporteecultura"],"_links":{"self":[{"href":"https:\/\/jorgezanoni.com.br\/2019\/wp-json\/wp\/v2\/posts\/5281","targetHints":{"allow":["GET"]}}],"collection":[{"href":"https:\/\/jorgezanoni.com.br\/2019\/wp-json\/wp\/v2\/posts"}],"about":[{"href":"https:\/\/jorgezanoni.com.br\/2019\/wp-json\/wp\/v2\/types\/post"}],"author":[{"embeddable":true,"href":"https:\/\/jorgezanoni.com.br\/2019\/wp-json\/wp\/v2\/users\/1"}],"replies":[{"embeddable":true,"href":"https:\/\/jorgezanoni.com.br\/2019\/wp-json\/wp\/v2\/comments?post=5281"}],"version-history":[{"count":0,"href":"https:\/\/jorgezanoni.com.br\/2019\/wp-json\/wp\/v2\/posts\/5281\/revisions"}],"wp:featuredmedia":[{"embeddable":true,"href":"https:\/\/jorgezanoni.com.br\/2019\/wp-json\/wp\/v2\/media\/5282"}],"wp:attachment":[{"href":"https:\/\/jorgezanoni.com.br\/2019\/wp-json\/wp\/v2\/media?parent=5281"}],"wp:term":[{"taxonomy":"category","embeddable":true,"href":"https:\/\/jorgezanoni.com.br\/2019\/wp-json\/wp\/v2\/categories?post=5281"},{"taxonomy":"post_tag","embeddable":true,"href":"https:\/\/jorgezanoni.com.br\/2019\/wp-json\/wp\/v2\/tags?post=5281"}],"curies":[{"name":"wp","href":"https:\/\/api.w.org\/{rel}","templated":true}]}}