{"id":52793,"date":"2021-08-21T19:17:43","date_gmt":"2021-08-21T19:17:43","guid":{"rendered":"https:\/\/jorgezanoni.com.br\/2019\/?p=52793"},"modified":"2021-08-21T19:17:43","modified_gmt":"2021-08-21T19:17:43","slug":"aumenta-o-consumo-de-agua-e-emdaep-pede-economia-aos-dracenenses","status":"publish","type":"post","link":"https:\/\/jorgezanoni.com.br\/2019\/aumenta-o-consumo-de-agua-e-emdaep-pede-economia-aos-dracenenses\/","title":{"rendered":"Aumenta o consumo de \u00c1gua e EMDAEP pede economia aos dracenenses"},"content":{"rendered":"<div id=\"e_centralizar\">\n<div id=\"conteudo_esquerda\">\n<div id=\"ntc_conteudo\">\n<div class=\"ntc_area_noticia_interna\">\n<div class=\"ntc_area_texto_noticia\">\n<div class=\"ntc_descricao_noticia\">\n<div class=\"ntc_cont_descricao_noticia sw_txteditor\">\n<div style=\"text-align: justify;\">Nesta sexta-feira, a equipe da EMDAEP constatou o elevado consumo de \u00e1gua na cidade, especialmente na regi\u00e3o do Jardim das Palmeiras, onde o reservat\u00f3rio ficou com n\u00edvel abaixo do normal, gerando desabastecimento em alguns im\u00f3veis. Houve a necessidade de manobras na rede p\u00fablica para que outros po\u00e7os atendessem o setor, visando a normaliza\u00e7\u00e3o do n\u00edvel do reservat\u00f3rio da Alameda Inglaterra.<br \/>\nA EMDAEP solicita que a popula\u00e7\u00e3o fa\u00e7a economia de \u00e1gua durante toda a semana, especialmente na sexta-feira e no s\u00e1bado, dias mais comuns para a limpeza das resid\u00eancias. N\u00e3o se deve utilizar \u00e1gua na lavagem de cal\u00e7adas, quintais e carros em excesso.<br \/>\nA empresa municipal tamb\u00e9m informa que o DAEE emitiu um alerta sobre o baixo n\u00edvel do len\u00e7ol fre\u00e1tico por causa da longa estiagem, com necessidade de participa\u00e7\u00e3o de todos na economia de \u00e1gua nas atividades em geral.<br \/>\nA EMDAEP implantou o sistema de monitoramento dos principais po\u00e7os e reservat\u00f3rios e far\u00e1 o acompanhamento no final de semana.<br \/>\nHaver\u00e1 plant\u00e3o para emerg\u00eancias nos setores de \u00e1gua e esgoto nos telefones 3821-1146 e 3821-4110.<\/div>\n<div style=\"text-align: justify;\"><\/div>\n<div style=\"text-align: justify;\">Fonte: Ass. Rela\u00e7\u00f5es P\u00fablicas da EMDAEP<\/div>\n<\/div>\n<\/div>\n<\/div>\n<div class=\"vinc_area_vinculos\">\n<div class=\"vinc_area_pessoas_vinculadas sw_lato\"><\/div>\n<\/div>\n<div class=\"ntc_area_outras_noticias_categoria\">\n<div class=\"ntc_cont_outras_noticias_categoria\">\n<div class=\"ntc_outra_noticia_categoria\">\n<div class=\"ntc_area_img_outra_noticia\"><\/div>\n<div class=\"ntc_area_info_outra_noticia\"><\/div>\n<\/div>\n<div class=\"ntc_outra_noticia_categoria\">\n<div class=\"ntc_area_img_outra_noticia\"><\/div>\n<div class=\"ntc_area_info_outra_noticia\"><\/div>\n<\/div>\n<div class=\"ntc_outra_noticia_categoria\">\n<div class=\"ntc_area_img_outra_noticia\"><\/div>\n<div class=\"ntc_area_info_outra_noticia\"><\/div>\n<\/div>\n<\/div>\n<\/div>\n<\/div>\n<\/div>\n<\/div>\n<\/div>\n<footer>\n<div id=\"e_cont_rodape\">\n<div class=\"e_area_redes_sociais_newsletter\">\n<div class=\"e_conteudo_interno\">\n<div class=\"e_area_newsletter\"><\/div>\n<\/div>\n<\/div>\n<\/div>\n<\/footer>\n","protected":false},"excerpt":{"rendered":"<p>Nesta sexta-feira, a equipe da EMDAEP constatou o elevado consumo de \u00e1gua na cidade, especialmente na regi\u00e3o do Jardim das Palmeiras, onde o reservat\u00f3rio ficou com n\u00edvel abaixo do normal, gerando desabastecimento em alguns im\u00f3veis. Houve a necessidade de manobras na rede p\u00fablica para que outros po\u00e7os atendessem o setor, visando a normaliza\u00e7\u00e3o do n\u00edvel [&hellip;]<\/p>\n","protected":false},"author":1,"featured_media":52795,"comment_status":"closed","ping_status":"open","sticky":false,"template":"","format":"standard","meta":{"footnotes":""},"categories":[179,184,110],"tags":[],"class_list":["post-52793","post","type-post","status-publish","format-standard","has-post-thumbnail","hentry","category-cidadeseregiao","category-dracena","category-noticiasdestaque"],"_links":{"self":[{"href":"https:\/\/jorgezanoni.com.br\/2019\/wp-json\/wp\/v2\/posts\/52793","targetHints":{"allow":["GET"]}}],"collection":[{"href":"https:\/\/jorgezanoni.com.br\/2019\/wp-json\/wp\/v2\/posts"}],"about":[{"href":"https:\/\/jorgezanoni.com.br\/2019\/wp-json\/wp\/v2\/types\/post"}],"author":[{"embeddable":true,"href":"https:\/\/jorgezanoni.com.br\/2019\/wp-json\/wp\/v2\/users\/1"}],"replies":[{"embeddable":true,"href":"https:\/\/jorgezanoni.com.br\/2019\/wp-json\/wp\/v2\/comments?post=52793"}],"version-history":[{"count":0,"href":"https:\/\/jorgezanoni.com.br\/2019\/wp-json\/wp\/v2\/posts\/52793\/revisions"}],"wp:featuredmedia":[{"embeddable":true,"href":"https:\/\/jorgezanoni.com.br\/2019\/wp-json\/wp\/v2\/media\/52795"}],"wp:attachment":[{"href":"https:\/\/jorgezanoni.com.br\/2019\/wp-json\/wp\/v2\/media?parent=52793"}],"wp:term":[{"taxonomy":"category","embeddable":true,"href":"https:\/\/jorgezanoni.com.br\/2019\/wp-json\/wp\/v2\/categories?post=52793"},{"taxonomy":"post_tag","embeddable":true,"href":"https:\/\/jorgezanoni.com.br\/2019\/wp-json\/wp\/v2\/tags?post=52793"}],"curies":[{"name":"wp","href":"https:\/\/api.w.org\/{rel}","templated":true}]}}