{"id":52788,"date":"2021-08-21T17:48:57","date_gmt":"2021-08-21T17:48:57","guid":{"rendered":"https:\/\/jorgezanoni.com.br\/2019\/?p=52788"},"modified":"2021-08-21T17:49:39","modified_gmt":"2021-08-21T17:49:39","slug":"policia-civil-prende-filha-e-genro-por-lesao-corporal-e-ameaca-contra-o-pao-e-filha-adolescente-em-junqueiropolis","status":"publish","type":"post","link":"https:\/\/jorgezanoni.com.br\/2019\/policia-civil-prende-filha-e-genro-por-lesao-corporal-e-ameaca-contra-o-pao-e-filha-adolescente-em-junqueiropolis\/","title":{"rendered":"Pol\u00edcia Civ\u00edl prende filha e genro por les\u00e3o corporal e amea\u00e7a contra o pai e filha adolescente em Junqueir\u00f3polis"},"content":{"rendered":"<p style=\"text-align: justify;\"><strong>POL\u00cdCIA CIVIL PRENDE FILHA E GENRO POR LES\u00c3O CORPORAL E AMEA\u00c7A CONTRA O PAI E FILHA ADOLESCENTE EM JUNQUEIR\u00d3POLIS.<\/strong><\/p>\n<p style=\"text-align: justify;\"><strong>A v\u00edtima, um senhor 65 anos, \u00e9 pai da mulher acusada de agress\u00e3o. Uma adolescente filha da agressora tamb\u00e9m foi amea\u00e7ada.<\/strong><\/p>\n<p style=\"text-align: justify;\">A Pol\u00edcia Civil, por interm\u00e9dio da Delegacia de Pol\u00edcia de Junqueir\u00f3polis, nesta sexta-feira (20), prendeu em flagrante um casal, filha e genro, 37 e 34 anos respectivamente, pelos crimes de viol\u00eancia dom\u00e9stica, les\u00e3o corporal e amea\u00e7a. A v\u00edtima de agress\u00e3o foi um idoso de 65 anos, pai da investigada. A mulher e seu companheiro ainda proferiram amea\u00e7as \u00e0 pr\u00f3pria filha, uma adolescente.<\/p>\n<p style=\"text-align: justify;\">A Pol\u00edcia Civil tomou ci\u00eancia que casal atuado em flagrante, havia se mudado para a casa do idoso, no in\u00edcio deste m\u00eas de agosto, vindos de Mirassol\u00e2ndia-SP. Segundo relato do idoso, a filha e companheiro dela s\u00e3o dependentes qu\u00edmicos.<\/p>\n<p style=\"text-align: justify;\">Informou ainda que casal queria \u201capoderar-se\u201d do seu im\u00f3vel, for\u00e7ando o idoso para que ele vendesse a casa, e diante da recusa, passaram a amea\u00e7\u00e1-lo. Bem como tamb\u00e9m amea\u00e7avam a adolescente, cuja guarda pertence \u00e0 av\u00f3 paterna, para que a menina retornasse a viver com a investigada.<\/p>\n<p style=\"text-align: justify;\">Durante a madrugada desta sexta-feira (20), a mulher desferiu um golpe com uma faca no idoso que atingiu seu peito, causando les\u00f5es. Em seguida o companheiro da mulher tentou ainda atingir a v\u00edtima com uma haste met\u00e1lica, mas o idoso se escondeu em um terreno. E logo depois, o idoso agredido procurou a Delegacia de Pol\u00edcia relatando o acontecido.<\/p>\n<p style=\"text-align: justify;\">Uma equipe da Policia Civil esteve na casa onde estava o casal e prenderam em flagrantes os agressores.<\/p>\n<p style=\"text-align: justify;\">A haste met\u00e1lica usada na tentativa de agress\u00e3o foi encontrada e apreendida no interior no carro do companheiro da agressora. A mulher possui tr\u00eas filhas, mas s\u00f3 tem a guarda da mais nova, de dois meses de idade, que ficou sob os ausp\u00edcios do Conselho Tutelar de Junqueir\u00f3polis.<\/p>\n<p style=\"text-align: justify;\">Ap\u00f3s os procedimentos de pol\u00edcia judici\u00e1ria, o casal permaneceu preso, e ser\u00e3o submetidos a Audi\u00eancia de Cust\u00f3dia pela Justi\u00e7a.<\/p>\n<p><img loading=\"lazy\" decoding=\"async\" class=\"alignnone size-full wp-image-52789\" src=\"https:\/\/jorgezanoni.com.br\/2019\/wp-content\/uploads\/2021\/08\/ci.jpg\" alt=\"\" width=\"1280\" height=\"960\" srcset=\"https:\/\/jorgezanoni.com.br\/2019\/wp-content\/uploads\/2021\/08\/ci.jpg 1280w, https:\/\/jorgezanoni.com.br\/2019\/wp-content\/uploads\/2021\/08\/ci-300x225.jpg 300w, https:\/\/jorgezanoni.com.br\/2019\/wp-content\/uploads\/2021\/08\/ci-1024x768.jpg 1024w, https:\/\/jorgezanoni.com.br\/2019\/wp-content\/uploads\/2021\/08\/ci-768x576.jpg 768w, https:\/\/jorgezanoni.com.br\/2019\/wp-content\/uploads\/2021\/08\/ci-80x60.jpg 80w, https:\/\/jorgezanoni.com.br\/2019\/wp-content\/uploads\/2021\/08\/ci-265x198.jpg 265w, https:\/\/jorgezanoni.com.br\/2019\/wp-content\/uploads\/2021\/08\/ci-696x522.jpg 696w, https:\/\/jorgezanoni.com.br\/2019\/wp-content\/uploads\/2021\/08\/ci-1068x801.jpg 1068w, https:\/\/jorgezanoni.com.br\/2019\/wp-content\/uploads\/2021\/08\/ci-560x420.jpg 560w\" sizes=\"auto, (max-width: 1280px) 100vw, 1280px\" \/>Fonte: Com. Social Pol\u00edcia Civil<\/p>\n","protected":false},"excerpt":{"rendered":"<p>POL\u00cdCIA CIVIL PRENDE FILHA E GENRO POR LES\u00c3O CORPORAL E AMEA\u00c7A CONTRA O PAI E FILHA ADOLESCENTE EM JUNQUEIR\u00d3POLIS. A v\u00edtima, um senhor 65 anos, \u00e9 pai da mulher acusada de agress\u00e3o. Uma adolescente filha da agressora tamb\u00e9m foi amea\u00e7ada. A Pol\u00edcia Civil, por interm\u00e9dio da Delegacia de Pol\u00edcia de Junqueir\u00f3polis, nesta sexta-feira (20), prendeu [&hellip;]<\/p>\n","protected":false},"author":1,"featured_media":52790,"comment_status":"closed","ping_status":"open","sticky":false,"template":"","format":"standard","meta":{"footnotes":""},"categories":[110,2],"tags":[],"class_list":["post-52788","post","type-post","status-publish","format-standard","has-post-thumbnail","hentry","category-noticiasdestaque","category-policial"],"_links":{"self":[{"href":"https:\/\/jorgezanoni.com.br\/2019\/wp-json\/wp\/v2\/posts\/52788","targetHints":{"allow":["GET"]}}],"collection":[{"href":"https:\/\/jorgezanoni.com.br\/2019\/wp-json\/wp\/v2\/posts"}],"about":[{"href":"https:\/\/jorgezanoni.com.br\/2019\/wp-json\/wp\/v2\/types\/post"}],"author":[{"embeddable":true,"href":"https:\/\/jorgezanoni.com.br\/2019\/wp-json\/wp\/v2\/users\/1"}],"replies":[{"embeddable":true,"href":"https:\/\/jorgezanoni.com.br\/2019\/wp-json\/wp\/v2\/comments?post=52788"}],"version-history":[{"count":0,"href":"https:\/\/jorgezanoni.com.br\/2019\/wp-json\/wp\/v2\/posts\/52788\/revisions"}],"wp:featuredmedia":[{"embeddable":true,"href":"https:\/\/jorgezanoni.com.br\/2019\/wp-json\/wp\/v2\/media\/52790"}],"wp:attachment":[{"href":"https:\/\/jorgezanoni.com.br\/2019\/wp-json\/wp\/v2\/media?parent=52788"}],"wp:term":[{"taxonomy":"category","embeddable":true,"href":"https:\/\/jorgezanoni.com.br\/2019\/wp-json\/wp\/v2\/categories?post=52788"},{"taxonomy":"post_tag","embeddable":true,"href":"https:\/\/jorgezanoni.com.br\/2019\/wp-json\/wp\/v2\/tags?post=52788"}],"curies":[{"name":"wp","href":"https:\/\/api.w.org\/{rel}","templated":true}]}}