{"id":52779,"date":"2021-08-21T16:54:32","date_gmt":"2021-08-21T16:54:32","guid":{"rendered":"https:\/\/jorgezanoni.com.br\/2019\/?p=52779"},"modified":"2021-08-21T16:54:32","modified_gmt":"2021-08-21T16:54:32","slug":"governo-de-sp-contrata-novos-agentes-de-seguranca-penitenciaria","status":"publish","type":"post","link":"https:\/\/jorgezanoni.com.br\/2019\/governo-de-sp-contrata-novos-agentes-de-seguranca-penitenciaria\/","title":{"rendered":"Governo de SP contrata novos Agentes de Seguran\u00e7a Penitenci\u00e1ria\u00a0\u00a0"},"content":{"rendered":"<div>\n<p class=\"v1xxxxxxxxmsonormal\" style=\"text-align: justify;\"><strong><i>Ser\u00e3o convocados 1.034 candidatos remanescentes de concurso realizado anteriormente.<\/i><\/strong><i>\u00a0<\/i><\/p>\n<p class=\"v1xxxxxxxxmsoheader\" style=\"text-align: justify;\"><span lang=\"X-NONE\">O Governo do Estado de S\u00e3o Paulo, por meio da Secretaria da Administra\u00e7\u00e3o Penitenci\u00e1ria, publicou hoje, 20, a convoca\u00e7\u00e3o para preenchimento de 1.034 cargos remanescentes do concurso n\u00ba 121\/2014. Os aprovados dever\u00e3o comparecer na sede da Secretaria, na Avenida General Ataliba Leonel, 556, em\u00a0\u00a0Santana, zona norte da capital, entre quinta e sexta-feira da semana que vem, 26 e 27\/08, para confirmarem o interesse na nomea\u00e7\u00e3o.\u00a0Como parte dos protocolos de preven\u00e7\u00e3o \u00e0 Covid-19, eles dever\u00e3o levar sua pr\u00f3pria caneta (azul ou preta), manter distanciamento uns dos outros e usar m\u00e1scara. Em caso de sintomas ou contato com algu\u00e9m doente ou com suspeita de Covid-19, at\u00e9 14 dias antes da data da sess\u00e3o, a pessoa dever\u00e1 constituir procurador.<\/span>\u00a0<b><span lang=\"X-NONE\">\u00a0<\/span><\/b><\/p>\n<p class=\"v1xxxxxxxxmsoheader\" style=\"text-align: justify;\"><span lang=\"X-NONE\">Os dias e hor\u00e1rios de comparecimento dos candidatos est\u00e3o publicados no pr\u00f3prio Di\u00e1rio Oficial.<b>\u00a0<\/b>Eles ser\u00e3o chamados para anu\u00eancia\u00a0<\/span>na\u00a0<span lang=\"X-NONE\">ordem de que trata o Edital de Classifica\u00e7\u00e3o Final CCP n\u00ba. 002\/2017, publicado\u00a0<\/span>no Di\u00e1rio Oficial do Estado de S\u00e3o Paulo de\u00a0<span lang=\"X-NONE\">06\/01\/2017<\/span>\u00a0e altera\u00e7\u00f5es posteriores<span lang=\"X-NONE\">.\u00a0D<\/span>ever\u00e3o comparecer munidos de documento de identifica\u00e7\u00e3o, que pode ser:\u00a0\u00a0RG;\u00a0<span lang=\"X-NONE\">Carteira de \u00d3rg\u00e3o ou Conselho de Classe<\/span>;\u00a0<span lang=\"X-NONE\">Carteira de Trabalho e Previd\u00eancia Social (CTPS)<\/span>;\u00a0<span lang=\"X-NONE\">Certificado de Alistamento Militar<\/span>;\u00a0<span lang=\"X-NONE\">Carteira Nacional de Habilita\u00e7\u00e3o<\/span>\u00a0ou\u00a0<span lang=\"X-NONE\">Passaporte<\/span>. Seja qual for o documento, dever\u00e1 ser original e conter foto que permita a identifica\u00e7\u00e3o. Habilita\u00e7\u00e3o ou Passaporte dever\u00e3o estar no prazo de validade. Quem n\u00e3o puder comparecer, poder\u00e1 ser representado por\u00a0<span lang=\"X-NONE\">procurador, devidamente documentado, que apresentar\u00e1 c\u00f3pia de um\u00a0<\/span>dos<span lang=\"X-NONE\">\u00a0documentos de identifica\u00e7\u00e3o do candidato<\/span>.\u00a0\u00a0<span lang=\"X-NONE\">Nos pr\u00f3ximos meses,\u00a0<\/span>os novos ingressantes\u00a0<span lang=\"X-NONE\">passar\u00e3o por treinamento<\/span>\u00a0na Escola de Administra\u00e7\u00e3o Penitenci\u00e1ria\u00a0<span lang=\"X-NONE\">\u00a0e, sendo aprovados,\u00a0<\/span>integrar\u00e3o o contingentes de Agentes de Seguran\u00e7a Penitenci\u00e1ria do Estado de S\u00e3o Paulo que trabalham dentro dos pres\u00eddios.<\/p>\n<p><img loading=\"lazy\" decoding=\"async\" class=\"alignnone size-full wp-image-52781\" src=\"https:\/\/jorgezanoni.com.br\/2019\/wp-content\/uploads\/2021\/08\/sap1.jpg\" alt=\"\" width=\"800\" height=\"517\" srcset=\"https:\/\/jorgezanoni.com.br\/2019\/wp-content\/uploads\/2021\/08\/sap1.jpg 800w, https:\/\/jorgezanoni.com.br\/2019\/wp-content\/uploads\/2021\/08\/sap1-300x194.jpg 300w, https:\/\/jorgezanoni.com.br\/2019\/wp-content\/uploads\/2021\/08\/sap1-768x496.jpg 768w, https:\/\/jorgezanoni.com.br\/2019\/wp-content\/uploads\/2021\/08\/sap1-696x450.jpg 696w, https:\/\/jorgezanoni.com.br\/2019\/wp-content\/uploads\/2021\/08\/sap1-650x420.jpg 650w\" sizes=\"auto, (max-width: 800px) 100vw, 800px\" \/> <img loading=\"lazy\" decoding=\"async\" class=\"alignnone size-full wp-image-52782\" src=\"https:\/\/jorgezanoni.com.br\/2019\/wp-content\/uploads\/2021\/08\/Sap2.jpg\" alt=\"\" width=\"800\" height=\"1207\" srcset=\"https:\/\/jorgezanoni.com.br\/2019\/wp-content\/uploads\/2021\/08\/Sap2.jpg 800w, https:\/\/jorgezanoni.com.br\/2019\/wp-content\/uploads\/2021\/08\/Sap2-199x300.jpg 199w, https:\/\/jorgezanoni.com.br\/2019\/wp-content\/uploads\/2021\/08\/Sap2-679x1024.jpg 679w, https:\/\/jorgezanoni.com.br\/2019\/wp-content\/uploads\/2021\/08\/Sap2-768x1159.jpg 768w, https:\/\/jorgezanoni.com.br\/2019\/wp-content\/uploads\/2021\/08\/Sap2-696x1050.jpg 696w, https:\/\/jorgezanoni.com.br\/2019\/wp-content\/uploads\/2021\/08\/Sap2-278x420.jpg 278w\" sizes=\"auto, (max-width: 800px) 100vw, 800px\" \/><\/p>\n<\/div>\n<div>\n<div id=\"v1Signature\">\n<div>\n<div>Respeitosamente,<\/div>\n<div><\/div>\n<div><img loading=\"lazy\" decoding=\"async\" class=\"v1EmojiInsert\" src=\"https:\/\/jorgezanoni.com.br:2096\/cpsess9723616103\/3rdparty\/roundcube\/?_task=mail&amp;_action=get&amp;_mbox=INBOX&amp;_uid=29702&amp;_token=MidcLjW5Qx69rD2QIoqKj7E5bqtTChav&amp;_part=1.2&amp;_embed=1&amp;_mimeclass=image\" width=\"387\" height=\"123\" \/><\/div>\n<\/div>\n<\/div>\n<\/div>\n","protected":false},"excerpt":{"rendered":"<p>Ser\u00e3o convocados 1.034 candidatos remanescentes de concurso realizado anteriormente.\u00a0 O Governo do Estado de S\u00e3o Paulo, por meio da Secretaria da Administra\u00e7\u00e3o Penitenci\u00e1ria, publicou hoje, 20, a convoca\u00e7\u00e3o para preenchimento de 1.034 cargos remanescentes do concurso n\u00ba 121\/2014. Os aprovados dever\u00e3o comparecer na sede da Secretaria, na Avenida General Ataliba Leonel, 556, em\u00a0\u00a0Santana, zona norte [&hellip;]<\/p>\n","protected":false},"author":1,"featured_media":52780,"comment_status":"closed","ping_status":"open","sticky":false,"template":"","format":"standard","meta":{"footnotes":""},"categories":[114,110],"tags":[],"class_list":["post-52779","post","type-post","status-publish","format-standard","has-post-thumbnail","hentry","category-geralecomercio","category-noticiasdestaque"],"_links":{"self":[{"href":"https:\/\/jorgezanoni.com.br\/2019\/wp-json\/wp\/v2\/posts\/52779","targetHints":{"allow":["GET"]}}],"collection":[{"href":"https:\/\/jorgezanoni.com.br\/2019\/wp-json\/wp\/v2\/posts"}],"about":[{"href":"https:\/\/jorgezanoni.com.br\/2019\/wp-json\/wp\/v2\/types\/post"}],"author":[{"embeddable":true,"href":"https:\/\/jorgezanoni.com.br\/2019\/wp-json\/wp\/v2\/users\/1"}],"replies":[{"embeddable":true,"href":"https:\/\/jorgezanoni.com.br\/2019\/wp-json\/wp\/v2\/comments?post=52779"}],"version-history":[{"count":0,"href":"https:\/\/jorgezanoni.com.br\/2019\/wp-json\/wp\/v2\/posts\/52779\/revisions"}],"wp:featuredmedia":[{"embeddable":true,"href":"https:\/\/jorgezanoni.com.br\/2019\/wp-json\/wp\/v2\/media\/52780"}],"wp:attachment":[{"href":"https:\/\/jorgezanoni.com.br\/2019\/wp-json\/wp\/v2\/media?parent=52779"}],"wp:term":[{"taxonomy":"category","embeddable":true,"href":"https:\/\/jorgezanoni.com.br\/2019\/wp-json\/wp\/v2\/categories?post=52779"},{"taxonomy":"post_tag","embeddable":true,"href":"https:\/\/jorgezanoni.com.br\/2019\/wp-json\/wp\/v2\/tags?post=52779"}],"curies":[{"name":"wp","href":"https:\/\/api.w.org\/{rel}","templated":true}]}}