{"id":52773,"date":"2021-08-21T15:56:35","date_gmt":"2021-08-21T15:56:35","guid":{"rendered":"https:\/\/jorgezanoni.com.br\/2019\/?p=52773"},"modified":"2021-08-21T15:56:35","modified_gmt":"2021-08-21T15:56:35","slug":"formatura-da-3a-turma-do-curso-tecnico-em-estetica-do-cep-ume","status":"publish","type":"post","link":"https:\/\/jorgezanoni.com.br\/2019\/formatura-da-3a-turma-do-curso-tecnico-em-estetica-do-cep-ume\/","title":{"rendered":"Formatura da 3\u00aa turma do curso T\u00e9cnico em Est\u00e9tica do CEP\/UME"},"content":{"rendered":"<p style=\"text-align: justify;\"><span style=\"font-size: large;\">Na noite do dia 11 de agosto, o Centro de Educa\u00e7\u00e3o Profissional &#8220;Francisco Graziano Filho&#8221; (CEP) e a Unidade Modelo de Ensino (UME) promoveram a solenidade de formatura dos alunos da 3\u00aa turma do curso T\u00e9cnico em Est\u00e9tica, que levou o nome <\/span>da Profa. Dra.<span style=\"font-size: large;\">\u00a0Iara Buriola Trevisan.<\/span><\/p>\n<p><span style=\"font-size: large;\">Apenas os alunos e as autoridades\u00a0<\/span>estiveram<span style=\"font-size: large;\">\u00a0presentes no Audit\u00f3rio &#8220;Prof. Geraldo Mariano Alves&#8221;, em respeito aos protocolos sanit\u00e1rios da Covid-19, mas familiares e amigos acompanharam a emo\u00e7\u00e3o dos formandos pelo link:\u00a0<a href=\"https:\/\/youtu.be\/-3KHasoi0Fk\" target=\"_blank\" rel=\"noopener noreferrer\">https:\/\/youtu.be\/-3KHasoi0Fk<\/a>\u00a0(quem perdeu ainda pode conferir).<\/span><\/p>\n<p><span style=\"font-size: large;\">A mesa de honra foi composta por Julia Kiyomi Portari, diretora do CEP\/UME e presidente da cerim\u00f4nia; Paulo S\u00e9rgio Peres, presidente do Conselho de Curadores da Fundec; Fernando Nunes, diretor de comunica\u00e7\u00e3o e secret\u00e1rio assistente da dire\u00e7\u00e3o executiva da\u00a0<\/span>Fundec;<span style=\"font-size: large;\">\u00a0Cynthia Zanardi Esteves\u00a0<\/span>Ch\u00edtero,<span style=\"font-size: large;\">\u00a0coordenadora do curso T\u00e9cnico em Est\u00e9tica e patronesse dos formandos e a Profa. Francislene Mon\u00e7\u00e3o de Castro, paraninfa do curso.<\/span><\/p>\n<p><span style=\"font-size: large;\">O juramento foi conduzido pela formanda Let\u00edcia Sayuri Ibaraki Lima e a oradora da turma foi Maria Eduarda Grande de Ara\u00fajo, que tamb\u00e9m foi homenageada como a aluna que teve o melhor desempenho acad\u00eamico no curso e recebeu o certificado de Honra ao M\u00e9rito.<\/span><\/p>\n<p>Fonte: Assessoria de Imprensa Fundec<\/p>\n","protected":false},"excerpt":{"rendered":"<p>Na noite do dia 11 de agosto, o Centro de Educa\u00e7\u00e3o Profissional &#8220;Francisco Graziano Filho&#8221; (CEP) e a Unidade Modelo de Ensino (UME) promoveram a solenidade de formatura dos alunos da 3\u00aa turma do curso T\u00e9cnico em Est\u00e9tica, que levou o nome da Profa. Dra.\u00a0Iara Buriola Trevisan. Apenas os alunos e as autoridades\u00a0estiveram\u00a0presentes no Audit\u00f3rio [&hellip;]<\/p>\n","protected":false},"author":1,"featured_media":52774,"comment_status":"closed","ping_status":"open","sticky":false,"template":"","format":"standard","meta":{"footnotes":""},"categories":[110,122],"tags":[],"class_list":["post-52773","post","type-post","status-publish","format-standard","has-post-thumbnail","hentry","category-noticiasdestaque","category-saudeeducacaoeconcurso"],"_links":{"self":[{"href":"https:\/\/jorgezanoni.com.br\/2019\/wp-json\/wp\/v2\/posts\/52773","targetHints":{"allow":["GET"]}}],"collection":[{"href":"https:\/\/jorgezanoni.com.br\/2019\/wp-json\/wp\/v2\/posts"}],"about":[{"href":"https:\/\/jorgezanoni.com.br\/2019\/wp-json\/wp\/v2\/types\/post"}],"author":[{"embeddable":true,"href":"https:\/\/jorgezanoni.com.br\/2019\/wp-json\/wp\/v2\/users\/1"}],"replies":[{"embeddable":true,"href":"https:\/\/jorgezanoni.com.br\/2019\/wp-json\/wp\/v2\/comments?post=52773"}],"version-history":[{"count":0,"href":"https:\/\/jorgezanoni.com.br\/2019\/wp-json\/wp\/v2\/posts\/52773\/revisions"}],"wp:featuredmedia":[{"embeddable":true,"href":"https:\/\/jorgezanoni.com.br\/2019\/wp-json\/wp\/v2\/media\/52774"}],"wp:attachment":[{"href":"https:\/\/jorgezanoni.com.br\/2019\/wp-json\/wp\/v2\/media?parent=52773"}],"wp:term":[{"taxonomy":"category","embeddable":true,"href":"https:\/\/jorgezanoni.com.br\/2019\/wp-json\/wp\/v2\/categories?post=52773"},{"taxonomy":"post_tag","embeddable":true,"href":"https:\/\/jorgezanoni.com.br\/2019\/wp-json\/wp\/v2\/tags?post=52773"}],"curies":[{"name":"wp","href":"https:\/\/api.w.org\/{rel}","templated":true}]}}