{"id":52724,"date":"2021-08-20T14:25:54","date_gmt":"2021-08-20T14:25:54","guid":{"rendered":"https:\/\/jorgezanoni.com.br\/2019\/?p=52724"},"modified":"2021-08-20T14:25:54","modified_gmt":"2021-08-20T14:25:54","slug":"unati-retoma-atividades-em-formato-digital","status":"publish","type":"post","link":"https:\/\/jorgezanoni.com.br\/2019\/unati-retoma-atividades-em-formato-digital\/","title":{"rendered":"Unati retoma atividades em formato digital"},"content":{"rendered":"<div dir=\"ltr\" style=\"text-align: justify;\"><span style=\"font-size: large;\">A 13\u00aa turma da Universidade Aberta \u00e0 Terceira Idade (Unati) iniciou suas aulas no dia 10 de agosto trazendo uma grande novidade: atividades realizadas em formato digital! Os encontros s\u00e3o realizados semanalmente, \u00e0s ter\u00e7as e quintas-feiras, com in\u00edcio \u00e0s 14h, via Meet (ferramenta do Google For Education).<\/span><\/div>\n<div dir=\"ltr\" style=\"text-align: justify;\"><span style=\"font-size: large;\"><br \/>\nNa aula inaugural, os alunos foram recebidos pelo diretor acad\u00eamico da Unifadra Prof. Dr.<\/span><span style=\"font-size: large;\">\u00a0Enio Garbelini; pela vice-diretora da Unesp de Dracena Profa. Dra.\u00a0<\/span><span style=\"font-size: large;\">Sirlei Aparecida Maest\u00e1; pelos coordenadores do programa Profa. Ma. Daniela Mac\u00e1rio Cust\u00f3dio (Unifadra) e Prof. Dr.\u00a0<\/span><span style=\"font-size: large;\">Gustavo do Valle Polycarpo (Unesp), pela Profa. Esp. Aline Siqueira (Fundec) e pelos monitores D\u00e9bora Mathias e Andr\u00e9 Lopes.<\/span><br \/>\n<span style=\"font-size: large;\">Com a novidade de ser totalmente digital, a Unati atraiu alunos das cidades de Dracena e regi\u00e3o, al\u00e9m de participantes de Campo Grande (MS) e Londrina (PR), por exemplo.<\/span><\/div>\n<div dir=\"ltr\" style=\"text-align: justify;\"><span style=\"font-size: large;\"><br \/>\nDaniela Mac\u00e1rio destaca que &#8220;isso aconteceu devido ao fato de ser digital neste ano. Logo no primeiro dia os pr\u00f3prios alunos se surpreenderam com esta novidade e acharam muito interessante. Est\u00e1 havendo uma troca muito rica de informa\u00e7\u00f5es e conhecimentos entre eles. A possibilidade de fazer novos amigos, de lugares t\u00e3o distantes, trouxe muita satisfa\u00e7\u00e3o a todos os envolvidos&#8221;.<\/span><\/div>\n<div dir=\"ltr\" style=\"text-align: justify;\"><span style=\"font-size: large;\"><br \/>\nGustavo Polycarpo ainda pontua que &#8220;as\u00a0<\/span><span style=\"font-size: large;\">atividades, mesmo que de forma remota, proporcionar\u00e3o intera\u00e7\u00e3o e maior bem-estar aos\u00a0<\/span>Unatianos<span style=\"font-size: large;\">\u00a0nesse momento de isolamento.\u00a0<\/span>\u00a0Acreditamos que a Unati ir\u00e1 contribuir para minimizar os efeitos da restri\u00e7\u00e3o social causada pela pandemia do novo coronav\u00edrus, a qual foi bastante severa com os idosos&#8221;.<\/div>\n<div dir=\"ltr\" style=\"text-align: justify;\"><\/div>\n<div dir=\"ltr\" style=\"text-align: justify;\"><span style=\"font-size: large;\">A primeira atividade proposta ao grupo foi f\u00edsica, com orienta\u00e7\u00e3o da Profa. Esp. Aline, educadora f\u00edsica formada na Unifadra e que atua no Col\u00e9gio Anglo-CID, mantido pela Fundec, atendendo tamb\u00e9m em projetos desenvolvidos pela Unifadra, como o Viva a Vida e a pr\u00f3pria Unati.<\/span><\/div>\n<div dir=\"ltr\" style=\"text-align: justify;\"><span style=\"font-size: large;\"><br \/>\nEm outro encontro, os alunos tiveram a oportunidade de conversar um pouco sobre sa\u00fade mental em tempos de pandemia, com a Profa. Esp. F\u00e1tima Simone Silva Pereira Consoni, que atua no curso de psicologia da Unifadra e est\u00e1 cursando mestrado na \u00e1rea.<\/span><\/div>\n<div dir=\"ltr\" style=\"text-align: justify;\"><span style=\"font-size: large;\"><br \/>\nNa pr\u00f3xima semana, est\u00e3o programadas as atividades com o Prof. Dr.\u00a0<\/span><span style=\"font-size: large;\">Daniel Nicodemo, zootecnista da Unesp de Dracena, que tratar\u00e1 do assunto &#8220;as abelhas e os produtos ap\u00edcolas&#8221;.<\/span><\/div>\n<div dir=\"ltr\" style=\"text-align: justify;\"><span style=\"font-size: large;\"><br \/>\nAs atividades s\u00e3o revezadas entre as duas institui\u00e7\u00f5es envolvidas, proporcionando aos participantes a troca de conhecimentos no \u00e2mbito ps\u00edquico, cultural, cient\u00edfico-tecnol\u00f3gico, f\u00edsico e social e, principalmente, emocional.<\/span><br \/>\n<span style=\"font-size: large;\">A inser\u00e7\u00e3o do idoso no contexto acad\u00eamico \u00e9 uma das fun\u00e7\u00f5es sociais das institui\u00e7\u00f5es de ensino, assim, a Unesp e a Fundec v\u00eam fazendo seu papel desde 2008.<\/span><\/div>\n<div dir=\"ltr\" style=\"text-align: justify;\"><span style=\"font-size: large;\"><br \/>\nO diretor acad\u00eamico da Unifadra Prof. Dr.\u00a0<\/span><span style=\"font-size: large;\">Enio Garbelini parabeniza toda a equipe pelo &#8220;trabalho\u00a0q<\/span><span style=\"font-size: large;\">ue possibilitou o retorno das atividades de forma digital nesse momento de isolamento, propiciando aos\u00a0<\/span>Unatianos,<span style=\"font-size: large;\">\u00a0mesmo que de forma remota, a intera\u00e7\u00e3o com outras pessoas, visando ao bem-estar de todos&#8221;.<\/span><\/div>\n<div dir=\"ltr\" style=\"text-align: justify;\"><span style=\"font-size: large;\"><br \/>\nA vice-diretora da Unesp de Dracena Profa. Dra. Sirlei Aparecida Maest\u00e1 acrescenta que &#8220;este \u00e9 um programa de grande sucesso no formato presencial, que agora vem num novo formato, o digital. Se antes a inclus\u00e3o digital do idoso j\u00e1 vinha ocorrendo, atualmente com a pandemia, este processo se acelerou ainda mais e a Unati n\u00e3o poderia ficar de fora. Dessa forma, as atividades da Universidade Aberta \u00e0 Terceira Idade v\u00eam contribuindo, mesmo que de forma remota, para a redu\u00e7\u00e3o dos impactos do distanciamento social e melhora da qualidade de vida do idoso&#8221;.<\/span><\/div>\n<div dir=\"ltr\" style=\"text-align: justify;\"><span style=\"font-size: large;\"><br \/>\nA Unati \u00e9 um programa realizado anualmente pela Fundec &#8211; Funda\u00e7\u00e3o Dracenense de Educa\u00e7\u00e3o e Cultura (com sua unidade de ensino superior Unifadra) e Unesp &#8211; Universidade Estadual Paulista &#8211; Campus de Dracena, com o apoio da Prefeitura Municipal de Dracena.<\/span><\/div>\n<div dir=\"ltr\"><\/div>\n<div dir=\"ltr\"><img loading=\"lazy\" decoding=\"async\" class=\"alignnone size-full wp-image-52726\" src=\"https:\/\/jorgezanoni.com.br\/2019\/wp-content\/uploads\/2021\/08\/Unati1.jpeg\" alt=\"\" width=\"1280\" height=\"668\" srcset=\"https:\/\/jorgezanoni.com.br\/2019\/wp-content\/uploads\/2021\/08\/Unati1.jpeg 1280w, https:\/\/jorgezanoni.com.br\/2019\/wp-content\/uploads\/2021\/08\/Unati1-300x157.jpeg 300w, https:\/\/jorgezanoni.com.br\/2019\/wp-content\/uploads\/2021\/08\/Unati1-1024x534.jpeg 1024w, https:\/\/jorgezanoni.com.br\/2019\/wp-content\/uploads\/2021\/08\/Unati1-768x401.jpeg 768w, https:\/\/jorgezanoni.com.br\/2019\/wp-content\/uploads\/2021\/08\/Unati1-696x363.jpeg 696w, https:\/\/jorgezanoni.com.br\/2019\/wp-content\/uploads\/2021\/08\/Unati1-1068x557.jpeg 1068w, https:\/\/jorgezanoni.com.br\/2019\/wp-content\/uploads\/2021\/08\/Unati1-805x420.jpeg 805w\" sizes=\"auto, (max-width: 1280px) 100vw, 1280px\" \/><\/div>\n<div dir=\"ltr\"><\/div>\n<div dir=\"ltr\">Fone: Assessoria de Imprensa Fundec<\/div>\n","protected":false},"excerpt":{"rendered":"<p>A 13\u00aa turma da Universidade Aberta \u00e0 Terceira Idade (Unati) iniciou suas aulas no dia 10 de agosto trazendo uma grande novidade: atividades realizadas em formato digital! Os encontros s\u00e3o realizados semanalmente, \u00e0s ter\u00e7as e quintas-feiras, com in\u00edcio \u00e0s 14h, via Meet (ferramenta do Google For Education). Na aula inaugural, os alunos foram recebidos pelo [&hellip;]<\/p>\n","protected":false},"author":1,"featured_media":52725,"comment_status":"closed","ping_status":"open","sticky":false,"template":"","format":"standard","meta":{"footnotes":""},"categories":[122],"tags":[],"class_list":["post-52724","post","type-post","status-publish","format-standard","has-post-thumbnail","hentry","category-saudeeducacaoeconcurso"],"_links":{"self":[{"href":"https:\/\/jorgezanoni.com.br\/2019\/wp-json\/wp\/v2\/posts\/52724","targetHints":{"allow":["GET"]}}],"collection":[{"href":"https:\/\/jorgezanoni.com.br\/2019\/wp-json\/wp\/v2\/posts"}],"about":[{"href":"https:\/\/jorgezanoni.com.br\/2019\/wp-json\/wp\/v2\/types\/post"}],"author":[{"embeddable":true,"href":"https:\/\/jorgezanoni.com.br\/2019\/wp-json\/wp\/v2\/users\/1"}],"replies":[{"embeddable":true,"href":"https:\/\/jorgezanoni.com.br\/2019\/wp-json\/wp\/v2\/comments?post=52724"}],"version-history":[{"count":0,"href":"https:\/\/jorgezanoni.com.br\/2019\/wp-json\/wp\/v2\/posts\/52724\/revisions"}],"wp:featuredmedia":[{"embeddable":true,"href":"https:\/\/jorgezanoni.com.br\/2019\/wp-json\/wp\/v2\/media\/52725"}],"wp:attachment":[{"href":"https:\/\/jorgezanoni.com.br\/2019\/wp-json\/wp\/v2\/media?parent=52724"}],"wp:term":[{"taxonomy":"category","embeddable":true,"href":"https:\/\/jorgezanoni.com.br\/2019\/wp-json\/wp\/v2\/categories?post=52724"},{"taxonomy":"post_tag","embeddable":true,"href":"https:\/\/jorgezanoni.com.br\/2019\/wp-json\/wp\/v2\/tags?post=52724"}],"curies":[{"name":"wp","href":"https:\/\/api.w.org\/{rel}","templated":true}]}}