{"id":5270,"date":"2019-09-04T11:45:08","date_gmt":"2019-09-04T11:45:08","guid":{"rendered":"https:\/\/jorgezanoni.com.br\/2019\/?p=5270"},"modified":"2019-09-04T11:45:08","modified_gmt":"2019-09-04T11:45:08","slug":"duas-jovens-morrem-em-acidente-entre-carro-e-moto","status":"publish","type":"post","link":"https:\/\/jorgezanoni.com.br\/2019\/duas-jovens-morrem-em-acidente-entre-carro-e-moto\/","title":{"rendered":"Duas jovens morrem em acidente entre carro e moto"},"content":{"rendered":"<p><strong>Mirella Ricci, 21 anos e Elaine Cristina, 27 anos s\u00e3o as v\u00edtimas fatais.<\/strong><\/p>\n<p><img loading=\"lazy\" decoding=\"async\" class=\"alignnone size-full wp-image-5271\" src=\"https:\/\/jorgezanoni.com.br\/2019\/wp-content\/uploads\/2019\/09\/bastos1.jpg\" alt=\"\" width=\"870\" height=\"522\" srcset=\"https:\/\/jorgezanoni.com.br\/2019\/wp-content\/uploads\/2019\/09\/bastos1.jpg 870w, https:\/\/jorgezanoni.com.br\/2019\/wp-content\/uploads\/2019\/09\/bastos1-300x180.jpg 300w, https:\/\/jorgezanoni.com.br\/2019\/wp-content\/uploads\/2019\/09\/bastos1-768x461.jpg 768w, https:\/\/jorgezanoni.com.br\/2019\/wp-content\/uploads\/2019\/09\/bastos1-696x418.jpg 696w, https:\/\/jorgezanoni.com.br\/2019\/wp-content\/uploads\/2019\/09\/bastos1-700x420.jpg 700w\" sizes=\"auto, (max-width: 870px) 100vw, 870px\" \/><\/p>\n<p style=\"text-align: justify;\">Um grave acidente entre uma moto e um carro ocorrido na Rodovia Brigadeiro Eduardo Gomes (SP-457) resultou na morte de duas jovens de 21 e 27 anos de idade.<\/p>\n<p><img loading=\"lazy\" decoding=\"async\" class=\"alignnone size-full wp-image-5272\" src=\"https:\/\/jorgezanoni.com.br\/2019\/wp-content\/uploads\/2019\/09\/bastos2.jpg\" alt=\"\" width=\"870\" height=\"522\" srcset=\"https:\/\/jorgezanoni.com.br\/2019\/wp-content\/uploads\/2019\/09\/bastos2.jpg 870w, https:\/\/jorgezanoni.com.br\/2019\/wp-content\/uploads\/2019\/09\/bastos2-300x180.jpg 300w, https:\/\/jorgezanoni.com.br\/2019\/wp-content\/uploads\/2019\/09\/bastos2-768x461.jpg 768w, https:\/\/jorgezanoni.com.br\/2019\/wp-content\/uploads\/2019\/09\/bastos2-696x418.jpg 696w, https:\/\/jorgezanoni.com.br\/2019\/wp-content\/uploads\/2019\/09\/bastos2-700x420.jpg 700w\" sizes=\"auto, (max-width: 870px) 100vw, 870px\" \/><\/p>\n<p style=\"text-align: justify;\">O acidente ocorreu na noite desta ter\u00e7a-feira (3), no km 102 + 700 metros no trecho que liga os munic\u00edpios de Bastos e Iacri.<\/p>\n<p><img loading=\"lazy\" decoding=\"async\" class=\"alignnone size-full wp-image-5273\" src=\"https:\/\/jorgezanoni.com.br\/2019\/wp-content\/uploads\/2019\/09\/bastos3.jpg\" alt=\"\" width=\"870\" height=\"522\" srcset=\"https:\/\/jorgezanoni.com.br\/2019\/wp-content\/uploads\/2019\/09\/bastos3.jpg 870w, https:\/\/jorgezanoni.com.br\/2019\/wp-content\/uploads\/2019\/09\/bastos3-300x180.jpg 300w, https:\/\/jorgezanoni.com.br\/2019\/wp-content\/uploads\/2019\/09\/bastos3-768x461.jpg 768w, https:\/\/jorgezanoni.com.br\/2019\/wp-content\/uploads\/2019\/09\/bastos3-696x418.jpg 696w, https:\/\/jorgezanoni.com.br\/2019\/wp-content\/uploads\/2019\/09\/bastos3-700x420.jpg 700w\" sizes=\"auto, (max-width: 870px) 100vw, 870px\" \/><\/p>\n<p style=\"text-align: justify;\">Por volta das 22h30, por motivos a serem esclarecidos, ocorreu a colis\u00e3o entre o ve\u00edculo Palio Weekend e a moto em que estavam as v\u00edtimas. As mulheres foram arremessadas a v\u00e1rios metros de distancia do local em que ocorreu o choque dos ve\u00edculos.<\/p>\n<p style=\"text-align: justify;\">As duas mulheres chegaram a ser socorridas e foram levadas ao Pronto Socorro de Bastos e Pronto Socorro da Santa Casa de Tup\u00e3, por\u00e9m, n\u00e3o resistiram e acabaram falecendo.<\/p>\n<p><img loading=\"lazy\" decoding=\"async\" class=\"alignnone size-full wp-image-5274\" src=\"https:\/\/jorgezanoni.com.br\/2019\/wp-content\/uploads\/2019\/09\/bastos4.jpg\" alt=\"\" width=\"870\" height=\"522\" srcset=\"https:\/\/jorgezanoni.com.br\/2019\/wp-content\/uploads\/2019\/09\/bastos4.jpg 870w, https:\/\/jorgezanoni.com.br\/2019\/wp-content\/uploads\/2019\/09\/bastos4-300x180.jpg 300w, https:\/\/jorgezanoni.com.br\/2019\/wp-content\/uploads\/2019\/09\/bastos4-768x461.jpg 768w, https:\/\/jorgezanoni.com.br\/2019\/wp-content\/uploads\/2019\/09\/bastos4-696x418.jpg 696w, https:\/\/jorgezanoni.com.br\/2019\/wp-content\/uploads\/2019\/09\/bastos4-700x420.jpg 700w\" sizes=\"auto, (max-width: 870px) 100vw, 870px\" \/><\/p>\n<p style=\"text-align: justify;\">A Pol\u00edcia Civil investiga as causas do acidente. Um laudo vai apontar o que teria provocado a colis\u00e3o.<\/p>\n<p style=\"text-align: justify;\">Fonte: Bastos J\u00e1<\/p>\n","protected":false},"excerpt":{"rendered":"<p>Mirella Ricci, 21 anos e Elaine Cristina, 27 anos s\u00e3o as v\u00edtimas fatais. Um grave acidente entre uma moto e um carro ocorrido na Rodovia Brigadeiro Eduardo Gomes (SP-457) resultou na morte de duas jovens de 21 e 27 anos de idade. O acidente ocorreu na noite desta ter\u00e7a-feira (3), no km 102 + 700 [&hellip;]<\/p>\n","protected":false},"author":1,"featured_media":5275,"comment_status":"closed","ping_status":"open","sticky":false,"template":"","format":"standard","meta":{"footnotes":""},"categories":[170,110],"tags":[],"class_list":["post-5270","post","type-post","status-publish","format-standard","has-post-thumbnail","hentry","category-acidentes","category-noticiasdestaque"],"_links":{"self":[{"href":"https:\/\/jorgezanoni.com.br\/2019\/wp-json\/wp\/v2\/posts\/5270","targetHints":{"allow":["GET"]}}],"collection":[{"href":"https:\/\/jorgezanoni.com.br\/2019\/wp-json\/wp\/v2\/posts"}],"about":[{"href":"https:\/\/jorgezanoni.com.br\/2019\/wp-json\/wp\/v2\/types\/post"}],"author":[{"embeddable":true,"href":"https:\/\/jorgezanoni.com.br\/2019\/wp-json\/wp\/v2\/users\/1"}],"replies":[{"embeddable":true,"href":"https:\/\/jorgezanoni.com.br\/2019\/wp-json\/wp\/v2\/comments?post=5270"}],"version-history":[{"count":0,"href":"https:\/\/jorgezanoni.com.br\/2019\/wp-json\/wp\/v2\/posts\/5270\/revisions"}],"wp:featuredmedia":[{"embeddable":true,"href":"https:\/\/jorgezanoni.com.br\/2019\/wp-json\/wp\/v2\/media\/5275"}],"wp:attachment":[{"href":"https:\/\/jorgezanoni.com.br\/2019\/wp-json\/wp\/v2\/media?parent=5270"}],"wp:term":[{"taxonomy":"category","embeddable":true,"href":"https:\/\/jorgezanoni.com.br\/2019\/wp-json\/wp\/v2\/categories?post=5270"},{"taxonomy":"post_tag","embeddable":true,"href":"https:\/\/jorgezanoni.com.br\/2019\/wp-json\/wp\/v2\/tags?post=5270"}],"curies":[{"name":"wp","href":"https:\/\/api.w.org\/{rel}","templated":true}]}}