{"id":52685,"date":"2021-08-20T00:21:06","date_gmt":"2021-08-20T00:21:06","guid":{"rendered":"https:\/\/jorgezanoni.com.br\/2019\/?p=52685"},"modified":"2021-08-20T00:21:06","modified_gmt":"2021-08-20T00:21:06","slug":"hoje-comemora-se-o-dia-mundial-da-fotografia","status":"publish","type":"post","link":"https:\/\/jorgezanoni.com.br\/2019\/hoje-comemora-se-o-dia-mundial-da-fotografia\/","title":{"rendered":"Hoje comemora-se o &#8220;Dia Mundial da Fotografia&#8221;"},"content":{"rendered":"<p style=\"text-align: justify;\"><strong>O\u00a0Dia Mundial da Fotografia\u00a0\u00e9 comemorado anualmente em\u00a019 de agosto.<\/strong><\/p>\n<p style=\"text-align: justify;\">A fotografia \u00e9 uma das inven\u00e7\u00f5es mais extraordin\u00e1rias da hist\u00f3ria da humanidade e que revolucionou a sociedade a partir de meados do s\u00e9culo XIX, assim como a cultura, a economia, as arte e etc.<\/p>\n<p style=\"text-align: justify;\">Normalmente, durante este dia, acontecem palestras,\u00a0<em>workshops\u00a0<\/em>e demais atividades relacionadas \u00e0 fotografia.<\/p>\n<p style=\"text-align: justify;\">As fotografias podem ser utilizadas para informar, recordar ou como uma express\u00e3o art\u00edstica.<\/p>\n<p style=\"text-align: justify;\">Sejam fot\u00f3grafos profissionais ou amadores, no\u00a0<strong>Dia Mundial da Fotografia<\/strong>, todos os amantes desta arte comemoram a data fazendo muitas fotos.<\/p>\n<p style=\"text-align: justify;\">Os brasileiros ainda celebram o dia 8 de janeiro como o\u00a0<a href=\"https:\/\/www.calendarr.com\/brasil\/dia-do-fotografo\/\">Dia Nacional da Fotografia<\/a>, tamb\u00e9m conhecido como o\u00a0<strong>\u201cDia do Fot\u00f3grafo\u201d<\/strong>.<\/p>\n<p style=\"text-align: justify;\"><img loading=\"lazy\" decoding=\"async\" src=\"https:\/\/s.calendarr.com\/upload\/datas\/di\/am\/dia-mundial-da-fotografia_c.jpg\" alt=\"homem fotografando\" width=\"655\" height=\"405\" \/><\/p>\n<h2 style=\"text-align: justify;\">Origem do Dia Mundial da Fotografia<\/h2>\n<p style=\"text-align: justify;\">A escolha do dia 19 de agosto para celebrar esta data \u00e9 uma homenagem \u00e0 inven\u00e7\u00e3o do\u00a0<strong>daguerre\u00f3tipo<\/strong>, o antecessor das c\u00e2meras fotogr\u00e1ficas. Foi em 19 de agosto de 1839 que a Academia Francesa de Ci\u00eancias anunciava mundialmente a nova inven\u00e7\u00e3o.<\/p>\n<p style=\"text-align: justify;\">Este aparelho foi desenvolvido pelo franc\u00eas\u00a0<strong>Louis Daguerre\u00a0<\/strong>(1787-1851), em 1837, gra\u00e7as aos estudos de Joseph Ni\u00e9pce (1765-1833), que havia criado a\u00a0<em>h\u00e9liographie\u00a0<\/em>alguns anos antes.<\/p>\n<p style=\"text-align: justify;\">Em 1839 tamb\u00e9m foi inventado o cal\u00f3tipo, um outro sistema de captura de imagens, criado por William Fox Talbot (1800-1877). Por causa dessas incr\u00edveis inven\u00e7\u00f5es, 1839 se consagrou como o\u00a0<strong>Ano da Inven\u00e7\u00e3o da Fotografia<\/strong>.<\/p>\n<p style=\"text-align: justify;\">Fonte: https:\/\/www.calendarr.com\/brasil\/dia-mundial-da-fotografia\/<\/p>\n","protected":false},"excerpt":{"rendered":"<p>O\u00a0Dia Mundial da Fotografia\u00a0\u00e9 comemorado anualmente em\u00a019 de agosto. A fotografia \u00e9 uma das inven\u00e7\u00f5es mais extraordin\u00e1rias da hist\u00f3ria da humanidade e que revolucionou a sociedade a partir de meados do s\u00e9culo XIX, assim como a cultura, a economia, as arte e etc. Normalmente, durante este dia, acontecem palestras,\u00a0workshops\u00a0e demais atividades relacionadas \u00e0 fotografia. As [&hellip;]<\/p>\n","protected":false},"author":1,"featured_media":52686,"comment_status":"closed","ping_status":"open","sticky":false,"template":"","format":"standard","meta":{"footnotes":""},"categories":[114,110],"tags":[],"class_list":["post-52685","post","type-post","status-publish","format-standard","has-post-thumbnail","hentry","category-geralecomercio","category-noticiasdestaque"],"_links":{"self":[{"href":"https:\/\/jorgezanoni.com.br\/2019\/wp-json\/wp\/v2\/posts\/52685","targetHints":{"allow":["GET"]}}],"collection":[{"href":"https:\/\/jorgezanoni.com.br\/2019\/wp-json\/wp\/v2\/posts"}],"about":[{"href":"https:\/\/jorgezanoni.com.br\/2019\/wp-json\/wp\/v2\/types\/post"}],"author":[{"embeddable":true,"href":"https:\/\/jorgezanoni.com.br\/2019\/wp-json\/wp\/v2\/users\/1"}],"replies":[{"embeddable":true,"href":"https:\/\/jorgezanoni.com.br\/2019\/wp-json\/wp\/v2\/comments?post=52685"}],"version-history":[{"count":0,"href":"https:\/\/jorgezanoni.com.br\/2019\/wp-json\/wp\/v2\/posts\/52685\/revisions"}],"wp:featuredmedia":[{"embeddable":true,"href":"https:\/\/jorgezanoni.com.br\/2019\/wp-json\/wp\/v2\/media\/52686"}],"wp:attachment":[{"href":"https:\/\/jorgezanoni.com.br\/2019\/wp-json\/wp\/v2\/media?parent=52685"}],"wp:term":[{"taxonomy":"category","embeddable":true,"href":"https:\/\/jorgezanoni.com.br\/2019\/wp-json\/wp\/v2\/categories?post=52685"},{"taxonomy":"post_tag","embeddable":true,"href":"https:\/\/jorgezanoni.com.br\/2019\/wp-json\/wp\/v2\/tags?post=52685"}],"curies":[{"name":"wp","href":"https:\/\/api.w.org\/{rel}","templated":true}]}}