{"id":52668,"date":"2021-08-19T22:26:01","date_gmt":"2021-08-19T22:26:01","guid":{"rendered":"https:\/\/jorgezanoni.com.br\/2019\/?p=52668"},"modified":"2021-08-19T22:26:01","modified_gmt":"2021-08-19T22:26:01","slug":"vacinacao-covid-19-nesta-sexta-feira-para-os-adolescentes-de-12-a-17-anos","status":"publish","type":"post","link":"https:\/\/jorgezanoni.com.br\/2019\/vacinacao-covid-19-nesta-sexta-feira-para-os-adolescentes-de-12-a-17-anos\/","title":{"rendered":"VACINA\u00c7\u00c3O COVID 19: Nesta sexta-feira para os adolescentes de 12 a 17 anos"},"content":{"rendered":"<div class=\"ntc_resumo_noticia sw_lato_bold\" style=\"text-align: justify;\"><strong>Mas por enquanto o atendimento \u00e9 daqueles que tenham comorbidades, definidas pelo Minist\u00e9rio da Sa\u00fade, defici\u00eancia, gestantes e pu\u00e9rperas.<\/strong><\/div>\n<div><\/div>\n<div class=\"ntc_descricao_noticia\">\n<div class=\"ntc_cont_descricao_noticia sw_txteditor\">\n<div style=\"text-align: justify;\">Nesta sexta-feira, 20\/8, a vacina\u00e7\u00e3o covid estar\u00e1 liberada primeira dose, para adolescentes de 12 a 17 anos, que tenham comorbidades, definidas pelo Minist\u00e9rio da Sa\u00fade, defici\u00eancia, gestantes e pu\u00e9rperas.<br \/>\nTamb\u00e9m estar\u00e3o sendo aplicadas segundas doses agendadas ou atrasadas da Coronavac e AstraZeneca.<br \/>\nO posto de vacina\u00e7\u00e3o funciona das 8h \u00e0s 13h, na Igreja Assembleia de Deus Bel\u00e9m, rua Janu\u00e1rio Bonito 527, Vila Barros.<br \/>\nA Sa\u00fade municipal orienta esse p\u00fablico de adolescente que ao ir at\u00e9 ao posto de vacina\u00e7\u00e3o \u00e9 necess\u00e1rio apresentar o\u00a0atestado m\u00e9dico constando ter o CID (classifica\u00e7\u00e3o) da comorbidade, assim como o CRM do m\u00e9dico e que o atestado tenha data atual dos \u00faltimos 6 meses.<br \/>\nAtestados quanto \u00e0\u00a0obesidade precisam constar IMC &#8211; \u00cdndice de Massa Corp\u00f3rea\u00a0acima de 40.<\/p>\n<p><strong>18 ANOS E MAIS<\/strong><br \/>\nAs pessoas que t\u00eam 18 anos ou mais e ainda n\u00e3o tomaram a primeira dose dever\u00e3o aguardar o recebimento de novas vacinas para este grupo.<\/div>\n<div><\/div>\n<\/div>\n<\/div>\n<div><img loading=\"lazy\" decoding=\"async\" class=\"alignnone size-full wp-image-52670\" src=\"https:\/\/jorgezanoni.com.br\/2019\/wp-content\/uploads\/2021\/08\/vaci1.jpg\" alt=\"\" width=\"799\" height=\"369\" srcset=\"https:\/\/jorgezanoni.com.br\/2019\/wp-content\/uploads\/2021\/08\/vaci1.jpg 799w, https:\/\/jorgezanoni.com.br\/2019\/wp-content\/uploads\/2021\/08\/vaci1-300x139.jpg 300w, https:\/\/jorgezanoni.com.br\/2019\/wp-content\/uploads\/2021\/08\/vaci1-768x355.jpg 768w, https:\/\/jorgezanoni.com.br\/2019\/wp-content\/uploads\/2021\/08\/vaci1-696x321.jpg 696w\" sizes=\"auto, (max-width: 799px) 100vw, 799px\" \/> <img loading=\"lazy\" decoding=\"async\" class=\"alignnone size-full wp-image-52671\" src=\"https:\/\/jorgezanoni.com.br\/2019\/wp-content\/uploads\/2021\/08\/vaci2.jpg\" alt=\"\" width=\"799\" height=\"369\" srcset=\"https:\/\/jorgezanoni.com.br\/2019\/wp-content\/uploads\/2021\/08\/vaci2.jpg 799w, https:\/\/jorgezanoni.com.br\/2019\/wp-content\/uploads\/2021\/08\/vaci2-300x139.jpg 300w, https:\/\/jorgezanoni.com.br\/2019\/wp-content\/uploads\/2021\/08\/vaci2-768x355.jpg 768w, https:\/\/jorgezanoni.com.br\/2019\/wp-content\/uploads\/2021\/08\/vaci2-696x321.jpg 696w\" sizes=\"auto, (max-width: 799px) 100vw, 799px\" \/> <img loading=\"lazy\" decoding=\"async\" class=\"alignnone size-full wp-image-52672\" src=\"https:\/\/jorgezanoni.com.br\/2019\/wp-content\/uploads\/2021\/08\/vaci3.jpg\" alt=\"\" width=\"369\" height=\"799\" srcset=\"https:\/\/jorgezanoni.com.br\/2019\/wp-content\/uploads\/2021\/08\/vaci3.jpg 369w, https:\/\/jorgezanoni.com.br\/2019\/wp-content\/uploads\/2021\/08\/vaci3-139x300.jpg 139w, https:\/\/jorgezanoni.com.br\/2019\/wp-content\/uploads\/2021\/08\/vaci3-194x420.jpg 194w\" sizes=\"auto, (max-width: 369px) 100vw, 369px\" \/> <img loading=\"lazy\" decoding=\"async\" class=\"alignnone size-full wp-image-52673\" src=\"https:\/\/jorgezanoni.com.br\/2019\/wp-content\/uploads\/2021\/08\/vaci4.jpg\" alt=\"\" width=\"720\" height=\"720\" srcset=\"https:\/\/jorgezanoni.com.br\/2019\/wp-content\/uploads\/2021\/08\/vaci4.jpg 720w, https:\/\/jorgezanoni.com.br\/2019\/wp-content\/uploads\/2021\/08\/vaci4-300x300.jpg 300w, https:\/\/jorgezanoni.com.br\/2019\/wp-content\/uploads\/2021\/08\/vaci4-150x150.jpg 150w, https:\/\/jorgezanoni.com.br\/2019\/wp-content\/uploads\/2021\/08\/vaci4-696x696.jpg 696w, https:\/\/jorgezanoni.com.br\/2019\/wp-content\/uploads\/2021\/08\/vaci4-420x420.jpg 420w\" sizes=\"auto, (max-width: 720px) 100vw, 720px\" \/><\/div>\n<div class=\"ntc_descricao_noticia\">\n<div><\/div>\n<div>Fonte: Diretoria de Comunica\u00e7\u00e3o<\/div>\n<\/div>\n","protected":false},"excerpt":{"rendered":"<p>Mas por enquanto o atendimento \u00e9 daqueles que tenham comorbidades, definidas pelo Minist\u00e9rio da Sa\u00fade, defici\u00eancia, gestantes e pu\u00e9rperas. Nesta sexta-feira, 20\/8, a vacina\u00e7\u00e3o covid estar\u00e1 liberada primeira dose, para adolescentes de 12 a 17 anos, que tenham comorbidades, definidas pelo Minist\u00e9rio da Sa\u00fade, defici\u00eancia, gestantes e pu\u00e9rperas. Tamb\u00e9m estar\u00e3o sendo aplicadas segundas doses agendadas [&hellip;]<\/p>\n","protected":false},"author":1,"featured_media":52669,"comment_status":"closed","ping_status":"open","sticky":false,"template":"","format":"standard","meta":{"footnotes":""},"categories":[179,184,110],"tags":[],"class_list":["post-52668","post","type-post","status-publish","format-standard","has-post-thumbnail","hentry","category-cidadeseregiao","category-dracena","category-noticiasdestaque"],"_links":{"self":[{"href":"https:\/\/jorgezanoni.com.br\/2019\/wp-json\/wp\/v2\/posts\/52668","targetHints":{"allow":["GET"]}}],"collection":[{"href":"https:\/\/jorgezanoni.com.br\/2019\/wp-json\/wp\/v2\/posts"}],"about":[{"href":"https:\/\/jorgezanoni.com.br\/2019\/wp-json\/wp\/v2\/types\/post"}],"author":[{"embeddable":true,"href":"https:\/\/jorgezanoni.com.br\/2019\/wp-json\/wp\/v2\/users\/1"}],"replies":[{"embeddable":true,"href":"https:\/\/jorgezanoni.com.br\/2019\/wp-json\/wp\/v2\/comments?post=52668"}],"version-history":[{"count":0,"href":"https:\/\/jorgezanoni.com.br\/2019\/wp-json\/wp\/v2\/posts\/52668\/revisions"}],"wp:featuredmedia":[{"embeddable":true,"href":"https:\/\/jorgezanoni.com.br\/2019\/wp-json\/wp\/v2\/media\/52669"}],"wp:attachment":[{"href":"https:\/\/jorgezanoni.com.br\/2019\/wp-json\/wp\/v2\/media?parent=52668"}],"wp:term":[{"taxonomy":"category","embeddable":true,"href":"https:\/\/jorgezanoni.com.br\/2019\/wp-json\/wp\/v2\/categories?post=52668"},{"taxonomy":"post_tag","embeddable":true,"href":"https:\/\/jorgezanoni.com.br\/2019\/wp-json\/wp\/v2\/tags?post=52668"}],"curies":[{"name":"wp","href":"https:\/\/api.w.org\/{rel}","templated":true}]}}