{"id":52665,"date":"2021-08-19T21:33:48","date_gmt":"2021-08-19T21:33:48","guid":{"rendered":"https:\/\/jorgezanoni.com.br\/2019\/?p=52665"},"modified":"2021-08-19T21:33:48","modified_gmt":"2021-08-19T21:33:48","slug":"fechamento-da-santa-casa-de-pacaembu-e-anunciado-em-reuniao-e-deve-ser-oficializado-nos-proximos-dias","status":"publish","type":"post","link":"https:\/\/jorgezanoni.com.br\/2019\/fechamento-da-santa-casa-de-pacaembu-e-anunciado-em-reuniao-e-deve-ser-oficializado-nos-proximos-dias\/","title":{"rendered":"Fechamento da Santa Casa de Pacaembu \u00e9 anunciado em reuni\u00e3o e deve ser oficializado nos pr\u00f3ximos dias"},"content":{"rendered":"<p style=\"text-align: justify;\">O encerramento das atividades da Santa Casa de Miseric\u00f3rdia de Pacaembu foi confirmado e anunciado durante reuni\u00e3o realizada nesta quarta-feira (18).<\/p>\n<p style=\"text-align: justify;\">De acordo com informa\u00e7\u00f5es apuradas pelo jornalismo do Grupo Folha Regional (Jornal TV e Site), participaram da reuni\u00e3o membros da Santa Casa, representantes do Minist\u00e9rio P\u00fablico e o prefeito Jo\u00e3o Francisco Mugnai Neves (PL).<\/p>\n<p style=\"text-align: justify;\">Durante a reuni\u00e3o foi explanado que a Santa Casa j\u00e1 n\u00e3o possui mais condi\u00e7\u00f5es de manter as portas abertas e o atendimento \u00e0 popula\u00e7\u00e3o pacaembuense.<\/p>\n<p style=\"text-align: justify;\">Tamb\u00e9m foi elencada a atual situa\u00e7\u00e3o enfrentada com o bloqueio judicial de contas banc\u00e1rias, falta de documentos para receber verbas estaduais e federais, a apura\u00e7\u00e3o de crimes pela \u201cOpera\u00e7\u00e3o Raio-X\u201d que envolve a Santa Casa de Pacaembu e outros assuntos que impactam diretamente de forma negativa no seu funcionamento.<\/p>\n<p style=\"text-align: justify;\">O an\u00fancio oficial com a data exata de encerramento de atividades deve ser feito nos pr\u00f3ximos dias.<br \/>\n<strong><br \/>\nO QUE DIZ O PREFEITO<\/strong><\/p>\n<p style=\"text-align: justify;\">Visando esclarecer algumas d\u00favidas sobre o assunto que gera grande preocupa\u00e7\u00e3o na popula\u00e7\u00e3o desde que foi ventilada a possibilidade de fechamento do hospital, nossa reportagem falou momentos antes da postagem desta mat\u00e9ria com o prefeito Jo\u00e3o Francisco por telefone.<\/p>\n<p style=\"text-align: justify;\">Questionado sobre a situa\u00e7\u00e3o que ser\u00e1 enfrentada com o fechamento da Santa Casa, Jo\u00e3o Francisco informou que j\u00e1 iniciou as tratativas visando amenizar o problema e garantiu ainda que a popula\u00e7\u00e3o n\u00e3o ficar\u00e1 desassistida em momento algum, tranquilizando os pacaembuenses.<\/p>\n<p style=\"text-align: justify;\">\u201cEstamos buscando solu\u00e7\u00f5es para que nossa popula\u00e7\u00e3o continue recebendo os primeiros atendimentos no munic\u00edpio, inclusive com a cria\u00e7\u00e3o de um Pronto Atendimento Municipal. Tamb\u00e9m estamos firmando importantes parcerias para que possamos enfrentar a situa\u00e7\u00e3o e que j\u00e1 est\u00e3o em quase 100% acertadas\u201d, destacou Jo\u00e3o Francisco ao jornal e site Folha Regional.<\/p>\n<p style=\"text-align: justify;\">Fonte: Folha Regional<\/p>\n","protected":false},"excerpt":{"rendered":"<p>O encerramento das atividades da Santa Casa de Miseric\u00f3rdia de Pacaembu foi confirmado e anunciado durante reuni\u00e3o realizada nesta quarta-feira (18). De acordo com informa\u00e7\u00f5es apuradas pelo jornalismo do Grupo Folha Regional (Jornal TV e Site), participaram da reuni\u00e3o membros da Santa Casa, representantes do Minist\u00e9rio P\u00fablico e o prefeito Jo\u00e3o Francisco Mugnai Neves (PL). [&hellip;]<\/p>\n","protected":false},"author":1,"featured_media":52666,"comment_status":"closed","ping_status":"open","sticky":false,"template":"","format":"standard","meta":{"footnotes":""},"categories":[179,110,191],"tags":[],"class_list":["post-52665","post","type-post","status-publish","format-standard","has-post-thumbnail","hentry","category-cidadeseregiao","category-noticiasdestaque","category-pacaembu"],"_links":{"self":[{"href":"https:\/\/jorgezanoni.com.br\/2019\/wp-json\/wp\/v2\/posts\/52665","targetHints":{"allow":["GET"]}}],"collection":[{"href":"https:\/\/jorgezanoni.com.br\/2019\/wp-json\/wp\/v2\/posts"}],"about":[{"href":"https:\/\/jorgezanoni.com.br\/2019\/wp-json\/wp\/v2\/types\/post"}],"author":[{"embeddable":true,"href":"https:\/\/jorgezanoni.com.br\/2019\/wp-json\/wp\/v2\/users\/1"}],"replies":[{"embeddable":true,"href":"https:\/\/jorgezanoni.com.br\/2019\/wp-json\/wp\/v2\/comments?post=52665"}],"version-history":[{"count":0,"href":"https:\/\/jorgezanoni.com.br\/2019\/wp-json\/wp\/v2\/posts\/52665\/revisions"}],"wp:featuredmedia":[{"embeddable":true,"href":"https:\/\/jorgezanoni.com.br\/2019\/wp-json\/wp\/v2\/media\/52666"}],"wp:attachment":[{"href":"https:\/\/jorgezanoni.com.br\/2019\/wp-json\/wp\/v2\/media?parent=52665"}],"wp:term":[{"taxonomy":"category","embeddable":true,"href":"https:\/\/jorgezanoni.com.br\/2019\/wp-json\/wp\/v2\/categories?post=52665"},{"taxonomy":"post_tag","embeddable":true,"href":"https:\/\/jorgezanoni.com.br\/2019\/wp-json\/wp\/v2\/tags?post=52665"}],"curies":[{"name":"wp","href":"https:\/\/api.w.org\/{rel}","templated":true}]}}