{"id":52662,"date":"2021-08-19T21:21:45","date_gmt":"2021-08-19T21:21:45","guid":{"rendered":"https:\/\/jorgezanoni.com.br\/2019\/?p=52662"},"modified":"2021-08-19T21:21:45","modified_gmt":"2021-08-19T21:21:45","slug":"dados-apontam-crescimento-de-mestres-e-doutores-no-curso-de-medicina-da-unifadra","status":"publish","type":"post","link":"https:\/\/jorgezanoni.com.br\/2019\/dados-apontam-crescimento-de-mestres-e-doutores-no-curso-de-medicina-da-unifadra\/","title":{"rendered":"Dados apontam crescimento de mestres e doutores no curso de Medicina da Unifadra"},"content":{"rendered":"<p style=\"text-align: justify;\"><span style=\"font-size: large;\">Com a vinda do curso de Medicina para Dracena, em 2017, houve uma nova demanda por profissionais do munic\u00edpio e da regi\u00e3o para atuarem como professores. Essa oportunidade motivou uma busca pela capacita\u00e7\u00e3o para a doc\u00eancia, bem como pela atualiza\u00e7\u00e3o de conhecimentos e titula\u00e7\u00e3o dos profissionais.<\/span><\/p>\n<p><span style=\"font-size: large;\">Sendo o mais recente curso autorizado pelo Conselho Estadual de Educa\u00e7\u00e3o (CEE\/SP) na Unifadra, desde seu in\u00edcio, a Medicina foi referenciada pelo corpo docente qualificado (especialistas, mestres e doutores), pelas modernas metodologias de ensino e pelo alto investimento em laborat\u00f3rios e em tecnologia de ponta.<\/span><\/p>\n<p><span style=\"font-size: large;\">Desde o in\u00edcio do curso em 2017, os docentes t\u00eam entendido a necessidade da busca por titula\u00e7\u00f5es, tanto que nos \u00faltimos 4 anos foram titulados no curso de Medicina mais 10 mestres e 3 doutores, em diversas especialidades. Entre eles, 8 m\u00e9dicos conclu\u00edram o mestrado.<\/span><\/p>\n<p><span style=\"font-size: large;\">Atualmente, o curso conta com 22 mestres e 14 doutores. Outros 9 professores est\u00e3o cursando mestrado (sendo 4 deles m\u00e9dicos), com t\u00e9rmino previsto entre 2021 e 2022, e 1 com t\u00e9rmino do doutorado em 2023 (tamb\u00e9m um m\u00e9dico).<\/span><\/p>\n<p><span style=\"font-size: large;\">O\u00a0<\/span>Prof. Dr.<span style=\"font-size: large;\">\u00a0Enio Garbelini, diretor acad\u00eamico, destaca que &#8220;a Unifadra adotou a\u00e7\u00f5es para apoiar e incentivar a busca pelo t\u00edtulo acad\u00eamico, realizando parcerias com hospitais e outras institui\u00e7\u00f5es, dando condi\u00e7\u00f5es para que seus professores pudessem buscar a titula\u00e7\u00e3o, que \u00e9 muito importante para o curso e para a eleva\u00e7\u00e3o profissional dos pr\u00f3prios docentes&#8221;.<\/span><\/p>\n<p><span style=\"font-size: large;\">A coordenadora do curso de Medicina da Unifadra e orientadora de\u00a0<\/span>p\u00f3s-gradua\u00e7\u00e3o Profa. Dra.<span style=\"font-size: large;\">\u00a0Marilda Aparecida Milanez Morgado de Abreu ressalta que, desde o in\u00edcio do curso, a Fundec vem realizando parcerias e conv\u00eanios com programas de p\u00f3s-gradua\u00e7\u00e3o para que seus professores possam cursar mestrado e\/ou doutorado.<\/span><\/p>\n<p><span style=\"font-size: large;\">&#8220;Obtivemos grande ades\u00e3o por parte do corpo docente, inclusive entre os m\u00e9dicos, que priorizaram essa causa reservando em suas agendas um tempo para se dedicarem a esse novo desafio que, sem d\u00favida, \u00e9 um caminho \u00e1rduo a ser percorrido, mas que j\u00e1 foi vencido por muitos deles. Essas titula\u00e7\u00f5es conquistadas em t\u00e3o curto espa\u00e7o de tempo colocam o curso de Medicina da Unifadra como um dos cursos com elevado percentual de docentes titulados em n\u00edvel nacional&#8221;, pontua a coordenadora.<\/span><\/p>\n<p><span style=\"font-size: large;\">Priorizar a busca de novos conhecimentos, mantendo-se profissionalmente atualizado e no trabalho de desenvolvimento de pesquisas est\u00e1 no cerne do pr\u00f3prio exemplo da coordenadora do curso. A m\u00e9dica dermatologista j\u00e1 era mestra e doutora em Ci\u00eancias quando aceitou a coordena\u00e7\u00e3o de Medicina na Unifadra &#8211; e prossegue estudando e realizando pesquisas na \u00e1rea. Em\u00a0<\/span>2019, Dra.<span style=\"font-size: large;\">\u00a0Marilda concluiu um p\u00f3s-doutorado na Divis\u00e3o de Dermatologia do Departamento de Cl\u00ednica M\u00e9dica da Faculdade de Medicina de Ribeir\u00e3o Preto (USP), com uma relevante pesquisa sobre a hansen\u00edase (a Organiza\u00e7\u00e3o Mundial da Sa\u00fade &#8211; OMS aponta que 80% dos casos reportados s\u00e3o da \u00cdndia, do Brasil e da Indon\u00e9sia).<\/span><\/p>\n<p><span style=\"font-size: large;\">Os profissionais que se titularam ap\u00f3s o ingresso como docentes no curso de Medicina foram:<\/span><\/p>\n<p>Profa. Dra.<span style=\"font-size: large;\">\u00a0Vanessa Ribeiro Andreto<\/span><br \/>\n<span style=\"font-size: large;\">Licenciatura em Pedagogia \/ Mestra em Educa\u00e7\u00e3o<\/span><br \/>\n<span style=\"font-size: large;\">Doutora em Educa\u00e7\u00e3o pela Unesp &#8211; Presidente Prudente (2019)<\/span><\/p>\n<p>Prof. Dr.<span style=\"font-size: large;\">\u00a0Caio Ferreira de Oliveira<\/span><br \/>\n<span style=\"font-size: large;\">Biom\u00e9dico \/ Mestre em Microbiologia<\/span><br \/>\n<span style=\"font-size: large;\">Doutor em Microbiologia pela UEL (2021)<\/span><\/p>\n<p>Prof. Dr.<span style=\"font-size: large;\">\u00a0Erico Torrieri<\/span><br \/>\n<span style=\"font-size: large;\">Bacharel em Inform\u00e1tica Biom\u00e9dica \/ Mestre em Ci\u00eancias (\u00e1rea: Gen\u00e9tica)<\/span><br \/>\n<span style=\"font-size: large;\">Doutor em Gen\u00e9tica pela USP &#8211; Ribeir\u00e3o Preto (2021)<\/span><\/p>\n<p><span style=\"font-size: large;\">Profa. Ma. Caroline Venturin Guarin\u00e3o, enfermeira<\/span><br \/>\n<span style=\"font-size: large;\">Mestra em Educa\u00e7\u00e3o pela Unoeste &#8211; Presidente Prudente (2018)<\/span><\/p>\n<p><span style=\"font-size: large;\">Profa. Ma. Raissa de Oliveira Mantovani, biom\u00e9dica<\/span><br \/>\n<span style=\"font-size: large;\">Mestra em Ci\u00eancia Animal (\u00e1rea: Fisiopatologia Animal) pela Unoeste &#8211; Presidente Prudente (2019)<\/span><\/p>\n<p><span style=\"font-size: large;\">Profa. Ma. Carla Sola Deponte, m\u00e9dica cirurgi\u00e3 pl\u00e1stica<\/span><br \/>\n<span style=\"font-size: large;\">Mestra em Ensino em Sa\u00fade pela FAMEMA (2020)<\/span><\/p>\n<p><span style=\"font-size: large;\">Prof. Me. Eduardo Morais Beretta, m\u00e9dico do trabalho e cirurgi\u00e3o pl\u00e1stico<\/span><br \/>\n<span style=\"font-size: large;\">Mestre em Ci\u00eancia e Tecnologia Animal pela Unesp &#8211; Dracena (2020)<\/span><\/p>\n<p><span style=\"font-size: large;\">Prof. Me. Luiz Fernando Morgado de Abreu, m\u00e9dico oftalmologista<\/span><br \/>\n<span style=\"font-size: large;\">Mestre em Ci\u00eancias da Sa\u00fade pelo IAMSPE (2020)<\/span><\/p>\n<p><span style=\"font-size: large;\">Profa. Ma. Monique Cotarelli Tsuji, m\u00e9dica pediatra<\/span><br \/>\n<span style=\"font-size: large;\">Mestra em Biotecnologia M\u00e9dica pela Unesp &#8211; Botucatu (2020)<\/span><\/p>\n<p><span style=\"font-size: large;\">Profa. Ma. Bruna Jardim Pereira Lima, m\u00e9dica generalista<\/span><br \/>\n<span style=\"font-size: large;\">Mestra em Ci\u00eancias da Sa\u00fade pela Unoeste &#8211; Presidente Prudente (2021)<\/span><\/p>\n<p><span style=\"font-size: large;\">Prof. Me. Carlos Eduardo Scioli, m\u00e9dico de tr\u00e1fego e do trabalho<\/span><br \/>\n<span style=\"font-size: large;\">Mestre em Ci\u00eancias da Sa\u00fade pela Unoeste &#8211; Presidente Prudente (2021)<\/span><\/p>\n<p><span style=\"font-size: large;\">Prof. Me. Marcelo Valentim Mansano, m\u00e9dico ortopedista e traumatologista<\/span><br \/>\n<span style=\"font-size: large;\">Mestre em Ci\u00eancias da Sa\u00fade pela Unoeste &#8211; Presidente Prudente (2021)<\/span><\/p>\n<p><span style=\"font-size: large;\">Profa. Ma. Vanessa Teixeira Paulino Sasso, m\u00e9dica pediatra, alergologista e imunologista<\/span><br \/>\n<span style=\"font-size: large;\">Mestra em Ci\u00eancias da Sa\u00fade pela Unoeste &#8211; Presidente Prudente (2021)<\/span><\/p>\n<p><span style=\"font-size: large;\">A diretoria acad\u00eamica e a coordena\u00e7\u00e3o da Unifadra novamente parabenizam os docentes j\u00e1 titulados e refor\u00e7am o incentivo aos demais professores especialistas que est\u00e3o buscando novos conhecimentos, se atualizando e desenvolvendo pesquisas para o mestrado ou doutorado.<\/span><\/p>\n<p><span style=\"font-size: large;\">Cursando mestrado:<\/span><br \/>\n<span style=\"font-size: large;\">Profa. Esp. Aline Damasceno de Avance (m\u00e9dica cirurgi\u00e3 e endoscopista),<\/span><br \/>\n<span style=\"font-size: large;\">Prof. Esp. Carlos Alberto dos Santos Filho (m\u00e9dico neurocirurgi\u00e3o),<\/span><br \/>\n<span style=\"font-size: large;\">Profa. Esp. Claudineia Macedo (enfermeira),<\/span><br \/>\n<span style=\"font-size: large;\">Profa. Esp. Cleire de Almeida Beretta (fonoaudi\u00f3loga e enfermeira),<\/span><br \/>\n<span style=\"font-size: large;\">Profa. Esp. F\u00e1tima Simone Silva Pereira Consoni (psic\u00f3loga),<\/span><br \/>\n<span style=\"font-size: large;\">Profa. Esp. Maira Antunes Sinatura (m\u00e9dica dermatologista),<\/span><br \/>\n<span style=\"font-size: large;\">Profa. Esp. Maria Cristina Sanches Sahli (enfermeira obstetra),<\/span><br \/>\n<span style=\"font-size: large;\">Profa. Esp. Paula Erika Osaki da Fonseca (m\u00e9dica ginecologista e obstetra, m\u00e9dica do trabalho e perita m\u00e9dica) e<\/span><br \/>\n<span style=\"font-size: large;\">Profa. Esp. Rosa Cristina Martins de Ara\u00fajo (enfermeira).<\/span><\/p>\n<p><span style=\"font-size: large;\">Cursando doutorado:<\/span><br \/>\n<span style=\"font-size: large;\">Prof. Esp. Rodrigo Fedatto Beraldo (m\u00e9dico cl\u00ednico geral e gastroenterologista).<\/span><\/p>\n<p>Fonte: Assessoria de Imprensa Fundec<\/p>\n","protected":false},"excerpt":{"rendered":"<p>Com a vinda do curso de Medicina para Dracena, em 2017, houve uma nova demanda por profissionais do munic\u00edpio e da regi\u00e3o para atuarem como professores. Essa oportunidade motivou uma busca pela capacita\u00e7\u00e3o para a doc\u00eancia, bem como pela atualiza\u00e7\u00e3o de conhecimentos e titula\u00e7\u00e3o dos profissionais. Sendo o mais recente curso autorizado pelo Conselho Estadual [&hellip;]<\/p>\n","protected":false},"author":1,"featured_media":52663,"comment_status":"closed","ping_status":"open","sticky":false,"template":"","format":"standard","meta":{"footnotes":""},"categories":[110,122],"tags":[],"class_list":["post-52662","post","type-post","status-publish","format-standard","has-post-thumbnail","hentry","category-noticiasdestaque","category-saudeeducacaoeconcurso"],"_links":{"self":[{"href":"https:\/\/jorgezanoni.com.br\/2019\/wp-json\/wp\/v2\/posts\/52662","targetHints":{"allow":["GET"]}}],"collection":[{"href":"https:\/\/jorgezanoni.com.br\/2019\/wp-json\/wp\/v2\/posts"}],"about":[{"href":"https:\/\/jorgezanoni.com.br\/2019\/wp-json\/wp\/v2\/types\/post"}],"author":[{"embeddable":true,"href":"https:\/\/jorgezanoni.com.br\/2019\/wp-json\/wp\/v2\/users\/1"}],"replies":[{"embeddable":true,"href":"https:\/\/jorgezanoni.com.br\/2019\/wp-json\/wp\/v2\/comments?post=52662"}],"version-history":[{"count":0,"href":"https:\/\/jorgezanoni.com.br\/2019\/wp-json\/wp\/v2\/posts\/52662\/revisions"}],"wp:featuredmedia":[{"embeddable":true,"href":"https:\/\/jorgezanoni.com.br\/2019\/wp-json\/wp\/v2\/media\/52663"}],"wp:attachment":[{"href":"https:\/\/jorgezanoni.com.br\/2019\/wp-json\/wp\/v2\/media?parent=52662"}],"wp:term":[{"taxonomy":"category","embeddable":true,"href":"https:\/\/jorgezanoni.com.br\/2019\/wp-json\/wp\/v2\/categories?post=52662"},{"taxonomy":"post_tag","embeddable":true,"href":"https:\/\/jorgezanoni.com.br\/2019\/wp-json\/wp\/v2\/tags?post=52662"}],"curies":[{"name":"wp","href":"https:\/\/api.w.org\/{rel}","templated":true}]}}