{"id":52633,"date":"2021-08-19T12:13:16","date_gmt":"2021-08-19T12:13:16","guid":{"rendered":"https:\/\/jorgezanoni.com.br\/2019\/?p=52633"},"modified":"2021-08-19T12:13:16","modified_gmt":"2021-08-19T12:13:16","slug":"morre-o-ex-morador-de-dracena-odalesio-vidotti","status":"publish","type":"post","link":"https:\/\/jorgezanoni.com.br\/2019\/morre-o-ex-morador-de-dracena-odalesio-vidotti\/","title":{"rendered":"Morre o ex-morador de Dracena Odal\u00e9sio Vidotti"},"content":{"rendered":"<p style=\"text-align: justify;\">Comunicamos com pesar o falecimento de Odal\u00e9sio Vidotti ocorrido ontem (28) na cidade de Osasco\/SP., onde residia.<\/p>\n<p style=\"text-align: justify;\">Deixa esposa Helena Zarzur Vidotti, filhos, demais familiares e amigos.<\/p>\n<p style=\"text-align: justify;\">Residiu por muitos anos em Dracena, sendo funcion\u00e1rio da Farm\u00e1cia Galeno.<\/p>\n<p style=\"text-align: justify;\">O Site JZ se solidariza com os familiares e amigos neste dif\u00edcil momento.<\/p>\n<p style=\"text-align: justify;\">Jorge Zanoni<\/p>\n<p>&nbsp;<\/p>\n<p>&nbsp;<\/p>\n","protected":false},"excerpt":{"rendered":"<p>Comunicamos com pesar o falecimento de Odal\u00e9sio Vidotti ocorrido ontem (28) na cidade de Osasco\/SP., onde residia. Deixa esposa Helena Zarzur Vidotti, filhos, demais familiares e amigos. Residiu por muitos anos em Dracena, sendo funcion\u00e1rio da Farm\u00e1cia Galeno. O Site JZ se solidariza com os familiares e amigos neste dif\u00edcil momento. Jorge Zanoni &nbsp; &nbsp;<\/p>\n","protected":false},"author":1,"featured_media":52634,"comment_status":"closed","ping_status":"open","sticky":false,"template":"","format":"standard","meta":{"footnotes":""},"categories":[178,110],"tags":[],"class_list":["post-52633","post","type-post","status-publish","format-standard","has-post-thumbnail","hentry","category-notadefalecimento","category-noticiasdestaque"],"_links":{"self":[{"href":"https:\/\/jorgezanoni.com.br\/2019\/wp-json\/wp\/v2\/posts\/52633","targetHints":{"allow":["GET"]}}],"collection":[{"href":"https:\/\/jorgezanoni.com.br\/2019\/wp-json\/wp\/v2\/posts"}],"about":[{"href":"https:\/\/jorgezanoni.com.br\/2019\/wp-json\/wp\/v2\/types\/post"}],"author":[{"embeddable":true,"href":"https:\/\/jorgezanoni.com.br\/2019\/wp-json\/wp\/v2\/users\/1"}],"replies":[{"embeddable":true,"href":"https:\/\/jorgezanoni.com.br\/2019\/wp-json\/wp\/v2\/comments?post=52633"}],"version-history":[{"count":0,"href":"https:\/\/jorgezanoni.com.br\/2019\/wp-json\/wp\/v2\/posts\/52633\/revisions"}],"wp:featuredmedia":[{"embeddable":true,"href":"https:\/\/jorgezanoni.com.br\/2019\/wp-json\/wp\/v2\/media\/52634"}],"wp:attachment":[{"href":"https:\/\/jorgezanoni.com.br\/2019\/wp-json\/wp\/v2\/media?parent=52633"}],"wp:term":[{"taxonomy":"category","embeddable":true,"href":"https:\/\/jorgezanoni.com.br\/2019\/wp-json\/wp\/v2\/categories?post=52633"},{"taxonomy":"post_tag","embeddable":true,"href":"https:\/\/jorgezanoni.com.br\/2019\/wp-json\/wp\/v2\/tags?post=52633"}],"curies":[{"name":"wp","href":"https:\/\/api.w.org\/{rel}","templated":true}]}}