{"id":52627,"date":"2021-08-18T20:05:19","date_gmt":"2021-08-18T20:05:19","guid":{"rendered":"https:\/\/jorgezanoni.com.br\/2019\/?p=52627"},"modified":"2021-08-18T20:05:19","modified_gmt":"2021-08-18T20:05:19","slug":"associacao-proeduc-de-inclusao-social-na-educacao-comemora-16-anos-de-atuacao","status":"publish","type":"post","link":"https:\/\/jorgezanoni.com.br\/2019\/associacao-proeduc-de-inclusao-social-na-educacao-comemora-16-anos-de-atuacao\/","title":{"rendered":"Associa\u00e7\u00e3o Proeduc de Inclus\u00e3o Social na Educa\u00e7\u00e3o comemora 16 anos de atua\u00e7\u00e3o"},"content":{"rendered":"<p style=\"text-align: justify;\"><span style=\"font-size: large;\">No dia 16 de agosto, a Associa\u00e7\u00e3o Proeduc de Inclus\u00e3o Social na Educa\u00e7\u00e3o completou 16 anos de atua\u00e7\u00e3o. Com 342 alunos j\u00e1 atendidos, a trajet\u00f3ria desse trabalho est\u00e1 sendo contada no novo site da Associa\u00e7\u00e3o, que foi revitalizado e j\u00e1 pode ser acessado em: <a href=\"http:\/\/www.proeduc.org.br\/\" target=\"_blank\" rel=\"noopener noreferrer\">www.proeduc.org.br<\/a>\u00a0.<\/span><\/p>\n<p><span style=\"font-size: large;\">A Proeduc foi criada em 2005, quando um grupo de cidad\u00e3os dracenenses, liderados pelo jogador profissional de futebol Edu Dracena, decidiu se organizar em prol dos menos favorecidos de Dracena e regi\u00e3o.<\/span><\/p>\n<p><span style=\"font-size: large;\">A Proeduc tem a finalidade de arrecadar meios para a gera\u00e7\u00e3o de bolsas de estudo para alunos carentes da Funda\u00e7\u00e3o Dracenense de Educa\u00e7\u00e3o e Cultura (Fundec), institui\u00e7\u00e3o de ensino filantr\u00f3pica mantenedora do CEP\/UME (cursos t\u00e9cnicos), da Unifadra (gradua\u00e7\u00e3o) e do Anglo-CID (col\u00e9gio).<\/span><\/p>\n<p><span style=\"font-size: large;\">Neste momento de comemora\u00e7\u00e3o, Marina Zamariolli, atual presidente da Proeduc, destaca o &#8220;agradecimento a todos os patrocinadores, parceiros, volunt\u00e1rios e apoiadores, que nos ajudam a promover o desenvolvimento social, intelectual e profissional de pessoas carentes por meio da Educa\u00e7\u00e3o!&#8221;<\/span><\/p>\n<p><span style=\"font-size: large;\">Os interessados em conhecer e contribuir com a Proeduc podem entrar em contato pelo e-mail\u00a0<a href=\"mailto:pessoal1@fundec.edu.br\" rel=\"noreferrer\">pessoal1@fundec.edu.br<\/a>\u00a0. Mais informa\u00e7\u00f5es:\u00a0<a href=\"http:\/\/www.proeduc.org.br\/\" target=\"_blank\" rel=\"noopener noreferrer\">www.proeduc.org.br<\/a><\/span><\/p>\n<p>Fonte: Departamento de Comunica\u00e7\u00e3o da Fundec<\/p>\n","protected":false},"excerpt":{"rendered":"<p>No dia 16 de agosto, a Associa\u00e7\u00e3o Proeduc de Inclus\u00e3o Social na Educa\u00e7\u00e3o completou 16 anos de atua\u00e7\u00e3o. Com 342 alunos j\u00e1 atendidos, a trajet\u00f3ria desse trabalho est\u00e1 sendo contada no novo site da Associa\u00e7\u00e3o, que foi revitalizado e j\u00e1 pode ser acessado em: www.proeduc.org.br\u00a0. A Proeduc foi criada em 2005, quando um grupo de [&hellip;]<\/p>\n","protected":false},"author":1,"featured_media":52628,"comment_status":"closed","ping_status":"open","sticky":false,"template":"","format":"standard","meta":{"footnotes":""},"categories":[122],"tags":[],"class_list":["post-52627","post","type-post","status-publish","format-standard","has-post-thumbnail","hentry","category-saudeeducacaoeconcurso"],"_links":{"self":[{"href":"https:\/\/jorgezanoni.com.br\/2019\/wp-json\/wp\/v2\/posts\/52627","targetHints":{"allow":["GET"]}}],"collection":[{"href":"https:\/\/jorgezanoni.com.br\/2019\/wp-json\/wp\/v2\/posts"}],"about":[{"href":"https:\/\/jorgezanoni.com.br\/2019\/wp-json\/wp\/v2\/types\/post"}],"author":[{"embeddable":true,"href":"https:\/\/jorgezanoni.com.br\/2019\/wp-json\/wp\/v2\/users\/1"}],"replies":[{"embeddable":true,"href":"https:\/\/jorgezanoni.com.br\/2019\/wp-json\/wp\/v2\/comments?post=52627"}],"version-history":[{"count":0,"href":"https:\/\/jorgezanoni.com.br\/2019\/wp-json\/wp\/v2\/posts\/52627\/revisions"}],"wp:featuredmedia":[{"embeddable":true,"href":"https:\/\/jorgezanoni.com.br\/2019\/wp-json\/wp\/v2\/media\/52628"}],"wp:attachment":[{"href":"https:\/\/jorgezanoni.com.br\/2019\/wp-json\/wp\/v2\/media?parent=52627"}],"wp:term":[{"taxonomy":"category","embeddable":true,"href":"https:\/\/jorgezanoni.com.br\/2019\/wp-json\/wp\/v2\/categories?post=52627"},{"taxonomy":"post_tag","embeddable":true,"href":"https:\/\/jorgezanoni.com.br\/2019\/wp-json\/wp\/v2\/tags?post=52627"}],"curies":[{"name":"wp","href":"https:\/\/api.w.org\/{rel}","templated":true}]}}