{"id":52623,"date":"2021-08-18T19:45:33","date_gmt":"2021-08-18T19:45:33","guid":{"rendered":"https:\/\/jorgezanoni.com.br\/2019\/?p=52623"},"modified":"2021-08-18T19:45:33","modified_gmt":"2021-08-18T19:45:33","slug":"unifadra-dracena-abre-inscricoes-para-o-vestibular-de-verao-de-medicina-2022","status":"publish","type":"post","link":"https:\/\/jorgezanoni.com.br\/2019\/unifadra-dracena-abre-inscricoes-para-o-vestibular-de-verao-de-medicina-2022\/","title":{"rendered":"Unifadra Dracena abre inscri\u00e7\u00f5es para o Vestibular de Ver\u00e3o de Medicina 2022"},"content":{"rendered":"<p style=\"text-align: justify;\"><span style=\"font-size: large;\">At\u00e9 o dia 25 de novembro, a Unifadra Dracena est\u00e1 com inscri\u00e7\u00f5es abertas para o Vestibular de Ver\u00e3o de Medicina 2022. O processo seletivo <\/span>ser\u00e1<span style=\"font-size: large;\">\u00a0realizado pela Vunesp e tem prova presencial prevista para o dia 18 de dezembro, \u00e0s 13h, em Dracena.<\/span><\/p>\n<p><span style=\"font-size: large;\">Os interessados devem ler atentamente o edital e se inscrever exclusivamente pelo site da Vunesp:\u00a0<a href=\"http:\/\/www.vunesp.com.br\/FDEC2102\" target=\"_blank\" rel=\"noopener noreferrer\">www.vunesp.com.br\/FDEC2102<\/a>\u00a0.<\/span><\/p>\n<p><span style=\"font-size: large;\">Este processo seletivo oferece 11 vagas de per\u00edodo integral para ingresso em 2022, com previs\u00e3o de in\u00edcio das aulas em fevereiro. A lista dos aprovados ser\u00e1 divulgada no dia 12 de janeiro de 2022, com matr\u00edculas previstas para os dias 13 e 14 de janeiro.<\/span><\/p>\n<p><span style=\"font-size: large;\">Mais informa\u00e7\u00f5es: (18) 3821-9004 \/ 3821-9009<\/span><\/p>\n<p style=\"text-align: justify;\">Fonte: Departamento de Comunica\u00e7\u00e3o Fundec<\/p>\n","protected":false},"excerpt":{"rendered":"<p>At\u00e9 o dia 25 de novembro, a Unifadra Dracena est\u00e1 com inscri\u00e7\u00f5es abertas para o Vestibular de Ver\u00e3o de Medicina 2022. O processo seletivo ser\u00e1\u00a0realizado pela Vunesp e tem prova presencial prevista para o dia 18 de dezembro, \u00e0s 13h, em Dracena. Os interessados devem ler atentamente o edital e se inscrever exclusivamente pelo site [&hellip;]<\/p>\n","protected":false},"author":1,"featured_media":52625,"comment_status":"closed","ping_status":"open","sticky":false,"template":"","format":"standard","meta":{"footnotes":""},"categories":[110,122],"tags":[],"class_list":["post-52623","post","type-post","status-publish","format-standard","has-post-thumbnail","hentry","category-noticiasdestaque","category-saudeeducacaoeconcurso"],"_links":{"self":[{"href":"https:\/\/jorgezanoni.com.br\/2019\/wp-json\/wp\/v2\/posts\/52623","targetHints":{"allow":["GET"]}}],"collection":[{"href":"https:\/\/jorgezanoni.com.br\/2019\/wp-json\/wp\/v2\/posts"}],"about":[{"href":"https:\/\/jorgezanoni.com.br\/2019\/wp-json\/wp\/v2\/types\/post"}],"author":[{"embeddable":true,"href":"https:\/\/jorgezanoni.com.br\/2019\/wp-json\/wp\/v2\/users\/1"}],"replies":[{"embeddable":true,"href":"https:\/\/jorgezanoni.com.br\/2019\/wp-json\/wp\/v2\/comments?post=52623"}],"version-history":[{"count":0,"href":"https:\/\/jorgezanoni.com.br\/2019\/wp-json\/wp\/v2\/posts\/52623\/revisions"}],"wp:featuredmedia":[{"embeddable":true,"href":"https:\/\/jorgezanoni.com.br\/2019\/wp-json\/wp\/v2\/media\/52625"}],"wp:attachment":[{"href":"https:\/\/jorgezanoni.com.br\/2019\/wp-json\/wp\/v2\/media?parent=52623"}],"wp:term":[{"taxonomy":"category","embeddable":true,"href":"https:\/\/jorgezanoni.com.br\/2019\/wp-json\/wp\/v2\/categories?post=52623"},{"taxonomy":"post_tag","embeddable":true,"href":"https:\/\/jorgezanoni.com.br\/2019\/wp-json\/wp\/v2\/tags?post=52623"}],"curies":[{"name":"wp","href":"https:\/\/api.w.org\/{rel}","templated":true}]}}