{"id":52591,"date":"2021-08-18T16:17:30","date_gmt":"2021-08-18T16:17:30","guid":{"rendered":"https:\/\/jorgezanoni.com.br\/2019\/?p=52591"},"modified":"2021-08-18T16:17:30","modified_gmt":"2021-08-18T16:17:30","slug":"bispo-dom-tome-renuncia-a-diocese-de-rio-preto-apos-vazamento-de-video-intimo","status":"publish","type":"post","link":"https:\/\/jorgezanoni.com.br\/2019\/bispo-dom-tome-renuncia-a-diocese-de-rio-preto-apos-vazamento-de-video-intimo\/","title":{"rendered":"Bispo Dom Tom\u00e9 renuncia \u00e0 Diocese de Rio Preto ap\u00f3s vazamento de v\u00eddeo \u00edntimo"},"content":{"rendered":"<h2 class=\"content-head__subtitle\" style=\"text-align: justify;\"><strong>Pedido de Tom\u00e9 Ferreira da Silva foi aceito pelo Papa Francisco e divulgado nesta quarta-feira (18) pela CNBB.<\/strong><\/h2>\n<div class=\"mc-column content-text active-extra-styles \" style=\"text-align: justify;\" data-block-type=\"unstyled\" data-block-weight=\"38\" data-block-id=\"2\">\n<p class=\"content-text__container \" data-track-category=\"Link no Texto\" data-track-links=\"\">O bispo Tom\u00e9 Ferreira da Silva renunciou ao cargo na Diocese de S\u00e3o Jos\u00e9 do Rio Preto (SP). O pedido foi aceito pelo Papa Francisco e divulgado nesta quarta-feira (18) pela Confer\u00eancia Nacional dos Bispos do Brasil (CNBB).<\/p>\n<\/div>\n<div class=\"wall protected-content\" style=\"text-align: justify;\">\n<div class=\"mc-column content-text active-extra-styles\" data-block-type=\"raw\" data-block-weight=\"18\" data-block-id=\"3\">\n<ul class=\"content-unordered-list\">\n<li><a href=\"https:\/\/g1.globo.com\/sp\/sao-jose-do-rio-preto-aracatuba\/noticia\/2018\/08\/24\/vaticano-envia-representante-para-investigar-denuncias-de-abuso-sexual-na-diocese-de-rio-preto.ghtml\"><strong>Vaticano enviou representante para investigar den\u00fancias de abuso sexual<\/strong><\/a><\/li>\n<li><a href=\"https:\/\/g1.globo.com\/sp\/sao-jose-do-rio-preto-aracatuba\/noticia\/2018\/09\/24\/bispo-de-rio-preto-investigado-pelo-vaticano-em-denuncias-de-abusos-sexuais-deixa-cargo-ligado-a-cnbb.ghtml\"><strong>Bispo foi investigado e deixou cargo ligado \u00e0 CNBB<\/strong><\/a><\/li>\n<\/ul>\n<\/div>\n<div class=\"mc-column content-text active-extra-styles \" data-block-type=\"unstyled\" data-block-weight=\"44\" data-block-id=\"4\">\n<p class=\"content-text__container \" data-track-category=\"Link no Texto\" data-track-links=\"\">A ren\u00fancia do bispo ocorre ap\u00f3s um v\u00eddeo \u00edntimo dele vazar nas redes sociais. As imagens, que mostram o religioso seminu e acariciando o \u00f3rg\u00e3o sexual em uma videochamada, viralizaram na \u00faltima sexta-feira (13). Desde ent\u00e3o, o bispo n\u00e3o se pronunciou sobre o caso.<\/p>\n<\/div>\n<div class=\"row medium-uncollapsed content-media content-photo\" data-block-type=\"backstage-photo\" data-block-id=\"5\">\n<div class=\"mc-column content-media__container\">\n<div class=\"content-media-container glb-skeleton-box\">\n<figure class=\"content-media-figure\"><img decoding=\"async\" class=\"i-amphtml-fill-content i-amphtml-replaced-content\" src=\"https:\/\/s2.glbimg.com\/ZWoLzBgs5Q1oAfVEsYqKcSBzBsc=\/0x0:975x647\/984x0\/smart\/filters:strip_icc()\/i.s3.glbimg.com\/v1\/AUTH_59edd422c0c84a879bd37670ae4f538a\/internal_photos\/bs\/2021\/f\/z\/4rGFkjQl6L4HsNGqEpWQ\/tome-1-.jpg\" sizes=\"(max-width: 1366px) 648px, 100vw\" srcset=\"https:\/\/s2.glbimg.com\/rwpRqmasYVqyAvwYLsSMuYh26Co=\/0x0:975x647\/1000x0\/smart\/filters:strip_icc()\/i.s3.glbimg.com\/v1\/AUTH_59edd422c0c84a879bd37670ae4f538a\/internal_photos\/bs\/2021\/f\/z\/4rGFkjQl6L4HsNGqEpWQ\/tome-1-.jpg 1000w, https:\/\/s2.glbimg.com\/ZWoLzBgs5Q1oAfVEsYqKcSBzBsc=\/0x0:975x647\/984x0\/smart\/filters:strip_icc()\/i.s3.glbimg.com\/v1\/AUTH_59edd422c0c84a879bd37670ae4f538a\/internal_photos\/bs\/2021\/f\/z\/4rGFkjQl6L4HsNGqEpWQ\/tome-1-.jpg 984w, https:\/\/s2.glbimg.com\/i5Bipdn0D9r1654fc0gsOwAXEwc=\/0x0:975x647\/640x0\/smart\/filters:strip_icc()\/i.s3.glbimg.com\/v1\/AUTH_59edd422c0c84a879bd37670ae4f538a\/internal_photos\/bs\/2021\/f\/z\/4rGFkjQl6L4HsNGqEpWQ\/tome-1-.jpg 640w, https:\/\/s2.glbimg.com\/gEIbaGxtyYIgmgMa8mhIKt0tKKI=\/0x0:975x647\/600x0\/smart\/filters:strip_icc()\/i.s3.glbimg.com\/v1\/AUTH_59edd422c0c84a879bd37670ae4f538a\/internal_photos\/bs\/2021\/f\/z\/4rGFkjQl6L4HsNGqEpWQ\/tome-1-.jpg 600w\" alt=\"Bispo Dom Tom\u00e9 renunciou \u00e0 Diocese de Rio Preto (SP) depois que v\u00eddeo \u00edntimo vazou na internet \u2014 Foto: Reprodu\u00e7\u00e3o\" \/><\/figure>\n<\/div>\n<p class=\"content-media__description \">Bispo Dom Tom\u00e9 renunciou \u00e0 Diocese de Rio Preto (SP) depois que v\u00eddeo \u00edntimo vazou na internet \u2014 Foto: Reprodu\u00e7\u00e3o<\/p>\n<\/div>\n<\/div>\n<div class=\"content-ads content-ads--reveal\" data-block-type=\"ads\" data-block-id=\"6\">\n<div id=\"banner_materia2\" class=\"tag-manager-publicidade-container mc-has-reveal mc-has-ad-lazyload tag-manager-publicidade-banner_materia2 tag-manager-publicidade-container--carregado tag-manager-publicidade-container--visivel\" data-id=\"banner_materia2\" data-req=\"true\" data-google-query-id=\"CMuNnNn6uvICFac3uQYdllQBSQ\" data-cid=\"138359213301\" data-lid=\"5759422447\">De acordo com um comunicado publicado no site da CNBB, com a sa\u00edda de Tom\u00e9 Ferreira, o arcebispo de Ribeir\u00e3o Preto (SP), Moacir Silva, foi nomeado para o cargo.<\/div>\n<div data-id=\"banner_materia2\" data-req=\"true\" data-google-query-id=\"CMuNnNn6uvICFac3uQYdllQBSQ\" data-cid=\"138359213301\" data-lid=\"5759422447\"><\/div>\n<\/div>\n<\/div>\n<div data-id=\"banner_materia2\" data-req=\"true\" data-google-query-id=\"CMuNnNn6uvICFac3uQYdllQBSQ\" data-cid=\"138359213301\" data-lid=\"5759422447\">\n<div class=\"mc-column content-text active-extra-styles \" style=\"text-align: justify;\" data-block-type=\"unstyled\" data-block-weight=\"57\" data-block-id=\"9\">\n<p class=\"content-text__container \" data-track-category=\"Link no Texto\" data-track-links=\"\">&#8220;A Nunciatura Apost\u00f3lica informa que o Santo Padre aceitou hoje o pedido de ren\u00fancia ao governo pastoral da Diocese de S\u00e3o Jos\u00e9 do Rio Preto, apresentada por S. Excia. D. Tom\u00e9 Ferreira da Silva, nomeando, ao mesmo tempo, como Administrador Apost\u00f3lico, o Exmo. Sr. D. Moacir Silva, arcebispo de Ribeir\u00e3o Preto&#8221;, diz o comunicado divulgado pela CNBB.<\/p>\n<\/div>\n<div class=\"row medium-uncollapsed content-media content-photo\" style=\"text-align: justify;\" data-block-type=\"backstage-photo\" data-block-id=\"10\">\n<div class=\"mc-column content-media__container\">\n<div class=\"content-media-container glb-skeleton-box\">\n<figure class=\"content-media-figure\"><img decoding=\"async\" class=\"i-amphtml-fill-content i-amphtml-replaced-content\" src=\"https:\/\/s2.glbimg.com\/gctG2AKR4xElvnIKhag0e-mpmv0=\/0x0:792x694\/984x0\/smart\/filters:strip_icc()\/i.s3.glbimg.com\/v1\/AUTH_59edd422c0c84a879bd37670ae4f538a\/internal_photos\/bs\/2021\/e\/J\/gLN4U3TNiwbomWAyA2Zg\/sem-titulo-2-.jpg\" sizes=\"(max-width: 1366px) 648px, 100vw\" srcset=\"https:\/\/s2.glbimg.com\/rxs9uJFfCjrRiDP_3YL1ed3mSKU=\/0x0:792x694\/1000x0\/smart\/filters:strip_icc()\/i.s3.glbimg.com\/v1\/AUTH_59edd422c0c84a879bd37670ae4f538a\/internal_photos\/bs\/2021\/e\/J\/gLN4U3TNiwbomWAyA2Zg\/sem-titulo-2-.jpg 1000w, https:\/\/s2.glbimg.com\/gctG2AKR4xElvnIKhag0e-mpmv0=\/0x0:792x694\/984x0\/smart\/filters:strip_icc()\/i.s3.glbimg.com\/v1\/AUTH_59edd422c0c84a879bd37670ae4f538a\/internal_photos\/bs\/2021\/e\/J\/gLN4U3TNiwbomWAyA2Zg\/sem-titulo-2-.jpg 984w, https:\/\/s2.glbimg.com\/-clKc0_vcsIajfPLnEn_mJi6HB4=\/0x0:792x694\/640x0\/smart\/filters:strip_icc()\/i.s3.glbimg.com\/v1\/AUTH_59edd422c0c84a879bd37670ae4f538a\/internal_photos\/bs\/2021\/e\/J\/gLN4U3TNiwbomWAyA2Zg\/sem-titulo-2-.jpg 640w, https:\/\/s2.glbimg.com\/hZkLxfs1Sa7Lrtt5lD450qh9NJM=\/0x0:792x694\/600x0\/smart\/filters:strip_icc()\/i.s3.glbimg.com\/v1\/AUTH_59edd422c0c84a879bd37670ae4f538a\/internal_photos\/bs\/2021\/e\/J\/gLN4U3TNiwbomWAyA2Zg\/sem-titulo-2-.jpg 600w\" alt=\"Comunicado da ren\u00fancia de Dom Tom\u00e9 \u00e0 Diocese de Rio Preto (SP) foi divulgado no site da CNBB \u2014 Foto: Reprodu\u00e7\u00e3o\/Confer\u00eancia Nacional dos Bispos do Brasil (CNBB)\" \/><\/figure>\n<\/div>\n<p class=\"content-media__description \">Comunicado da ren\u00fancia de Dom Tom\u00e9 \u00e0 Diocese de Rio Preto (SP) foi divulgado no site da CNBB \u2014 Foto: Reprodu\u00e7\u00e3o\/Confer\u00eancia Nacional dos Bispos do Brasil (CNBB)<\/p>\n<\/div>\n<\/div>\n<div class=\"mc-column content-text active-extra-styles \" data-block-type=\"unstyled\" data-block-weight=\"28\" data-block-id=\"11\">\n<p class=\"content-text__container \" style=\"text-align: justify;\" data-track-category=\"Link no Texto\" data-track-links=\"\">O\u00a0<strong>G1<\/strong>\u00a0procurou a diocese e o bispo para falar sobre o caso. A diocese informou que n\u00e3o vai se pronunciar, j\u00e1 Dom Tom\u00e9 n\u00e3o retornou nosso contato.<\/p>\n<div class=\"mc-column content-text active-extra-styles\" style=\"text-align: justify;\" data-block-type=\"raw\" data-block-weight=\"3\" data-block-id=\"13\">\n<div class=\"content-intertitle\">\n<h2>Ren\u00fancia \u00e0 CNBB<\/h2>\n<\/div>\n<\/div>\n<div class=\"mc-column content-text active-extra-styles \" data-block-type=\"unstyled\" data-block-weight=\"31\" data-block-id=\"14\">\n<p class=\"content-text__container \" style=\"text-align: justify;\" data-track-category=\"Link no Texto\" data-track-links=\"\">Em setembro 2018, dom Tom\u00e9 renunciou ao cargo vinculado \u00e0 CNBB de coordenador regional da Arquidiocese de Ribeir\u00e3o Preto.<\/p>\n<div class=\"mc-column content-text active-extra-styles \" style=\"text-align: justify;\" data-block-type=\"unstyled\" data-block-weight=\"44\" data-block-id=\"16\">\n<p class=\"content-text__container \" data-track-category=\"Link no Texto\" data-track-links=\"\">A ren\u00fancia ocorreu um m\u00eas ap\u00f3s a\u00a0<strong>TV TEM<\/strong>\u00a0revelar que o Vaticano\u00a0<a href=\"https:\/\/g1.globo.com\/sp\/sao-jose-do-rio-preto-aracatuba\/noticia\/2018\/09\/24\/bispo-de-rio-preto-investigado-pelo-vaticano-em-denuncias-de-abusos-sexuais-deixa-cargo-ligado-a-cnbb.ghtml\">investigava o bispo por suposta omiss\u00e3o em casos de abuso sexuais<\/a>\u00a0praticados por padres da diocese. O pr\u00f3prio Dom Tom\u00e9 teria trocado mensagens de cunho sexual com um jovem na \u00e9poca.<\/p>\n<\/div>\n<div class=\"mc-column content-text active-extra-styles \" style=\"text-align: justify;\" data-block-type=\"unstyled\" data-block-weight=\"34\" data-block-id=\"17\">\n<p class=\"content-text__container \" data-track-category=\"Link no Texto\" data-track-links=\"\">Tom\u00e9 entregou o cargo de representante da sub-regi\u00e3o da arquidiocese de Ribeir\u00e3o Preto durante reuni\u00e3o com os bispos das dioceses de Barretos, Catanduva, Jales e Votuporanga, que estavam subordinados ao bispo de Rio Preto.<\/p>\n<\/div>\n<div class=\"row medium-uncollapsed content-media content-photo\" data-block-type=\"backstage-photo\" data-block-id=\"18\">\n<div class=\"mc-column content-media__container\">\n<div class=\"content-media-container glb-skeleton-box\" style=\"text-align: justify;\">\n<figure class=\"content-media-figure\"><img decoding=\"async\" class=\"i-amphtml-fill-content i-amphtml-replaced-content\" src=\"https:\/\/s2.glbimg.com\/oTHYia6Jac1iWkWj3Ea4dLJ2SQY=\/0x0:1600x900\/984x0\/smart\/filters:strip_icc()\/i.s3.glbimg.com\/v1\/AUTH_59edd422c0c84a879bd37670ae4f538a\/internal_photos\/bs\/2021\/4\/B\/ZAfMuPTEaDv2wFV8gbAA\/dom-tome-1.jpg\" sizes=\"(max-width: 1366px) 648px, 100vw\" srcset=\"https:\/\/s2.glbimg.com\/rxzKGrfzHpCaCGPD73yNG7PVGQQ=\/0x0:1600x900\/1000x0\/smart\/filters:strip_icc()\/i.s3.glbimg.com\/v1\/AUTH_59edd422c0c84a879bd37670ae4f538a\/internal_photos\/bs\/2021\/4\/B\/ZAfMuPTEaDv2wFV8gbAA\/dom-tome-1.jpg 1000w, https:\/\/s2.glbimg.com\/oTHYia6Jac1iWkWj3Ea4dLJ2SQY=\/0x0:1600x900\/984x0\/smart\/filters:strip_icc()\/i.s3.glbimg.com\/v1\/AUTH_59edd422c0c84a879bd37670ae4f538a\/internal_photos\/bs\/2021\/4\/B\/ZAfMuPTEaDv2wFV8gbAA\/dom-tome-1.jpg 984w, https:\/\/s2.glbimg.com\/9sOVPK2E_H8CjLXhKf4QmKMZEAI=\/0x0:1600x900\/640x0\/smart\/filters:strip_icc()\/i.s3.glbimg.com\/v1\/AUTH_59edd422c0c84a879bd37670ae4f538a\/internal_photos\/bs\/2021\/4\/B\/ZAfMuPTEaDv2wFV8gbAA\/dom-tome-1.jpg 640w, https:\/\/s2.glbimg.com\/Al73lKbYnQ83oYKTHTMJnoFphko=\/0x0:1600x900\/600x0\/smart\/filters:strip_icc()\/i.s3.glbimg.com\/v1\/AUTH_59edd422c0c84a879bd37670ae4f538a\/internal_photos\/bs\/2021\/4\/B\/ZAfMuPTEaDv2wFV8gbAA\/dom-tome-1.jpg 600w\" alt=\"Dom Tom\u00e9 renunciou \u00e0 Diocese de S\u00e3o Jos\u00e9 do Rio Preto (SP) \u2014 Foto: Reprodu\u00e7\u00e3o\/TV TEM\" \/><\/figure>\n<\/div>\n<p class=\"content-media__description \" style=\"text-align: justify;\">Dom Tom\u00e9 renunciou \u00e0 Diocese de S\u00e3o Jos\u00e9 do Rio Preto (SP) \u2014 Foto: Reprodu\u00e7\u00e3o\/TV TEM<\/p>\n<div class=\"mc-column content-text active-extra-styles \" style=\"text-align: justify;\" data-block-type=\"unstyled\" data-block-weight=\"32\" data-block-id=\"20\">\n<p class=\"content-text__container \" data-track-category=\"Link no Texto\" data-track-links=\"\">Ele foi eleito coordenador regional em 2015 para um mandato de quatro anos. Na \u00e9poca, o bispo de Barretos, dom Milton Kenan J\u00fanior, assumiu o comando da regional no lugar de Tom\u00e9.<\/p>\n<\/div>\n<div class=\"mc-column content-text active-extra-styles\" style=\"text-align: justify;\" data-block-type=\"raw\" data-block-weight=\"3\" data-block-id=\"21\">\n<div class=\"content-intertitle\">\n<h2>Investigado pelo Vaticano<\/h2>\n<\/div>\n<\/div>\n<div class=\"row medium-uncollapsed content-media content-photo\" style=\"text-align: justify;\" data-block-type=\"backstage-photo\" data-block-id=\"22\">\n<div class=\"mc-column content-media__container\">\n<div class=\"content-media-container glb-skeleton-box\">\n<figure class=\"content-media-figure\"><img decoding=\"async\" class=\"i-amphtml-fill-content i-amphtml-replaced-content\" src=\"https:\/\/s2.glbimg.com\/l2koMMl1VhDxbJBA8QhYkO-A4aw=\/0x0:620x412\/984x0\/smart\/filters:strip_icc()\/i.s3.glbimg.com\/v1\/AUTH_59edd422c0c84a879bd37670ae4f538a\/internal_photos\/bs\/2018\/J\/o\/E0q1pQSDCcziDBTkzqIQ\/dom-jose-investiga-denuncias-na-diocese-de-rio-preto-sp-.jpg\" sizes=\"(max-width: 1366px) 648px, 100vw\" srcset=\"https:\/\/s2.glbimg.com\/NNjIulllNHQ5GHMgB9LqRFDsvuc=\/0x0:620x412\/1000x0\/smart\/filters:strip_icc()\/i.s3.glbimg.com\/v1\/AUTH_59edd422c0c84a879bd37670ae4f538a\/internal_photos\/bs\/2018\/J\/o\/E0q1pQSDCcziDBTkzqIQ\/dom-jose-investiga-denuncias-na-diocese-de-rio-preto-sp-.jpg 1000w, https:\/\/s2.glbimg.com\/l2koMMl1VhDxbJBA8QhYkO-A4aw=\/0x0:620x412\/984x0\/smart\/filters:strip_icc()\/i.s3.glbimg.com\/v1\/AUTH_59edd422c0c84a879bd37670ae4f538a\/internal_photos\/bs\/2018\/J\/o\/E0q1pQSDCcziDBTkzqIQ\/dom-jose-investiga-denuncias-na-diocese-de-rio-preto-sp-.jpg 984w, https:\/\/s2.glbimg.com\/5odAuOCcJ_KSDcFuw_l36FdV8wE=\/0x0:620x412\/640x0\/smart\/filters:strip_icc()\/i.s3.glbimg.com\/v1\/AUTH_59edd422c0c84a879bd37670ae4f538a\/internal_photos\/bs\/2018\/J\/o\/E0q1pQSDCcziDBTkzqIQ\/dom-jose-investiga-denuncias-na-diocese-de-rio-preto-sp-.jpg 640w, https:\/\/s2.glbimg.com\/vmBQ-hPc3FY5AhHtJV0Ix5yLKEY=\/0x0:620x412\/600x0\/smart\/filters:strip_icc()\/i.s3.glbimg.com\/v1\/AUTH_59edd422c0c84a879bd37670ae4f538a\/internal_photos\/bs\/2018\/J\/o\/E0q1pQSDCcziDBTkzqIQ\/dom-jose-investiga-denuncias-na-diocese-de-rio-preto-sp-.jpg 600w\" alt=\"Dom Jos\u00e9 investigou den\u00fancias na Diocese de Rio Preto (SP) \u2014 Foto: Divulga\u00e7\u00e3o\" \/><\/figure>\n<\/div>\n<p class=\"content-media__description \">Dom Jos\u00e9 investigou den\u00fancias na Diocese de Rio Preto (SP) \u2014 Foto: Divulga\u00e7\u00e3o<\/p>\n<\/div>\n<\/div>\n<div class=\"mc-column content-text active-extra-styles \" style=\"text-align: justify;\" data-block-type=\"unstyled\" data-block-weight=\"30\" data-block-id=\"23\">\n<p class=\"content-text__container \" data-track-category=\"Link no Texto\" data-track-links=\"\">A\u00a0<a href=\"https:\/\/g1.globo.com\/sp\/sao-jose-do-rio-preto-aracatuba\/noticia\/2018\/08\/24\/vaticano-envia-representante-para-investigar-denuncias-de-abuso-sexual-na-diocese-de-rio-preto.ghtml\">Igreja Cat\u00f3lica enviou um representante a Rio Preto<\/a>\u00a0para uma investiga\u00e7\u00e3o sigilosa de den\u00fancias de abusos sexuais que teriam ocorrido na diocese, administrada pelo bispo Tom\u00e9 Ferreira da Silva.<\/p>\n<\/div>\n<div class=\"mc-column content-text active-extra-styles \" style=\"text-align: justify;\" data-block-type=\"unstyled\" data-block-weight=\"23\" data-block-id=\"24\">\n<p class=\"content-text__container \" data-track-category=\"Link no Texto\" data-track-links=\"\">A apura\u00e7\u00e3o do Vaticano envolveu den\u00fancias de uma suposta omiss\u00e3o de dom Tom\u00e9 em rela\u00e7\u00e3o \u00e0s den\u00fancias de abuso sexual praticado por padres.<\/p>\n<\/div>\n<div class=\"mc-column content-text active-extra-styles \" style=\"text-align: justify;\" data-block-type=\"unstyled\" data-block-weight=\"20\" data-block-id=\"25\">\n<p class=\"content-text__container \" data-track-category=\"Link no Texto\" data-track-links=\"\">O\u00a0<a href=\"https:\/\/g1.globo.com\/sp\/sao-jose-do-rio-preto-aracatuba\/noticia\/2018\/08\/24\/vaticano-envia-representante-para-investigar-denuncias-de-abuso-sexual-na-diocese-de-rio-preto.ghtml\">representante indicado pelo Vaticano foi dom Jos\u00e9 Negri,<\/a>\u00a0bispo da Diocese Santo Amaro e amigo pessoal do Papa Francisco.<\/p>\n<\/div>\n<div class=\"row medium-uncollapsed content-media content-photo\" data-block-type=\"backstage-photo\" data-block-id=\"26\">\n<div class=\"mc-column content-media__container\">\n<div class=\"content-media-container glb-skeleton-box\" style=\"text-align: justify;\">\n<figure class=\"content-media-figure\"><img decoding=\"async\" class=\"i-amphtml-fill-content i-amphtml-replaced-content\" src=\"https:\/\/s2.glbimg.com\/TYKYDkKdZfsgxqU5wjhAIXtbuIg=\/0x0:1600x900\/984x0\/smart\/filters:strip_icc()\/i.s3.glbimg.com\/v1\/AUTH_59edd422c0c84a879bd37670ae4f538a\/internal_photos\/bs\/2021\/g\/g\/SHwR1fSCA1R0zDgOAhKQ\/dom-tome-3.jpg\" sizes=\"(max-width: 1366px) 648px, 100vw\" srcset=\"https:\/\/s2.glbimg.com\/Mhy67LZot589x3UHuwS3UyHwIh8=\/0x0:1600x900\/1000x0\/smart\/filters:strip_icc()\/i.s3.glbimg.com\/v1\/AUTH_59edd422c0c84a879bd37670ae4f538a\/internal_photos\/bs\/2021\/g\/g\/SHwR1fSCA1R0zDgOAhKQ\/dom-tome-3.jpg 1000w, https:\/\/s2.glbimg.com\/TYKYDkKdZfsgxqU5wjhAIXtbuIg=\/0x0:1600x900\/984x0\/smart\/filters:strip_icc()\/i.s3.glbimg.com\/v1\/AUTH_59edd422c0c84a879bd37670ae4f538a\/internal_photos\/bs\/2021\/g\/g\/SHwR1fSCA1R0zDgOAhKQ\/dom-tome-3.jpg 984w, https:\/\/s2.glbimg.com\/OmGHUD1G0nx8jR3swdJIn8dX86I=\/0x0:1600x900\/640x0\/smart\/filters:strip_icc()\/i.s3.glbimg.com\/v1\/AUTH_59edd422c0c84a879bd37670ae4f538a\/internal_photos\/bs\/2021\/g\/g\/SHwR1fSCA1R0zDgOAhKQ\/dom-tome-3.jpg 640w, https:\/\/s2.glbimg.com\/35VlGtLp_h3CbQCfXOayDVOUugo=\/0x0:1600x900\/600x0\/smart\/filters:strip_icc()\/i.s3.glbimg.com\/v1\/AUTH_59edd422c0c84a879bd37670ae4f538a\/internal_photos\/bs\/2021\/g\/g\/SHwR1fSCA1R0zDgOAhKQ\/dom-tome-3.jpg 600w\" alt=\"Dom Tom\u00e9 renunciou \u00e0 Diocese de Rio Preto \u2014 Foto: Reprodu\u00e7\u00e3o\/TV TEM\" \/><\/figure>\n<\/div>\n<p class=\"content-media__description \" style=\"text-align: justify;\">Dom Tom\u00e9 renunciou \u00e0 Diocese de Rio Preto \u2014 Foto: Reprodu\u00e7\u00e3o\/TV TEM<\/p>\n<p style=\"text-align: justify;\">Fonte: https:\/\/g1.globo.com\/sp\/sao-jose-do-rio-preto-aracatuba\/noticia\/2021\/08\/18\/dom-tome-renuncia-a-diocese-de-rio-preto.ghtml<\/p>\n<p style=\"text-align: justify;\">Comp. Jorge Zanoni<\/p>\n<\/div>\n<\/div>\n<\/div>\n<\/div>\n<\/div>\n<\/div>\n<\/div>\n","protected":false},"excerpt":{"rendered":"<p>Pedido de Tom\u00e9 Ferreira da Silva foi aceito pelo Papa Francisco e divulgado nesta quarta-feira (18) pela CNBB. O bispo Tom\u00e9 Ferreira da Silva renunciou ao cargo na Diocese de S\u00e3o Jos\u00e9 do Rio Preto (SP). O pedido foi aceito pelo Papa Francisco e divulgado nesta quarta-feira (18) pela Confer\u00eancia Nacional dos Bispos do Brasil [&hellip;]<\/p>\n","protected":false},"author":1,"featured_media":52592,"comment_status":"closed","ping_status":"open","sticky":false,"template":"","format":"standard","meta":{"footnotes":""},"categories":[110,118],"tags":[],"class_list":["post-52591","post","type-post","status-publish","format-standard","has-post-thumbnail","hentry","category-noticiasdestaque","category-religiaoesolidariedade"],"_links":{"self":[{"href":"https:\/\/jorgezanoni.com.br\/2019\/wp-json\/wp\/v2\/posts\/52591","targetHints":{"allow":["GET"]}}],"collection":[{"href":"https:\/\/jorgezanoni.com.br\/2019\/wp-json\/wp\/v2\/posts"}],"about":[{"href":"https:\/\/jorgezanoni.com.br\/2019\/wp-json\/wp\/v2\/types\/post"}],"author":[{"embeddable":true,"href":"https:\/\/jorgezanoni.com.br\/2019\/wp-json\/wp\/v2\/users\/1"}],"replies":[{"embeddable":true,"href":"https:\/\/jorgezanoni.com.br\/2019\/wp-json\/wp\/v2\/comments?post=52591"}],"version-history":[{"count":0,"href":"https:\/\/jorgezanoni.com.br\/2019\/wp-json\/wp\/v2\/posts\/52591\/revisions"}],"wp:featuredmedia":[{"embeddable":true,"href":"https:\/\/jorgezanoni.com.br\/2019\/wp-json\/wp\/v2\/media\/52592"}],"wp:attachment":[{"href":"https:\/\/jorgezanoni.com.br\/2019\/wp-json\/wp\/v2\/media?parent=52591"}],"wp:term":[{"taxonomy":"category","embeddable":true,"href":"https:\/\/jorgezanoni.com.br\/2019\/wp-json\/wp\/v2\/categories?post=52591"},{"taxonomy":"post_tag","embeddable":true,"href":"https:\/\/jorgezanoni.com.br\/2019\/wp-json\/wp\/v2\/tags?post=52591"}],"curies":[{"name":"wp","href":"https:\/\/api.w.org\/{rel}","templated":true}]}}