{"id":52581,"date":"2021-08-18T14:43:23","date_gmt":"2021-08-18T14:43:23","guid":{"rendered":"https:\/\/jorgezanoni.com.br\/2019\/?p=52581"},"modified":"2021-08-18T14:43:23","modified_gmt":"2021-08-18T14:43:23","slug":"fcat-unesp-em-dracena-18-anos-de-historia","status":"publish","type":"post","link":"https:\/\/jorgezanoni.com.br\/2019\/fcat-unesp-em-dracena-18-anos-de-historia\/","title":{"rendered":"FCAT\/Unesp em Dracena, 18 anos de hist\u00f3ria"},"content":{"rendered":"<div>\n<p class=\"v1MsoNormal\" style=\"text-align: justify;\"><strong>Neste m\u00eas de agosto, a Faculdade de Ci\u00eancias Agr\u00e1rias e Tecnol\u00f3gicas (FCAT) est\u00e1 completando 18 anos de contribui\u00e7\u00e3o ao\u00a0ensino, \u00e0\u00a0pesquisa\u00a0e \u00e0\u00a0extens\u00e3o universit\u00e1ria e cultura, n\u00e3o somente para Dracena e regi\u00e3o, mas tamb\u00e9m para o Brasil e o exterior.<\/strong><\/p>\n<p class=\"v1MsoNormal\" style=\"text-align: justify;\">Resgatar a hist\u00f3ria da FCAT significa exaltar os cidad\u00e3os dracenenses, que n\u00e3o mediram esfor\u00e7os para\u00a0instalar um C\u00e2mpus de uma Universidade\u00a0p\u00fablica, gratuita e de qualidade reconhecida nacional e internacionalmente como \u00e9 o caso da Unesp, em um munic\u00edpio distante mais de 650 km da capital. Naquela \u00e9poca, os pol\u00edticos e a comunidade em geral tinham como principal anseio ter, na cidade de Dracena, uma universidade p\u00fablica n\u00e3o s\u00f3 para oferecer aos seus filhos e netos um ensino superior de qualidade, mas tamb\u00e9m para\u00a0estimular o desenvolvimento da cidade e regi\u00e3o.<\/p>\n<p class=\"v1MsoNormal\" style=\"text-align: justify;\">O curso de gradua\u00e7\u00e3o em Zootecnia teve suas atividades iniciadas provisoriamente em agosto de 2003 nas instala\u00e7\u00f5es cedidas pela Funda\u00e7\u00e3o Dracenense de Educa\u00e7\u00e3o e Cultura &#8211; Fundec. No dia 28 de mar\u00e7o de 2006, foram inauguradas as instala\u00e7\u00f5es f\u00edsicas do C\u00e2mpus, localizado na Rodovia Comandante Jo\u00e3o Ribeiro de Barros (SP 294), na altura do km 651, no Munic\u00edpio de Dracena.<\/p>\n<p class=\"v1MsoNormal\" style=\"text-align: justify;\">Em 2012, foi implantado o Programa de P\u00f3s-gradua\u00e7\u00e3o em Ci\u00eancia e Tecnologia Animal, n\u00edvel de mestrado acad\u00eamico, fruto de uma parceria entre o C\u00e2mpus de Dracena e a Faculdade de Engenharia de Ilha Solteira \u2013 FEIS\/Unesp.<\/p>\n<p class=\"v1MsoNormal\" style=\"text-align: justify;\">A partir de mar\u00e7o de 2013, o C\u00e2mpus de Dracena passou a oferecer tamb\u00e9m o curso de gradua\u00e7\u00e3o em Engenharia Agron\u00f4mica.<\/p>\n<p class=\"v1MsoNormal\" style=\"text-align: justify;\">No dia 29 de setembro de 2015, o C\u00e2mpus de Dracena recebeu o &#8220;status&#8221; de Unidade Universit\u00e1ria e passou a se chamar Faculdade de Ci\u00eancias Agr\u00e1rias e Tecnol\u00f3gicas (FCAT) da Unesp &#8211; C\u00e2mpus de Dracena.<\/p>\n<p class=\"v1MsoNormal\" style=\"text-align: justify;\">Atualmente a\u00a0FCAT conta com\u00a0cerca de 500 alunos\u00a0de gradua\u00e7\u00e3o e cerca de 100 alunos de\u00a0p\u00f3s-gradua\u00e7\u00e3o que desenvolvem diversas pesquisas na \u00e1rea de Ci\u00eancias Agr\u00e1rias, al\u00e9m de oferecer projetos, cursos e programas de extens\u00e3o \u00e0 comunidade externa &#8211;\u00a0como o Cursinho Pr\u00e9-Vestibular Alvo e a Unati &#8211; Universidade Aberta \u00e0 Terceira Idade.<\/p>\n<p class=\"v1MsoNormal\" style=\"text-align: justify;\">Na FCAT h\u00e1\u00a037\u00a0docentes,\u00a047\u00a0t\u00e9cnico-administrativos que realizam trabalhos relacionados ao ensino, pesquisa e extens\u00e3o, que movimentam a economia e a cultura\u00a0da cidade e da regi\u00e3o. Al\u00e9m disso, conta com\u00a016 funcion\u00e1rios terceirizados que auxiliam na manuten\u00e7\u00e3o e seguran\u00e7a do C\u00e2mpus.\u00a0Em nossa unidade s\u00e3o atendidas cerca de\u00a01.000\u00a0pessoas, envolvidas nas diferentes atividades e segmentos da universidade.<\/p>\n<p class=\"v1MsoNormal\" style=\"text-align: justify;\">S\u00e3o muitos os desafios externos e internos que a universidade continua a enfrentar durante a pandemia do\u00a0Covid-19, como, por exemplo, continuar oferecendo ensino, pesquisa e extens\u00e3o de qualidade, ao lado da crescente demanda de inclus\u00e3o social.<\/p>\n<p class=\"v1MsoNormal\" style=\"text-align: justify;\">A dire\u00e7\u00e3o da FCAT, representada pelo professor F\u00e1bio Erminio Mingatto e a professora Sirlei Maest\u00e1, parabeniza todos os servidores docentes e t\u00e9cnico-administrativos e os discentes que ajudaram e ajudam a engrandecer a hist\u00f3ria de nossa unidade e coloc\u00e1-la em lugar de destaque no cen\u00e1rio local, regional, nacional e internacional.<\/p>\n<\/div>\n<div dir=\"ltr\">\n<div dir=\"ltr\">Diretoria<br \/>\nFaculdade de Ci\u00eancias Agr\u00e1rias e Tecnol\u00f3gicas &#8211; FCAT<\/p>\n<div style=\"text-align: justify;\">Unesp &#8211; Universidade Estadual Paulista &#8211; C\u00e2mpus de Dracena<\/div>\n<\/div>\n<\/div>\n","protected":false},"excerpt":{"rendered":"<p>Neste m\u00eas de agosto, a Faculdade de Ci\u00eancias Agr\u00e1rias e Tecnol\u00f3gicas (FCAT) est\u00e1 completando 18 anos de contribui\u00e7\u00e3o ao\u00a0ensino, \u00e0\u00a0pesquisa\u00a0e \u00e0\u00a0extens\u00e3o universit\u00e1ria e cultura, n\u00e3o somente para Dracena e regi\u00e3o, mas tamb\u00e9m para o Brasil e o exterior. Resgatar a hist\u00f3ria da FCAT significa exaltar os cidad\u00e3os dracenenses, que n\u00e3o mediram esfor\u00e7os para\u00a0instalar um C\u00e2mpus [&hellip;]<\/p>\n","protected":false},"author":1,"featured_media":52582,"comment_status":"closed","ping_status":"open","sticky":false,"template":"","format":"standard","meta":{"footnotes":""},"categories":[110,122],"tags":[],"class_list":["post-52581","post","type-post","status-publish","format-standard","has-post-thumbnail","hentry","category-noticiasdestaque","category-saudeeducacaoeconcurso"],"_links":{"self":[{"href":"https:\/\/jorgezanoni.com.br\/2019\/wp-json\/wp\/v2\/posts\/52581","targetHints":{"allow":["GET"]}}],"collection":[{"href":"https:\/\/jorgezanoni.com.br\/2019\/wp-json\/wp\/v2\/posts"}],"about":[{"href":"https:\/\/jorgezanoni.com.br\/2019\/wp-json\/wp\/v2\/types\/post"}],"author":[{"embeddable":true,"href":"https:\/\/jorgezanoni.com.br\/2019\/wp-json\/wp\/v2\/users\/1"}],"replies":[{"embeddable":true,"href":"https:\/\/jorgezanoni.com.br\/2019\/wp-json\/wp\/v2\/comments?post=52581"}],"version-history":[{"count":0,"href":"https:\/\/jorgezanoni.com.br\/2019\/wp-json\/wp\/v2\/posts\/52581\/revisions"}],"wp:featuredmedia":[{"embeddable":true,"href":"https:\/\/jorgezanoni.com.br\/2019\/wp-json\/wp\/v2\/media\/52582"}],"wp:attachment":[{"href":"https:\/\/jorgezanoni.com.br\/2019\/wp-json\/wp\/v2\/media?parent=52581"}],"wp:term":[{"taxonomy":"category","embeddable":true,"href":"https:\/\/jorgezanoni.com.br\/2019\/wp-json\/wp\/v2\/categories?post=52581"},{"taxonomy":"post_tag","embeddable":true,"href":"https:\/\/jorgezanoni.com.br\/2019\/wp-json\/wp\/v2\/tags?post=52581"}],"curies":[{"name":"wp","href":"https:\/\/api.w.org\/{rel}","templated":true}]}}