{"id":52552,"date":"2021-08-17T23:01:27","date_gmt":"2021-08-17T23:01:27","guid":{"rendered":"https:\/\/jorgezanoni.com.br\/2019\/?p=52552"},"modified":"2021-08-17T23:01:27","modified_gmt":"2021-08-17T23:01:27","slug":"saude-de-dracena-inicia-amanha-a-vacinacao-covid-em-menores-de-18-anos","status":"publish","type":"post","link":"https:\/\/jorgezanoni.com.br\/2019\/saude-de-dracena-inicia-amanha-a-vacinacao-covid-em-menores-de-18-anos\/","title":{"rendered":"Sa\u00fade de Dracena inicia amanh\u00e3 a Vacina\u00e7\u00e3o COVID em menores de 18 anos"},"content":{"rendered":"<div class=\"ntc_resumo_noticia sw_lato_bold\" style=\"text-align: justify;\">Nesta quarta-feira, a vacina \u00e9 para pessoas de 17 e 16 anos que tenham alguma comorbidade, defici\u00eancia, gestantes e pu\u00e9rperas<\/div>\n<div><\/div>\n<div class=\"ntc_descricao_noticia\">\n<div class=\"ntc_cont_descricao_noticia sw_txteditor\">\n<p style=\"text-align: justify;\">Nesta quarta-feira,\u00a018\/08,\u00a0a primeira dose da vacina covid\u00a0estar\u00e1 dispon\u00edvel para pessoas de 17 e 16 anos que tenham alguma comorbidade, defici\u00eancia, gestantes e pu\u00e9rperas. A Sa\u00fade municipal informa que \u00e9\u00a0obrigat\u00f3rio, o adolescente comparecer ao posto de vacina\u00e7\u00e3o\u00a0com um respons\u00e1vel,\u00a0apresentar RG, CPF, comprovante de resid\u00eancia e o atestado m\u00e9dico.<\/p>\n<p style=\"text-align: justify;\">Tamb\u00e9m estar\u00e1 dispon\u00edvel a segunda dose da vacina AstraZeneca para quem est\u00e1 com a data agendada\u00a0e a primeira dose para pessoas com 18 anos ou mais.<\/p>\n<p style=\"text-align: justify;\">A Sa\u00fade informa ainda que pessoas com a segunda dose da vacina Coronavac agendada\u00a0devem\u00a0aguardar a chegada de nova grade.<\/p>\n<p style=\"text-align: justify;\">POSTO DE VACINA\u00c7\u00c3O: Igreja Assembleia de Deus Bel\u00e9m &#8211; das 8h \u00e0s 13h.<\/p>\n<p style=\"text-align: justify;\">Fonte: Diretoria de Comunica\u00e7\u00e3o<\/p>\n<\/div>\n<\/div>\n","protected":false},"excerpt":{"rendered":"<p>Nesta quarta-feira, a vacina \u00e9 para pessoas de 17 e 16 anos que tenham alguma comorbidade, defici\u00eancia, gestantes e pu\u00e9rperas Nesta quarta-feira,\u00a018\/08,\u00a0a primeira dose da vacina covid\u00a0estar\u00e1 dispon\u00edvel para pessoas de 17 e 16 anos que tenham alguma comorbidade, defici\u00eancia, gestantes e pu\u00e9rperas. A Sa\u00fade municipal informa que \u00e9\u00a0obrigat\u00f3rio, o adolescente comparecer ao posto de [&hellip;]<\/p>\n","protected":false},"author":1,"featured_media":52553,"comment_status":"closed","ping_status":"open","sticky":false,"template":"","format":"standard","meta":{"footnotes":""},"categories":[179,184,110],"tags":[],"class_list":["post-52552","post","type-post","status-publish","format-standard","has-post-thumbnail","hentry","category-cidadeseregiao","category-dracena","category-noticiasdestaque"],"_links":{"self":[{"href":"https:\/\/jorgezanoni.com.br\/2019\/wp-json\/wp\/v2\/posts\/52552","targetHints":{"allow":["GET"]}}],"collection":[{"href":"https:\/\/jorgezanoni.com.br\/2019\/wp-json\/wp\/v2\/posts"}],"about":[{"href":"https:\/\/jorgezanoni.com.br\/2019\/wp-json\/wp\/v2\/types\/post"}],"author":[{"embeddable":true,"href":"https:\/\/jorgezanoni.com.br\/2019\/wp-json\/wp\/v2\/users\/1"}],"replies":[{"embeddable":true,"href":"https:\/\/jorgezanoni.com.br\/2019\/wp-json\/wp\/v2\/comments?post=52552"}],"version-history":[{"count":0,"href":"https:\/\/jorgezanoni.com.br\/2019\/wp-json\/wp\/v2\/posts\/52552\/revisions"}],"wp:featuredmedia":[{"embeddable":true,"href":"https:\/\/jorgezanoni.com.br\/2019\/wp-json\/wp\/v2\/media\/52553"}],"wp:attachment":[{"href":"https:\/\/jorgezanoni.com.br\/2019\/wp-json\/wp\/v2\/media?parent=52552"}],"wp:term":[{"taxonomy":"category","embeddable":true,"href":"https:\/\/jorgezanoni.com.br\/2019\/wp-json\/wp\/v2\/categories?post=52552"},{"taxonomy":"post_tag","embeddable":true,"href":"https:\/\/jorgezanoni.com.br\/2019\/wp-json\/wp\/v2\/tags?post=52552"}],"curies":[{"name":"wp","href":"https:\/\/api.w.org\/{rel}","templated":true}]}}