{"id":52545,"date":"2021-08-17T22:44:38","date_gmt":"2021-08-17T22:44:38","guid":{"rendered":"https:\/\/jorgezanoni.com.br\/2019\/?p=52545"},"modified":"2021-08-17T22:44:38","modified_gmt":"2021-08-17T22:44:38","slug":"emefi-ottilia-braz-noguerol-volta-atividades-normais-amanha","status":"publish","type":"post","link":"https:\/\/jorgezanoni.com.br\/2019\/emefi-ottilia-braz-noguerol-volta-atividades-normais-amanha\/","title":{"rendered":"EMEFI Ott\u00edlia Braz Noguerol volta atividades normais amanh\u00e3"},"content":{"rendered":"<p style=\"text-align: justify;\">Nesta quarta-feira, 18\/08, as atividades na Emefi Ott\u00edlia Braz Noguerol ocorrer\u00e3o normalmente, conforme informa\u00e7\u00e3o da Secretaria Municipal de Educa\u00e7\u00e3o.<br \/>\nHoje, 17, a unidade n\u00e3o funcionou, porque na segunda-feira, foi confirmado um caso positivo de covid em uma crian\u00e7a estudante da escola. Desde segunda foram iniciados trabalhos de desinfec\u00e7\u00e3o no local.<br \/>\nA\u00a0 administra\u00e7\u00e3o municipal ressalta que todas as unidades de ensino da rede de educa\u00e7\u00e3o est\u00e3o adaptadas e seguindo a risca os protocolos sanit\u00e1rios preventivos \u00e0 covid estabelecidos pela Secretaria de Estado da Sa\u00fade quanto ao Minist\u00e9rio da Sa\u00fade.<br \/>\nTodas as equipes das escolas tamb\u00e9m foram capacitadas para seguirem os protocolos sanit\u00e1rios.<\/p>\n<p><img loading=\"lazy\" decoding=\"async\" class=\"alignnone size-full wp-image-52547\" src=\"https:\/\/jorgezanoni.com.br\/2019\/wp-content\/uploads\/2021\/08\/oti1.jpg\" alt=\"\" width=\"600\" height=\"800\" srcset=\"https:\/\/jorgezanoni.com.br\/2019\/wp-content\/uploads\/2021\/08\/oti1.jpg 600w, https:\/\/jorgezanoni.com.br\/2019\/wp-content\/uploads\/2021\/08\/oti1-225x300.jpg 225w, https:\/\/jorgezanoni.com.br\/2019\/wp-content\/uploads\/2021\/08\/oti1-315x420.jpg 315w\" sizes=\"auto, (max-width: 600px) 100vw, 600px\" \/> <img loading=\"lazy\" decoding=\"async\" class=\"alignnone size-full wp-image-52548\" src=\"https:\/\/jorgezanoni.com.br\/2019\/wp-content\/uploads\/2021\/08\/oti2.jpg\" alt=\"\" width=\"600\" height=\"800\" srcset=\"https:\/\/jorgezanoni.com.br\/2019\/wp-content\/uploads\/2021\/08\/oti2.jpg 600w, https:\/\/jorgezanoni.com.br\/2019\/wp-content\/uploads\/2021\/08\/oti2-225x300.jpg 225w, https:\/\/jorgezanoni.com.br\/2019\/wp-content\/uploads\/2021\/08\/oti2-315x420.jpg 315w\" sizes=\"auto, (max-width: 600px) 100vw, 600px\" \/> <img loading=\"lazy\" decoding=\"async\" class=\"alignnone size-full wp-image-52549\" src=\"https:\/\/jorgezanoni.com.br\/2019\/wp-content\/uploads\/2021\/08\/oti3.jpg\" alt=\"\" width=\"600\" height=\"800\" srcset=\"https:\/\/jorgezanoni.com.br\/2019\/wp-content\/uploads\/2021\/08\/oti3.jpg 600w, https:\/\/jorgezanoni.com.br\/2019\/wp-content\/uploads\/2021\/08\/oti3-225x300.jpg 225w, https:\/\/jorgezanoni.com.br\/2019\/wp-content\/uploads\/2021\/08\/oti3-315x420.jpg 315w\" sizes=\"auto, (max-width: 600px) 100vw, 600px\" \/> <img loading=\"lazy\" decoding=\"async\" class=\"alignnone size-full wp-image-52550\" src=\"https:\/\/jorgezanoni.com.br\/2019\/wp-content\/uploads\/2021\/08\/oti4.jpg\" alt=\"\" width=\"600\" height=\"800\" srcset=\"https:\/\/jorgezanoni.com.br\/2019\/wp-content\/uploads\/2021\/08\/oti4.jpg 600w, https:\/\/jorgezanoni.com.br\/2019\/wp-content\/uploads\/2021\/08\/oti4-225x300.jpg 225w, https:\/\/jorgezanoni.com.br\/2019\/wp-content\/uploads\/2021\/08\/oti4-315x420.jpg 315w\" sizes=\"auto, (max-width: 600px) 100vw, 600px\" \/><\/p>\n<p>Fonte: Diretoria de Comunica\u00e7\u00e3o<\/p>\n<p>&nbsp;<\/p>\n","protected":false},"excerpt":{"rendered":"<p>Nesta quarta-feira, 18\/08, as atividades na Emefi Ott\u00edlia Braz Noguerol ocorrer\u00e3o normalmente, conforme informa\u00e7\u00e3o da Secretaria Municipal de Educa\u00e7\u00e3o. Hoje, 17, a unidade n\u00e3o funcionou, porque na segunda-feira, foi confirmado um caso positivo de covid em uma crian\u00e7a estudante da escola. Desde segunda foram iniciados trabalhos de desinfec\u00e7\u00e3o no local. A\u00a0 administra\u00e7\u00e3o municipal ressalta que [&hellip;]<\/p>\n","protected":false},"author":1,"featured_media":52546,"comment_status":"closed","ping_status":"open","sticky":false,"template":"","format":"standard","meta":{"footnotes":""},"categories":[110,122],"tags":[],"class_list":["post-52545","post","type-post","status-publish","format-standard","has-post-thumbnail","hentry","category-noticiasdestaque","category-saudeeducacaoeconcurso"],"_links":{"self":[{"href":"https:\/\/jorgezanoni.com.br\/2019\/wp-json\/wp\/v2\/posts\/52545","targetHints":{"allow":["GET"]}}],"collection":[{"href":"https:\/\/jorgezanoni.com.br\/2019\/wp-json\/wp\/v2\/posts"}],"about":[{"href":"https:\/\/jorgezanoni.com.br\/2019\/wp-json\/wp\/v2\/types\/post"}],"author":[{"embeddable":true,"href":"https:\/\/jorgezanoni.com.br\/2019\/wp-json\/wp\/v2\/users\/1"}],"replies":[{"embeddable":true,"href":"https:\/\/jorgezanoni.com.br\/2019\/wp-json\/wp\/v2\/comments?post=52545"}],"version-history":[{"count":0,"href":"https:\/\/jorgezanoni.com.br\/2019\/wp-json\/wp\/v2\/posts\/52545\/revisions"}],"wp:featuredmedia":[{"embeddable":true,"href":"https:\/\/jorgezanoni.com.br\/2019\/wp-json\/wp\/v2\/media\/52546"}],"wp:attachment":[{"href":"https:\/\/jorgezanoni.com.br\/2019\/wp-json\/wp\/v2\/media?parent=52545"}],"wp:term":[{"taxonomy":"category","embeddable":true,"href":"https:\/\/jorgezanoni.com.br\/2019\/wp-json\/wp\/v2\/categories?post=52545"},{"taxonomy":"post_tag","embeddable":true,"href":"https:\/\/jorgezanoni.com.br\/2019\/wp-json\/wp\/v2\/tags?post=52545"}],"curies":[{"name":"wp","href":"https:\/\/api.w.org\/{rel}","templated":true}]}}