{"id":52522,"date":"2021-08-17T16:45:10","date_gmt":"2021-08-17T16:45:10","guid":{"rendered":"https:\/\/jorgezanoni.com.br\/2019\/?p=52522"},"modified":"2021-08-17T16:45:10","modified_gmt":"2021-08-17T16:45:10","slug":"emdaep-completa-38-anos-de-sua-constituicao","status":"publish","type":"post","link":"https:\/\/jorgezanoni.com.br\/2019\/emdaep-completa-38-anos-de-sua-constituicao\/","title":{"rendered":"EMDAEP completa 38 anos de sua constitui\u00e7\u00e3o"},"content":{"rendered":"<p style=\"text-align: justify;\"><strong>Nesta ter\u00e7a-feira, a lei de constitui\u00e7\u00e3o da EMDAEP \u2013 Empresa de Desenvolvimento, \u00c1gua, Esgoto e Pavimenta\u00e7\u00e3o e Dracena completa 38 anos.<\/strong><\/p>\n<p style=\"text-align: justify;\">A Lei N\u00ba 1.483 foi sancionada e promulgada pelo prefeito Oswaldo Paulino dos Santos em 17 de agosto de 1983, ap\u00f3s sua aprova\u00e7\u00e3o pela C\u00e2mara. A Lei foi regulamentada pelo Decreto N\u00ba 2.487 de 19 de dezembro daquele ano.<br \/>\nNa \u00e9poca funcionava o SAMAE \u2013 Servi\u00e7o Aut\u00f4nomo Municipal de \u00c1gua e Esgotos. A EMDAEP foi a sucessora dos servi\u00e7os de \u00e1gua e esgoto e criou o setor de pavimenta\u00e7\u00e3o. A nova empresa entrou em funcionamento no dia 1\u00ba de janeiro de 1984.<br \/>\nA EMDAEP recebeu o patrim\u00f4nio do SAMAE e tinha capital inicial de 40 milh\u00f5es de cruzeiros. Ficou estabelecido por lei que a renova\u00e7\u00e3o do servi\u00e7o de concess\u00e3o ocorreria a cada 10 anos. \u00c9 uma empresa p\u00fablica municipal dotada de personalidade jur\u00eddica de direito privado.<\/p>\n<p style=\"text-align: justify;\">Entre 1984 e 1990 a EMDAEP funcionou na Rua Monte Castelo, entre as Avenidas Presidente Vargas e Presidente Roosevelt. Houve a mudan\u00e7a para o antigo pr\u00e9dio do F\u00f3rum da Comarca, na Rua Santos Dumont onde a empresa permaneceu at\u00e9 2006. Em setembro de 2006, nova mudan\u00e7a para a Avenida Presidente Roosevelt, imedia\u00e7\u00f5es da antiga rodovi\u00e1ria. A partir de agosto de 2010 a EMDAEP passou a funcionar na Rua Euclides da Cunha, esquina com a Rua Monte Castelo. A atual sede da Rua Euclides da Cunha n\u00ba 98 come\u00e7ou a ser utilizada em agosto de 2017. Ao longo de sua hist\u00f3ria a empresa n\u00e3o teve sede pr\u00f3pria, recorrendo a im\u00f3veis alugados ou cedidos como o antigo F\u00f3rum.<\/p>\n<p style=\"text-align: justify;\">Atualmente, a empresa possui cerca de 140 funcion\u00e1rios regidos pela CLT \u2013 Consolida\u00e7\u00e3o das Leis do Trabalho. A presid\u00eancia \u00e9 exercida pelo vice-prefeito Guido Francisco Baggio. S\u00e3o diretores L\u00e9o Coelho de Andrade (administrativo) e Nat\u00e1lia Lopes Agostinho Sosin (financeiro). Guido \u00e9 o quarto vice-prefeito a presidir a EMDAEP. Os anteriores foram Carlos Poli, Ladislau Guizardi e L\u00facio Sacco.<\/p>\n<p style=\"text-align: justify;\">PRESIDENTES<\/p>\n<p style=\"text-align: justify;\">Confira os nomes dos presidentes da EMDAEP desde 1984:<br \/>\n&#8211; Carlos Osvaldo de Carvalho Poli, entre 1\u00ba de janeiro de 1984 a 16 de novembro de 1986. Dr. Poli era vice-prefeito de Oswaldo Paulino dos Santos.<br \/>\n&#8211; Carlos Eduardo Pimentel, entre 17 de novembro de 1986 a 1\u00ba de maio de 1988. Nomeado pelo prefeito Oswaldo Paulino dos Santos.<br \/>\n&#8211; Joaquim Rodrigues Filho, entre 2 de maio de 1988 a 31 de dezembro de 1988. Nomeado pelo prefeito Oswaldo Paulino dos Santos.<br \/>\n&#8211; Ladislau Guizardi, entre 2 de janeiro de 1989 a 31 de dezembro de 1992. Guizardi era vice-prefeito na gest\u00e3o do prefeito Jos\u00e9 Cl\u00e1udio Grando.<br \/>\n&#8211; L\u00facio Sacco, entre 1\u00ba de janeiro de 1993 a 1\u00ba de abril de 1996. L\u00facio era vice do prefeito Zezinho Garcia.<br \/>\n&#8211; Joaquim Rodrigues Filho foi presidente pela segunda vez entre 2 de maio de 1996 a 31 de julho de 1997. Nomeado pelos prefeitos Zezinho Garcia e Jos\u00e9 Cl\u00e1udio Grando.<br \/>\n&#8211; Ladislau Guizardi voltou \u00e0 presid\u00eancia no per\u00edodo de 1\u00ba de agosto de 1997 a 31 de dezembro de 2000. Nomeado pelo prefeito Jos\u00e9 Cl\u00e1udio Grando.<br \/>\n&#8211; Enivaldo Aparecido Sartori, entre 1\u00ba de janeiro de 2001 a 31 de dezembro de 2005. Nomeado pelo prefeito J\u00fanior Stelato.<br \/>\n&#8211; Rubens Francisco de Arruda Filho, entre 1\u00ba de janeiro de 2006 a 2 de junho de 2008. Nomeado pelo prefeito J\u00fanior Stelato.<br \/>\n&#8211; Eunice Maria Faccin de Souza, entre 3 de junho de 2008 a 31 de dezembro de 2008. Nomeada pelo prefeito J\u00fanior Stelato. Eunice foi a \u00fanica mulher presidente da hist\u00f3ria.Ela era funcion\u00e1ria da carreira da empresa.<br \/>\n&#8211; Vanderlei Isael Biazini, entre 1\u00ba de janeiro de 2009 a 31 de dezembro de 2012. Durante a gest\u00e3o do prefeito C\u00e9lio Rejani.<br \/>\n&#8211; Bonfilho Antonio, entre 1\u00ba de janeiro de 2013 a 31 de dezembro de 2016. Durante a gest\u00e3o do prefeito Jos\u00e9 Antonio Pedretti.<br \/>\n&#8211; Fernando Ruiz Filho, entre 1\u00ba de janeiro de 2017 a 31 de dezembro de 2020. Nomeado pelo prefeito Juliano Brito Bertolini.<br \/>\n&#8211; O vice-prefeito Guido Francisco Baggio assumiu em 1\u00ba de janeiro de 2021 nomeado pelo prefeito Andr\u00e9 Lemos.<br \/>\nLadislau Guizardi foi o presidente por mais tempo, em torno de 7 anos e 3 meses.<\/p>\n<p style=\"text-align: justify;\">O atual presidente Guido Francisco Baggio e diretoria parabenizam os ex-presidentes e ex-diretores, funcion\u00e1rios da empresa em todos os per\u00edodos, ex-prefeitos e ex-vice-prefeitos, popula\u00e7\u00e3o e o atual prefeito Andr\u00e9 Lemos pela hist\u00f3ria de conquistas da EMDAEP durante toda sua hist\u00f3ria de quase 40 anos.<\/p>\n<p style=\"text-align: justify;\">Ass. Rela\u00e7\u00f5es P\u00fablicas da EMDAEP<\/p>\n","protected":false},"excerpt":{"rendered":"<p>Nesta ter\u00e7a-feira, a lei de constitui\u00e7\u00e3o da EMDAEP \u2013 Empresa de Desenvolvimento, \u00c1gua, Esgoto e Pavimenta\u00e7\u00e3o e Dracena completa 38 anos. A Lei N\u00ba 1.483 foi sancionada e promulgada pelo prefeito Oswaldo Paulino dos Santos em 17 de agosto de 1983, ap\u00f3s sua aprova\u00e7\u00e3o pela C\u00e2mara. A Lei foi regulamentada pelo Decreto N\u00ba 2.487 de [&hellip;]<\/p>\n","protected":false},"author":1,"featured_media":52523,"comment_status":"closed","ping_status":"open","sticky":false,"template":"","format":"standard","meta":{"footnotes":""},"categories":[179,184,110],"tags":[],"class_list":["post-52522","post","type-post","status-publish","format-standard","has-post-thumbnail","hentry","category-cidadeseregiao","category-dracena","category-noticiasdestaque"],"_links":{"self":[{"href":"https:\/\/jorgezanoni.com.br\/2019\/wp-json\/wp\/v2\/posts\/52522","targetHints":{"allow":["GET"]}}],"collection":[{"href":"https:\/\/jorgezanoni.com.br\/2019\/wp-json\/wp\/v2\/posts"}],"about":[{"href":"https:\/\/jorgezanoni.com.br\/2019\/wp-json\/wp\/v2\/types\/post"}],"author":[{"embeddable":true,"href":"https:\/\/jorgezanoni.com.br\/2019\/wp-json\/wp\/v2\/users\/1"}],"replies":[{"embeddable":true,"href":"https:\/\/jorgezanoni.com.br\/2019\/wp-json\/wp\/v2\/comments?post=52522"}],"version-history":[{"count":0,"href":"https:\/\/jorgezanoni.com.br\/2019\/wp-json\/wp\/v2\/posts\/52522\/revisions"}],"wp:featuredmedia":[{"embeddable":true,"href":"https:\/\/jorgezanoni.com.br\/2019\/wp-json\/wp\/v2\/media\/52523"}],"wp:attachment":[{"href":"https:\/\/jorgezanoni.com.br\/2019\/wp-json\/wp\/v2\/media?parent=52522"}],"wp:term":[{"taxonomy":"category","embeddable":true,"href":"https:\/\/jorgezanoni.com.br\/2019\/wp-json\/wp\/v2\/categories?post=52522"},{"taxonomy":"post_tag","embeddable":true,"href":"https:\/\/jorgezanoni.com.br\/2019\/wp-json\/wp\/v2\/tags?post=52522"}],"curies":[{"name":"wp","href":"https:\/\/api.w.org\/{rel}","templated":true}]}}