{"id":52518,"date":"2021-08-17T15:35:02","date_gmt":"2021-08-17T15:35:02","guid":{"rendered":"https:\/\/jorgezanoni.com.br\/2019\/?p=52518"},"modified":"2021-08-17T15:41:56","modified_gmt":"2021-08-17T15:41:56","slug":"policia-civil-prende-dupla-suspeita-de-participacao-em-homicidio-ocorrido-no-final-de-mes-de-maio-em-panorama","status":"publish","type":"post","link":"https:\/\/jorgezanoni.com.br\/2019\/policia-civil-prende-dupla-suspeita-de-participacao-em-homicidio-ocorrido-no-final-de-mes-de-maio-em-panorama\/","title":{"rendered":"Pol\u00edcia Civil prende dupla suspeita de participa\u00e7\u00e3o em homic\u00eddio, ocorrido no final do m\u00eas de maio, em Panorama."},"content":{"rendered":"<p style=\"text-align: justify;\">As pris\u00f5es foram efetuadas na sexta-feira (13), na cidade de Dourados-MS, ambos os suspeitos estavam com as pris\u00f5es preventivas decretadas, e eles fugiram para o munic\u00edpio sul-mato-grossense, logo depois de acontecido o homic\u00eddio. E nesta segunda-feira (16), agentes da Delegacia de Pol\u00edcia de Panorama, promoveram transfer\u00eancias da dupla para Panorama.<\/p>\n<p style=\"text-align: justify;\">A Pol\u00edcia Civil, por interm\u00e9dio da Delegacia de Pol\u00edcia de Panorama, com apoio do Setor de Investiga\u00e7\u00f5es Gerais, da Delegacia de Pol\u00edcia de Dourado, prendeu na \u00faltima sexta-feira (13), dois homens de 23 e 26 anos, acusados de envolvimento em um homic\u00eddio ocorrido em Panorama, no final do m\u00eas de maio deste ano. Na ocasi\u00e3o em que houve o crime, um cad\u00e1ver de um homem com ferimento no pesco\u00e7o e m\u00e3os amarradas com fio el\u00e9trico, foi encontrado no bairro Areia Branca, \u00e0s margens da linha f\u00e9rrea.<br \/>\nAinda do dia do fato, por meios do sistema de identifica\u00e7\u00e3o da Pol\u00edcia Civil, a v\u00edtima foi identificada como sendo um homem 29 anos, morador da cidade de S\u00e3o Paulo, e que h\u00e1 pouco dias estava residindo no munic\u00edpio de Panorama.<br \/>\nDurante os trabalhos investigativos desenvolvidos por agentes da Delegacia de Pol\u00edcia de Panorama, e que contou com aux\u00edlio do Centro de Intelig\u00eancia Policial &#8211; CIP, da Delegacia Seccional de Pol\u00edcia de Dracena, com as oitivas de testemunhas, e outros elementos comprobat\u00f3rios, apontou-se pelos ind\u00edcios da participa\u00e7\u00e3o de tr\u00eas pessoas no homic\u00eddio, uma mulher e dois homens.<br \/>\nRemetidos os autos \u00e0 Justi\u00e7a, em primeiro momento, foram solicitados os pedidos de mandados de pris\u00e3o provis\u00f3ria, sendo que nesta oportunidade uma jovem de 29 anos, acabou presa. Ela seria namorada de um dos indiv\u00edduos, at\u00e9 ent\u00e3o, eram considerados foragidos.<br \/>\nPosteriormente as ordens judiciais de pris\u00e3o provis\u00f3ria, foram convertidas em pris\u00f5es preventivas, e nesta \u00faltima sexta-feira (13), os foragidos foram localizados e presos por policiais civis, da Delegacia de Pol\u00edcia de Dourados, eles estavam escondidos em uma casa, no bairro Jardim Novo Horizonte, naquele munic\u00edpio.<br \/>\nNesta segunda-feira (16), agentes das Delegacia de Pol\u00edcia de Panorama, com apoio de uma equipe do Grupo de Opera\u00e7\u00e3o Especiais &#8211; GOE, providenciaram a remo\u00e7\u00e3o dos dois homens para a cidade de Panorama. E ap\u00f3s, a realiza\u00e7\u00e3o dos procedimentos de pol\u00edcia judici\u00e1ria, foram encaminhados para uma unidade prisional, ficando \u00e0 disposi\u00e7\u00e3o da Justi\u00e7a.<br \/>\nApesar de ainda jovens, os acusados possuem v\u00e1rios antecedentes criminais, e eram egressos do sistema de penal. E com a pris\u00e3o, agora, de todos suspeitos, a Pol\u00edcia Civil vai individualizar a participa\u00e7\u00e3o de cada um no crime, e buscar a real motiva\u00e7\u00e3o do homic\u00eddio. No crime homic\u00eddio qualificado, a pena cominada \u00e9 a reclus\u00e3o de 12 a 30 anos.<\/p>\n<p style=\"text-align: justify;\">Fonte: Com. Social Pol\u00edcia Civil<\/p>\n","protected":false},"excerpt":{"rendered":"<p>As pris\u00f5es foram efetuadas na sexta-feira (13), na cidade de Dourados-MS, ambos os suspeitos estavam com as pris\u00f5es preventivas decretadas, e eles fugiram para o munic\u00edpio sul-mato-grossense, logo depois de acontecido o homic\u00eddio. E nesta segunda-feira (16), agentes da Delegacia de Pol\u00edcia de Panorama, promoveram transfer\u00eancias da dupla para Panorama. A Pol\u00edcia Civil, por interm\u00e9dio [&hellip;]<\/p>\n","protected":false},"author":1,"featured_media":52520,"comment_status":"closed","ping_status":"open","sticky":false,"template":"","format":"standard","meta":{"footnotes":""},"categories":[110,2],"tags":[],"class_list":["post-52518","post","type-post","status-publish","format-standard","has-post-thumbnail","hentry","category-noticiasdestaque","category-policial"],"_links":{"self":[{"href":"https:\/\/jorgezanoni.com.br\/2019\/wp-json\/wp\/v2\/posts\/52518","targetHints":{"allow":["GET"]}}],"collection":[{"href":"https:\/\/jorgezanoni.com.br\/2019\/wp-json\/wp\/v2\/posts"}],"about":[{"href":"https:\/\/jorgezanoni.com.br\/2019\/wp-json\/wp\/v2\/types\/post"}],"author":[{"embeddable":true,"href":"https:\/\/jorgezanoni.com.br\/2019\/wp-json\/wp\/v2\/users\/1"}],"replies":[{"embeddable":true,"href":"https:\/\/jorgezanoni.com.br\/2019\/wp-json\/wp\/v2\/comments?post=52518"}],"version-history":[{"count":0,"href":"https:\/\/jorgezanoni.com.br\/2019\/wp-json\/wp\/v2\/posts\/52518\/revisions"}],"wp:featuredmedia":[{"embeddable":true,"href":"https:\/\/jorgezanoni.com.br\/2019\/wp-json\/wp\/v2\/media\/52520"}],"wp:attachment":[{"href":"https:\/\/jorgezanoni.com.br\/2019\/wp-json\/wp\/v2\/media?parent=52518"}],"wp:term":[{"taxonomy":"category","embeddable":true,"href":"https:\/\/jorgezanoni.com.br\/2019\/wp-json\/wp\/v2\/categories?post=52518"},{"taxonomy":"post_tag","embeddable":true,"href":"https:\/\/jorgezanoni.com.br\/2019\/wp-json\/wp\/v2\/tags?post=52518"}],"curies":[{"name":"wp","href":"https:\/\/api.w.org\/{rel}","templated":true}]}}