{"id":52515,"date":"2021-08-17T15:21:38","date_gmt":"2021-08-17T15:21:38","guid":{"rendered":"https:\/\/jorgezanoni.com.br\/2019\/?p=52515"},"modified":"2021-08-17T15:21:38","modified_gmt":"2021-08-17T15:21:38","slug":"rede-municipal-de-educacao-de-dracena-confirma-caso-positivo-de-covid-e-alerta-para-noticias-falsas","status":"publish","type":"post","link":"https:\/\/jorgezanoni.com.br\/2019\/rede-municipal-de-educacao-de-dracena-confirma-caso-positivo-de-covid-e-alerta-para-noticias-falsas\/","title":{"rendered":"Rede Municipal de Educa\u00e7\u00e3o de Dracena confirma caso positivo de COVID e alerta para not\u00edcias falsas"},"content":{"rendered":"<div class=\"ntc_resumo_noticia sw_lato_bold\" style=\"text-align: justify;\"><strong>As unidades escolares do munic\u00edpio est\u00e3o seguindo a risca os protocolos sanit\u00e1rios de preven\u00e7\u00e3o \u00e0 Covid 19.<\/strong><\/div>\n<div><\/div>\n<div class=\"ntc_descricao_noticia\" style=\"text-align: justify;\">\n<div class=\"ntc_cont_descricao_noticia sw_txteditor\">\n<div>A Secretaria Municipal de Sa\u00fade de Dracena confirmou ontem, 16\/08, um caso positivo de covid em uma crian\u00e7a, aluno da Emefi Ott\u00edlia Braz Noguerol. A secret\u00e1ria de Educa\u00e7\u00e3o Juliana Corr\u00eaa informou que, embora n\u00e3o esteja previsto nos protocolos sanit\u00e1rios, a unidade foi fechada na tarde de ontem para desinfec\u00e7\u00e3o. Desde ontem est\u00e3o ocorrendo v\u00e1rias reuni\u00f5es entre a Educa\u00e7\u00e3o e a Sa\u00fade, a respeito do ocorrido e procedimentos de acordo com os protocolos.<\/div>\n<div>\nA Secretaria de Educa\u00e7\u00e3o municipal ressalta que todas as escolas, antes mesmo de serem retomadas as atividades presenciais foram preparadas para receber o p\u00fablico. As equipes passaram por treinamentos com a Vigil\u00e2ncia Sanit\u00e1ria e Epidemiol\u00f3gica, a fim de que sejam seguidos todos os protocolos sanit\u00e1rios da Secretaria de Estado da Sa\u00fade quanto do Minist\u00e9rio da Sa\u00fade.<\/div>\n<div>\nA Secretaria de Sa\u00fade local ainda registrou mais um caso positivo de covid em um estudante, por\u00e9m ele pertence \u00e0 rede estadual de ensino.<\/div>\n<div>\nQuanto a funcion\u00e1rios da rede municipal, duas professoras encontram-se afastadas das atividades, por tratamento de covid 19, por\u00e9m a Educa\u00e7\u00e3o informa que as escolas onde ambas atuam j\u00e1 receberam todos cuidados necess\u00e1rios, ap\u00f3s as confirma\u00e7\u00f5es dos casos.<\/div>\n<div>\nA Vigil\u00e2ncia Epidemiol\u00f3gica de Dracena esclarece que informa\u00e7\u00f5es quanto \u00e0 rede municipal de educa\u00e7\u00e3o estar em surto de covid s\u00e3o mentirosas.<\/div>\n<div><\/div>\n<\/div>\n<div><strong>CHEFE DO EXECUTIVO<\/strong><br \/>\nO prefeito Andr\u00e9 Lemos esclarece que as unidades escolares do munic\u00edpio est\u00e3o seguindo a risca os protocolos sanit\u00e1rios, em preven\u00e7\u00e3o \u00e0 covid 19.<\/div>\n<div>\nO prefeito citou que os pais que n\u00e3o se sentirem seguros em mandar os filhos para as escolas, n\u00e3o s\u00e3o obrigados. Neste primeiro momento, o atendimento est\u00e1 ocorrendo a partir de 35% da capacidade das salas de aulas.<\/div>\n<div>\n\u201cN\u00e3o temos not\u00edcia de que tanto o aluno positivado de covid quanto as professoras se contaminaram dentro das unidades escolares, bem como de que tenham contaminado alguma outra pessoa, uma vez que os ambientes encontram-se mais seguros por conta dos protocolos\u201d, afirmou o prefeito.<\/div>\n<div>\nAs aulas presenciais das Emefis foram retomadas no dia 9 de agosto e nesta semana, segunda-feira, dia 16, foi a vez das Emeis.<\/div>\n<div>\nA Sa\u00fade do munic\u00edpio orienta aos pais a ficarem atentos \u00e0 sa\u00fade dos filhos, se apresentarem sintomas gripais n\u00e3o mandarem para as escolas e procurarem por atendimento m\u00e9dico, no Centro Municipal de Atendimento \u00e0 Covid (CEMAC).<\/div>\n<div>\nTamb\u00e9m salienta aos pais a sempre estarem explicando aos filhos os cuidados que devem seguir para evitar contamina\u00e7\u00f5es.<\/div>\n<div><\/div>\n<\/div>\n<div style=\"text-align: justify;\">Fonte: Diretoria de Comunica\u00e7\u00e3o<\/div>\n","protected":false},"excerpt":{"rendered":"<p>As unidades escolares do munic\u00edpio est\u00e3o seguindo a risca os protocolos sanit\u00e1rios de preven\u00e7\u00e3o \u00e0 Covid 19. A Secretaria Municipal de Sa\u00fade de Dracena confirmou ontem, 16\/08, um caso positivo de covid em uma crian\u00e7a, aluno da Emefi Ott\u00edlia Braz Noguerol. A secret\u00e1ria de Educa\u00e7\u00e3o Juliana Corr\u00eaa informou que, embora n\u00e3o esteja previsto nos protocolos [&hellip;]<\/p>\n","protected":false},"author":1,"featured_media":52516,"comment_status":"closed","ping_status":"open","sticky":false,"template":"","format":"standard","meta":{"footnotes":""},"categories":[110,122],"tags":[],"class_list":["post-52515","post","type-post","status-publish","format-standard","has-post-thumbnail","hentry","category-noticiasdestaque","category-saudeeducacaoeconcurso"],"_links":{"self":[{"href":"https:\/\/jorgezanoni.com.br\/2019\/wp-json\/wp\/v2\/posts\/52515","targetHints":{"allow":["GET"]}}],"collection":[{"href":"https:\/\/jorgezanoni.com.br\/2019\/wp-json\/wp\/v2\/posts"}],"about":[{"href":"https:\/\/jorgezanoni.com.br\/2019\/wp-json\/wp\/v2\/types\/post"}],"author":[{"embeddable":true,"href":"https:\/\/jorgezanoni.com.br\/2019\/wp-json\/wp\/v2\/users\/1"}],"replies":[{"embeddable":true,"href":"https:\/\/jorgezanoni.com.br\/2019\/wp-json\/wp\/v2\/comments?post=52515"}],"version-history":[{"count":0,"href":"https:\/\/jorgezanoni.com.br\/2019\/wp-json\/wp\/v2\/posts\/52515\/revisions"}],"wp:featuredmedia":[{"embeddable":true,"href":"https:\/\/jorgezanoni.com.br\/2019\/wp-json\/wp\/v2\/media\/52516"}],"wp:attachment":[{"href":"https:\/\/jorgezanoni.com.br\/2019\/wp-json\/wp\/v2\/media?parent=52515"}],"wp:term":[{"taxonomy":"category","embeddable":true,"href":"https:\/\/jorgezanoni.com.br\/2019\/wp-json\/wp\/v2\/categories?post=52515"},{"taxonomy":"post_tag","embeddable":true,"href":"https:\/\/jorgezanoni.com.br\/2019\/wp-json\/wp\/v2\/tags?post=52515"}],"curies":[{"name":"wp","href":"https:\/\/api.w.org\/{rel}","templated":true}]}}