{"id":5248,"date":"2019-09-04T02:06:56","date_gmt":"2019-09-04T02:06:56","guid":{"rendered":"https:\/\/jorgezanoni.com.br\/2019\/?p=5248"},"modified":"2019-09-04T02:06:56","modified_gmt":"2019-09-04T02:06:56","slug":"dono-de-universidade-e-filho-usavam-dinheiro-de-fraude-no-fies-para-comprar-jatos-imoveis-e-carros-de-luxo-diz-pf","status":"publish","type":"post","link":"https:\/\/jorgezanoni.com.br\/2019\/dono-de-universidade-e-filho-usavam-dinheiro-de-fraude-no-fies-para-comprar-jatos-imoveis-e-carros-de-luxo-diz-pf\/","title":{"rendered":"Dono de universidade e filho usavam dinheiro de fraude no Fies para comprar jatos, im\u00f3veis e carros de luxo, diz PF"},"content":{"rendered":"<h2 class=\"content-head__subtitle\" style=\"text-align: justify;\"><strong>Jos\u00e9 Fernando Pinto da Costa, foi preso em S\u00e3o Paulo, e o filho dele, no aeroporto de Guarulhos (SP). Eles s\u00e3o apontados pela PF como chefes do esquema que fraudava concess\u00e3o do Fundo de Financiamento Estudantil.<\/strong><\/h2>\n<p style=\"text-align: justify;\"><img loading=\"lazy\" decoding=\"async\" class=\"alignnone size-full wp-image-5249\" src=\"https:\/\/jorgezanoni.com.br\/2019\/wp-content\/uploads\/2019\/09\/jales.jpeg\" alt=\"\" width=\"1000\" height=\"750\" srcset=\"https:\/\/jorgezanoni.com.br\/2019\/wp-content\/uploads\/2019\/09\/jales.jpeg 1000w, https:\/\/jorgezanoni.com.br\/2019\/wp-content\/uploads\/2019\/09\/jales-300x225.jpeg 300w, https:\/\/jorgezanoni.com.br\/2019\/wp-content\/uploads\/2019\/09\/jales-768x576.jpeg 768w, https:\/\/jorgezanoni.com.br\/2019\/wp-content\/uploads\/2019\/09\/jales-80x60.jpeg 80w, https:\/\/jorgezanoni.com.br\/2019\/wp-content\/uploads\/2019\/09\/jales-265x198.jpeg 265w, https:\/\/jorgezanoni.com.br\/2019\/wp-content\/uploads\/2019\/09\/jales-696x522.jpeg 696w, https:\/\/jorgezanoni.com.br\/2019\/wp-content\/uploads\/2019\/09\/jales-560x420.jpeg 560w\" sizes=\"auto, (max-width: 1000px) 100vw, 1000px\" \/>PF deflagra opera\u00e7\u00e3o contra desvio de verba do Fies em Fernand\u00f3polis \u2014 Foto: Pol\u00edcia Federal\/Divulga\u00e7\u00e3o<\/p>\n<div class=\"mc-column content-text active-extra-styles \" style=\"text-align: justify;\" data-block-type=\"unstyled\" data-block-weight=\"52\" data-block-id=\"2\">\n<p class=\"content-text__container \" data-track-category=\"Link no Texto\" data-track-links=\"\">O dono da Universidade Brasil, Jos\u00e9 Fernando Pinto Costa, de 63 anos, e o filho dele, presos nesta ter\u00e7a-feira (3) durante<a href=\"https:\/\/g1.globo.com\/sp\/sao-jose-do-rio-preto-aracatuba\/noticia\/2019\/09\/03\/policia-federal-deflagra-operacao-contra-desvio-de-verba-no-fies.ghtml\">\u00a0opera\u00e7\u00e3o da Policia Federal,<\/a>\u00a0usavam o dinheiro desviado para comprar im\u00f3veis, helic\u00f3pteros, jatinhos, avi\u00f5es e dezenas de ve\u00edculos de luxo, de acordo com o delegado da Pol\u00edcia Federal Cristiano P\u00e1dua.<\/p>\n<\/div>\n<div class=\"wall protected-content\">\n<div class=\"mc-column content-text active-extra-styles \" data-block-type=\"unstyled\" data-block-weight=\"49\" data-block-id=\"3\">\n<p class=\"content-text__container \" style=\"text-align: justify;\" data-track-category=\"Link no Texto\" data-track-links=\"\">Segundo investiga\u00e7\u00f5es da PF, pai e filho s\u00e3o suspeitos de participar de um esquema de fraude na concess\u00e3o do Fundo de Financiamento Estudantil (Fies) e tamb\u00e9m na comercializa\u00e7\u00e3o de vagas e transfer\u00eancias de alunos do exterior, principalmente Paraguai e Bol\u00edvia, para o curso de medicina em Fernand\u00f3polis (SP).<\/p>\n<div class=\"mc-column content-text active-extra-styles \" style=\"text-align: justify;\" data-block-type=\"unstyled\" data-block-weight=\"24\" data-block-id=\"6\">\n<p class=\"content-text__container \" data-track-category=\"Link no Texto\" data-track-links=\"\">Bolsas do Programa Universidade para Todos (Prouni) e fraudes relacionadas a cursos de complementa\u00e7\u00e3o do exame Revalida tamb\u00e9m est\u00e3o sob investiga\u00e7\u00e3o da PF.<\/p>\n<\/div>\n<div class=\"mc-column content-text active-extra-styles \" style=\"text-align: justify;\" data-block-type=\"unstyled\" data-block-weight=\"40\" data-block-id=\"7\">\n<p class=\"content-text__container \" data-track-category=\"Link no Texto\" data-track-links=\"\">O empres\u00e1rio e engenheiro Jos\u00e9 Fernando Pinto da Costa, que tamb\u00e9m \u00e9 o reitor da institui\u00e7\u00e3o, foi preso em S\u00e3o Paulo. O filho dele foi preso no aeroporto de Guarulhos (SP). Eles s\u00e3o apontados pela PF como chefes do esquema.<\/p>\n<\/div>\n<div class=\"mc-column content-text active-extra-styles \" style=\"text-align: justify;\" data-block-type=\"unstyled\" data-block-weight=\"56\" data-block-id=\"8\">\n<p class=\"content-text__container \" data-track-category=\"Link no Texto\" data-track-links=\"\">\u201cO dinheiro que eles desviavam, al\u00e9m de afetar a qualidade do ensino e tirar vagas de alunos que realmente mereciam, tamb\u00e9m era utilizado em benef\u00edcio pr\u00f3prio. Eles compravam helic\u00f3pteros, jatos e faziam diversas viagens. Enquanto isso, registros comprovam que na faculdade muitas vezes faltavam itens b\u00e1sicos como papel higi\u00eanico e toner para impressoras\u201d, afirma P\u00e1dua.<\/p>\n<\/div>\n<div class=\"mc-column content-text active-extra-styles \" style=\"text-align: justify;\" data-block-type=\"unstyled\" data-block-weight=\"21\" data-block-id=\"9\">\n<p class=\"content-text__container \" data-track-category=\"Link no Texto\" data-track-links=\"\">Estimativas da Pol\u00edcia Federal indicam que, nos \u00faltimos cinco anos, aproximadamente R$ 500 milh\u00f5es do Fies e Prouni foram concedidos fraudulentamente.<\/p>\n<\/div>\n<div class=\"mc-column content-text active-extra-styles \" style=\"text-align: justify;\" data-block-type=\"unstyled\" data-block-weight=\"20\" data-block-id=\"10\">\n<p class=\"content-text__container \" data-track-category=\"Link no Texto\" data-track-links=\"\">Dos 22 mandados de pris\u00e3o expedidos pela Justi\u00e7a Federal, em Jales, 19 pessoas foram presas. Quatro suspeitos s\u00e3o considerados foragidos.<\/p>\n<\/div>\n<div class=\"mc-column content-text active-extra-styles \" data-block-type=\"unstyled\" data-block-weight=\"36\" data-block-id=\"11\">\n<p class=\"content-text__container \" style=\"text-align: justify;\" data-track-category=\"Link no Texto\" data-track-links=\"\">Entre os presos est\u00e3o funcion\u00e1rios da universidade e\u00a0<a href=\"https:\/\/g1.globo.com\/sp\/sao-jose-do-rio-preto-aracatuba\/noticia\/2019\/09\/03\/presidente-e-vice-do-fernandopolis-futebol-clube-sao-presos-em-operacao-da-pf-que-apura-fraude-no-fies.ghtml\">o presidente e vice do Fernand\u00f3polis Futebol Clube.<\/a>\u00a0A investiga\u00e7\u00e3o n\u00e3o terminou e vai continuar apurando a participa\u00e7\u00e3o de pessoas no esquema e tamb\u00e9m aqueles que compraram vagas.<\/p>\n<p style=\"text-align: justify;\" data-track-category=\"Link no Texto\" data-track-links=\"\"><img loading=\"lazy\" decoding=\"async\" class=\"alignnone size-full wp-image-5250\" src=\"https:\/\/jorgezanoni.com.br\/2019\/wp-content\/uploads\/2019\/09\/jales1.jpeg\" alt=\"\" width=\"1000\" height=\"898\" srcset=\"https:\/\/jorgezanoni.com.br\/2019\/wp-content\/uploads\/2019\/09\/jales1.jpeg 1000w, https:\/\/jorgezanoni.com.br\/2019\/wp-content\/uploads\/2019\/09\/jales1-300x269.jpeg 300w, https:\/\/jorgezanoni.com.br\/2019\/wp-content\/uploads\/2019\/09\/jales1-768x690.jpeg 768w, https:\/\/jorgezanoni.com.br\/2019\/wp-content\/uploads\/2019\/09\/jales1-696x625.jpeg 696w, https:\/\/jorgezanoni.com.br\/2019\/wp-content\/uploads\/2019\/09\/jales1-468x420.jpeg 468w\" sizes=\"auto, (max-width: 1000px) 100vw, 1000px\" \/>Presidente do Fernand\u00f3polis Futebol Clube foi preso em Opera\u00e7\u00e3o da PF contra fraude no Fies \u2014 Foto: Federa\u00e7\u00e3o Paulista de Futebol\/Divulga\u00e7\u00e3o<\/p>\n<p style=\"text-align: justify;\" data-track-category=\"Link no Texto\" data-track-links=\"\">A assessoria da Universidade Brasil informou que est\u00e1 ciente da opera\u00e7\u00e3o da Pol\u00edcia Federal e que, por enquanto, n\u00e3o vai se pronunciar sobre o assunto.<\/p>\n<div class=\"mc-column content-text active-extra-styles\" style=\"text-align: justify;\" data-block-type=\"raw\" data-block-weight=\"1\" data-block-id=\"15\">\n<div class=\"content-intertitle\">\n<h2>Opera\u00e7\u00e3o<\/h2>\n<\/div>\n<\/div>\n<div class=\"mc-column content-text active-extra-styles \" style=\"text-align: justify;\" data-block-type=\"unstyled\" data-block-weight=\"27\" data-block-id=\"16\">\n<p class=\"content-text__container \" data-track-category=\"Link no Texto\" data-track-links=\"\">As investiga\u00e7\u00f5es come\u00e7aram no in\u00edcio do ano ap\u00f3s a PF receber informa\u00e7\u00f5es de que estariam ocorrendo irregularidades no campus de um curso de medicina em Fernand\u00f3polis.<\/p>\n<\/div>\n<div class=\"mc-column content-text active-extra-styles \" style=\"text-align: justify;\" data-block-type=\"unstyled\" data-block-weight=\"27\" data-block-id=\"17\">\n<p class=\"content-text__container \" data-track-category=\"Link no Texto\" data-track-links=\"\">De acordo com a PF, vagas para ingresso, transfer\u00eancia e financiamentos Fies para o curso de medicina estariam sendo negociados por at\u00e9 R$ 120 mil por aluno.<\/p>\n<\/div>\n<div class=\"mc-column content-text active-extra-styles \" style=\"text-align: justify;\" data-block-type=\"unstyled\" data-block-weight=\"27\" data-block-id=\"18\">\n<p class=\"content-text__container \" data-track-category=\"Link no Texto\" data-track-links=\"\">O esquema contava com \u201cassessorias educacionais\u201d, que vendiam vagas no curso de medicina, financiamentos Fies e Prouni, al\u00e9m de fraudes em cursos relacionados ao Exame Revalida.<\/p>\n<\/div>\n<div class=\"mc-column content-text active-extra-styles \" style=\"text-align: justify;\" data-block-type=\"unstyled\" data-block-weight=\"39\" data-block-id=\"19\">\n<p class=\"content-text__container \" data-track-category=\"Link no Texto\" data-track-links=\"\">De acordo com a PF, essas assessorias tinham o apoio dos donos e toda a estrutura administrativa da universidade para negociar centenas de vagas para alunos, que aceitaram pagar pelas fraudes em troca de matr\u00edcula no curso de medicina.<\/p>\n<\/div>\n<div class=\"mc-column content-text active-extra-styles \" data-block-type=\"unstyled\" data-block-weight=\"15\" data-block-id=\"20\">\n<p class=\"content-text__container \" style=\"text-align: justify;\" data-track-category=\"Link no Texto\" data-track-links=\"\">Como resultado da investiga\u00e7\u00e3o, a Opera\u00e7\u00e3o Vagatomia foi deflagrada na manh\u00e3 desta ter\u00e7a-feira (3).<\/p>\n<p style=\"text-align: justify;\" data-track-category=\"Link no Texto\" data-track-links=\"\"><img loading=\"lazy\" decoding=\"async\" class=\"alignnone size-full wp-image-5251\" src=\"https:\/\/jorgezanoni.com.br\/2019\/wp-content\/uploads\/2019\/09\/jales2.jpeg\" alt=\"\" width=\"1000\" height=\"563\" srcset=\"https:\/\/jorgezanoni.com.br\/2019\/wp-content\/uploads\/2019\/09\/jales2.jpeg 1000w, https:\/\/jorgezanoni.com.br\/2019\/wp-content\/uploads\/2019\/09\/jales2-300x169.jpeg 300w, https:\/\/jorgezanoni.com.br\/2019\/wp-content\/uploads\/2019\/09\/jales2-768x432.jpeg 768w, https:\/\/jorgezanoni.com.br\/2019\/wp-content\/uploads\/2019\/09\/jales2-696x392.jpeg 696w, https:\/\/jorgezanoni.com.br\/2019\/wp-content\/uploads\/2019\/09\/jales2-746x420.jpeg 746w\" sizes=\"auto, (max-width: 1000px) 100vw, 1000px\" \/>Dinheiro apreendido na casa de um dos investigados na opera\u00e7\u00e3o Vagatomia, da Pol\u00edcia Federal em Jales \u2014 Foto: Pol\u00edcia Federal\/Divulga\u00e7\u00e3o<\/p>\n<div class=\"mc-column content-text active-extra-styles \" style=\"text-align: justify;\" data-block-type=\"unstyled\" data-block-weight=\"53\" data-block-id=\"22\">\n<p class=\"content-text__container \" data-track-category=\"Link no Texto\" data-track-links=\"\">Ao todo, 250 policiais federais foram \u00e0s ruas para cumprir 77 mandados nas cidades de Fernand\u00f3polis, S\u00e3o Paulo, S\u00e3o Jos\u00e9 do Rio Preto (SP), Santos (SP), Presidente Prudente (SP), S\u00e3o Bernardo do Campo (SP), Porto Feliz (SP), Meridiano (SP), Murutinga do Sul (SP), S\u00e3o Jo\u00e3o das Duas Pontes (SP) e \u00c1gua Boa (MT).<\/p>\n<\/div>\n<div class=\"mc-column content-text active-extra-styles \" data-block-type=\"unstyled\" data-block-weight=\"44\" data-block-id=\"23\">\n<p class=\"content-text__container \" style=\"text-align: justify;\" data-track-category=\"Link no Texto\" data-track-links=\"\">Entre os mandados expedidos est\u00e3o 11 pris\u00f5es preventivas, 11 pris\u00f5es tempor\u00e1rias, 45 ordens de busca e apreens\u00e3o e 10 medidas cautelares (alternativas \u00e0 pris\u00e3o). A Justi\u00e7a Federal tamb\u00e9m determinou o bloqueio de bens e valores dos investigados at\u00e9 o valor de R$ 250 milh\u00f5es.<\/p>\n<div class=\"mc-column content-text active-extra-styles \" style=\"text-align: justify;\" data-block-type=\"unstyled\" data-block-weight=\"38\" data-block-id=\"25\">\n<p class=\"content-text__container \" data-track-category=\"Link no Texto\" data-track-links=\"\">A Pol\u00edcia Federal informou que durante a opera\u00e7\u00e3o alguns investigados tentaram fugir no momento das pris\u00f5es e outros jogaram celulares de pr\u00e9dios, antes da entrada dos policiais. Os celulares foram recuperados e os foragidos foram localizados e presos.<\/p>\n<\/div>\n<div class=\"mc-column content-text active-extra-styles \" style=\"text-align: justify;\" data-block-type=\"unstyled\" data-block-weight=\"20\" data-block-id=\"26\">\n<p class=\"content-text__container \" data-track-category=\"Link no Texto\" data-track-links=\"\">O material apreendido ser\u00e1 encaminhado para a PF em Jales, onde passar\u00e1 por an\u00e1lise no interesse das investiga\u00e7\u00f5es em curso.<\/p>\n<\/div>\n<div class=\"mc-column content-text active-extra-styles\" style=\"text-align: justify;\" data-block-type=\"raw\" data-block-weight=\"5\" data-block-id=\"27\">\n<div class=\"content-intertitle\">\n<h2>S\u00e3o Jos\u00e9 do Rio Preto<\/h2>\n<\/div>\n<\/div>\n<div class=\"mc-column content-text active-extra-styles \" style=\"text-align: justify;\" data-block-type=\"unstyled\" data-block-weight=\"44\" data-block-id=\"28\">\n<p class=\"content-text__container \" data-track-category=\"Link no Texto\" data-track-links=\"\">Em S\u00e3o Jos\u00e9 do Rio Preto (SP), equipes da Pol\u00edcia Federal cumpriram mandados de busca e apreens\u00e3o e de pris\u00e3o em sete endere\u00e7os. Ao todo, tr\u00eas pessoas foram presas. Entre elas, dois empres\u00e1rios e a mulher de um deles, que agia como laranja.<\/p>\n<\/div>\n<div class=\"mc-column content-text active-extra-styles \" style=\"text-align: justify;\" data-block-type=\"unstyled\" data-block-weight=\"37\" data-block-id=\"29\">\n<p class=\"content-text__container \" data-track-category=\"Link no Texto\" data-track-links=\"\">Um dos mandados foi cumprido em uma empresa localizada no bairro S\u00e3o Manoel. Investiga\u00e7\u00f5es da PF indicam que o local funcionava com uma esp\u00e9cie de assessoria estudantil que intermediava o contato de estudantes com as universidades.<\/p>\n<\/div>\n<div class=\"mc-column content-text active-extra-styles \" style=\"text-align: justify;\" data-block-type=\"unstyled\" data-block-weight=\"43\" data-block-id=\"30\">\n<p class=\"content-text__container \" data-track-category=\"Link no Texto\" data-track-links=\"\">De acordo com a Pol\u00edcia Federal, os universit\u00e1rios se formavam no exterior, especificamente no Paraguai e na Bol\u00edvia, mas pagavam uma taxa para burlar o Revalida, exame obrigat\u00f3rio para quem se formou em outro pa\u00eds e deseja exercer a profiss\u00e3o no Brasil.<\/p>\n<\/div>\n<div class=\"mc-column content-text active-extra-styles \" data-block-type=\"unstyled\" data-block-weight=\"30\" data-block-id=\"31\">\n<p class=\"content-text__container \" style=\"text-align: justify;\" data-track-category=\"Link no Texto\" data-track-links=\"\">A TV TEM entrou em contato com os respons\u00e1veis, mas n\u00e3o conseguiu retorno. O dono da empresa mora em um condom\u00ednio de luxo, mas foi preso em S\u00e3o Paulo.<\/p>\n<p style=\"text-align: justify;\" data-track-category=\"Link no Texto\" data-track-links=\"\"><img loading=\"lazy\" decoding=\"async\" class=\"alignnone size-full wp-image-5252\" src=\"https:\/\/jorgezanoni.com.br\/2019\/wp-content\/uploads\/2019\/09\/jales3.jpeg\" alt=\"\" width=\"1000\" height=\"750\" srcset=\"https:\/\/jorgezanoni.com.br\/2019\/wp-content\/uploads\/2019\/09\/jales3.jpeg 1000w, https:\/\/jorgezanoni.com.br\/2019\/wp-content\/uploads\/2019\/09\/jales3-300x225.jpeg 300w, https:\/\/jorgezanoni.com.br\/2019\/wp-content\/uploads\/2019\/09\/jales3-768x576.jpeg 768w, https:\/\/jorgezanoni.com.br\/2019\/wp-content\/uploads\/2019\/09\/jales3-80x60.jpeg 80w, https:\/\/jorgezanoni.com.br\/2019\/wp-content\/uploads\/2019\/09\/jales3-265x198.jpeg 265w, https:\/\/jorgezanoni.com.br\/2019\/wp-content\/uploads\/2019\/09\/jales3-696x522.jpeg 696w, https:\/\/jorgezanoni.com.br\/2019\/wp-content\/uploads\/2019\/09\/jales3-560x420.jpeg 560w\" sizes=\"auto, (max-width: 1000px) 100vw, 1000px\" \/>Policiais federais fizeram buscas em campus da universidade e casas de investigados em Fernand\u00f3polis \u2014 Foto: Pol\u00edcia Federal\/Divulga\u00e7\u00e3o<\/p>\n<div class=\"mc-column content-text active-extra-styles\" style=\"text-align: justify;\" data-block-type=\"raw\" data-block-weight=\"2\" data-block-id=\"34\">\n<div class=\"content-intertitle\">\n<h2>Medalha honrosa<\/h2>\n<\/div>\n<\/div>\n<div class=\"mc-column content-text active-extra-styles \" style=\"text-align: justify;\" data-block-type=\"unstyled\" data-block-weight=\"30\" data-block-id=\"35\">\n<p class=\"content-text__container \" data-track-category=\"Link no Texto\" data-track-links=\"\">O dono e reitor da Universidade Brasil Jos\u00e9 Fernando Pinto da Costa, preso nesta ter\u00e7a-feira, foi homenageado, em 2018, pelo Minist\u00e9rio da Sa\u00fade com a medalha de m\u00e9rito Oswaldo Cruz.<\/p>\n<\/div>\n<div class=\"mc-column content-text active-extra-styles \" style=\"text-align: justify;\" data-block-type=\"unstyled\" data-block-weight=\"26\" data-block-id=\"36\">\n<p class=\"content-text__container \" data-track-category=\"Link no Texto\" data-track-links=\"\">A medalha \u00e9 um reconhecimento pela atua\u00e7\u00e3o destacada no campo das atividades cient\u00edficas, educacionais, culturais e administrativas pelos resultados ben\u00e9ficos \u00e0 sa\u00fade de milhares de brasileiros.<\/p>\n<\/div>\n<div class=\"mc-column content-text active-extra-styles \" data-block-type=\"unstyled\" data-block-weight=\"19\" data-block-id=\"37\">\n<p class=\"content-text__container \" style=\"text-align: justify;\" data-track-category=\"Link no Texto\" data-track-links=\"\">A a\u00e7\u00e3o honrosa contou com a participa\u00e7\u00e3o do ent\u00e3o ministro da Sa\u00fade, Ricardo Barros, no dia 27 de fevereiro.<\/p>\n<p style=\"text-align: justify;\" data-track-category=\"Link no Texto\" data-track-links=\"\">Fonte: G1 Rio Preto e Ara\u00e7atuba<\/p>\n<\/div>\n<\/div>\n<\/div>\n<\/div>\n<\/div>\n<\/div>\n<\/div>\n","protected":false},"excerpt":{"rendered":"<p>Jos\u00e9 Fernando Pinto da Costa, foi preso em S\u00e3o Paulo, e o filho dele, no aeroporto de Guarulhos (SP). Eles s\u00e3o apontados pela PF como chefes do esquema que fraudava concess\u00e3o do Fundo de Financiamento Estudantil. PF deflagra opera\u00e7\u00e3o contra desvio de verba do Fies em Fernand\u00f3polis \u2014 Foto: Pol\u00edcia Federal\/Divulga\u00e7\u00e3o O dono da Universidade [&hellip;]<\/p>\n","protected":false},"author":1,"featured_media":5251,"comment_status":"closed","ping_status":"open","sticky":false,"template":"","format":"standard","meta":{"footnotes":""},"categories":[110,2],"tags":[],"class_list":["post-5248","post","type-post","status-publish","format-standard","has-post-thumbnail","hentry","category-noticiasdestaque","category-policial"],"_links":{"self":[{"href":"https:\/\/jorgezanoni.com.br\/2019\/wp-json\/wp\/v2\/posts\/5248","targetHints":{"allow":["GET"]}}],"collection":[{"href":"https:\/\/jorgezanoni.com.br\/2019\/wp-json\/wp\/v2\/posts"}],"about":[{"href":"https:\/\/jorgezanoni.com.br\/2019\/wp-json\/wp\/v2\/types\/post"}],"author":[{"embeddable":true,"href":"https:\/\/jorgezanoni.com.br\/2019\/wp-json\/wp\/v2\/users\/1"}],"replies":[{"embeddable":true,"href":"https:\/\/jorgezanoni.com.br\/2019\/wp-json\/wp\/v2\/comments?post=5248"}],"version-history":[{"count":0,"href":"https:\/\/jorgezanoni.com.br\/2019\/wp-json\/wp\/v2\/posts\/5248\/revisions"}],"wp:featuredmedia":[{"embeddable":true,"href":"https:\/\/jorgezanoni.com.br\/2019\/wp-json\/wp\/v2\/media\/5251"}],"wp:attachment":[{"href":"https:\/\/jorgezanoni.com.br\/2019\/wp-json\/wp\/v2\/media?parent=5248"}],"wp:term":[{"taxonomy":"category","embeddable":true,"href":"https:\/\/jorgezanoni.com.br\/2019\/wp-json\/wp\/v2\/categories?post=5248"},{"taxonomy":"post_tag","embeddable":true,"href":"https:\/\/jorgezanoni.com.br\/2019\/wp-json\/wp\/v2\/tags?post=5248"}],"curies":[{"name":"wp","href":"https:\/\/api.w.org\/{rel}","templated":true}]}}