{"id":5245,"date":"2019-09-04T01:33:07","date_gmt":"2019-09-04T01:33:07","guid":{"rendered":"https:\/\/jorgezanoni.com.br\/2019\/?p=5245"},"modified":"2019-09-04T01:33:07","modified_gmt":"2019-09-04T01:33:07","slug":"mulher-que-descobriu-gravidez-apos-suspeita-de-tumor-no-utero-da-a-luz-quintuplos-no-parana","status":"publish","type":"post","link":"https:\/\/jorgezanoni.com.br\/2019\/mulher-que-descobriu-gravidez-apos-suspeita-de-tumor-no-utero-da-a-luz-quintuplos-no-parana\/","title":{"rendered":"Mulher que descobriu gravidez ap\u00f3s suspeita de tumor no \u00fatero d\u00e1 \u00e0 luz qu\u00edntuplos no Paran\u00e1"},"content":{"rendered":"<h2 class=\"content-head__subtitle\" style=\"text-align: justify;\"><strong>Beb\u00eas nasceram prematuros em hospital de Campo Largo, na Regi\u00e3o Metropolitana de Curitiba, na noite desta segunda-feira (2). Casal diz que fecunda\u00e7\u00e3o foi natural.<img loading=\"lazy\" decoding=\"async\" class=\"alignnone size-full wp-image-5246\" src=\"https:\/\/jorgezanoni.com.br\/2019\/wp-content\/uploads\/2019\/09\/quintu.jpeg\" alt=\"\" width=\"1000\" height=\"725\" srcset=\"https:\/\/jorgezanoni.com.br\/2019\/wp-content\/uploads\/2019\/09\/quintu.jpeg 1000w, https:\/\/jorgezanoni.com.br\/2019\/wp-content\/uploads\/2019\/09\/quintu-300x218.jpeg 300w, https:\/\/jorgezanoni.com.br\/2019\/wp-content\/uploads\/2019\/09\/quintu-768x557.jpeg 768w, https:\/\/jorgezanoni.com.br\/2019\/wp-content\/uploads\/2019\/09\/quintu-324x235.jpeg 324w, https:\/\/jorgezanoni.com.br\/2019\/wp-content\/uploads\/2019\/09\/quintu-696x505.jpeg 696w, https:\/\/jorgezanoni.com.br\/2019\/wp-content\/uploads\/2019\/09\/quintu-579x420.jpeg 579w\" sizes=\"auto, (max-width: 1000px) 100vw, 1000px\" \/><\/strong>Parto foi feito em Hospital de Campo Largo na noite desta segunda-feira (2) \u2014 Foto: Luis Fernando Ara\u00fajo\/Arquivo Pessoal<\/h2>\n<div class=\"mc-column content-text active-extra-styles \" style=\"text-align: justify;\" data-block-type=\"unstyled\" data-block-weight=\"29\" data-block-id=\"2\">\n<p class=\"content-text__container \" data-track-category=\"Link no Texto\" data-track-links=\"\">Uma mulher deu \u00e0 luz qu\u00edntuplos na noite desta segunda-feira (2), em Campo Largo, na Regi\u00e3o Metropolitana de Curitiba. As crian\u00e7as nasceram prematuras, de 28 semanas, segundo a fam\u00edlia.<\/p>\n<\/div>\n<div class=\"wall protected-content\">\n<div class=\"mc-column content-text active-extra-styles \" style=\"text-align: justify;\" data-block-type=\"unstyled\" data-block-weight=\"27\" data-block-id=\"3\">\n<p class=\"content-text__container \" data-track-category=\"Link no Texto\" data-track-links=\"\">A gravidez de Anieli Camargo Kurpel, 24 anos, aconteceu de forma natural. O casal conta que estavam tentando ter um filho desde o fim de 2018.<\/p>\n<\/div>\n<div class=\"mc-column content-text active-extra-styles \" style=\"text-align: justify;\" data-block-type=\"unstyled\" data-block-weight=\"32\" data-block-id=\"4\">\n<p class=\"content-text__container \" data-track-category=\"Link no Texto\" data-track-links=\"\">Antes de descobrir que estava gr\u00e1vida de qu\u00edntuplos,\u00a0<a href=\"https:\/\/g1.globo.com\/pr\/oeste-sudoeste\/noticia\/2019\/04\/12\/apos-suspeita-de-tumor-no-utero-mulher-descobre-que-esta-gravida-de-quintuplos-em-chopinzinho.ghtml\">a jovem ouviu em uma consulta que havia a suspeita de que ela poderia ter um cisto no ov\u00e1rio ou um tumor no \u00fatero<\/a>.<\/p>\n<\/div>\n<div class=\"mc-column content-text active-extra-styles \" style=\"text-align: justify;\" data-block-type=\"unstyled\" data-block-weight=\"32\" data-block-id=\"5\">\n<p class=\"content-text__container \" data-track-category=\"Link no Texto\" data-track-links=\"\">Anieli e o marido, Luis Fernando Ara\u00fajo, de 33 anos, moram em Chopinzinho, no sudoeste do Paran\u00e1. A descoberta dos qu\u00edntuplos veio no in\u00edcio de abril, durante um exame de ultrassom.<\/p>\n<\/div>\n<div class=\"mc-column content-text active-extra-styles\" style=\"text-align: justify;\" data-block-type=\"raw\" data-block-weight=\"26\" data-block-id=\"6\">\n<blockquote class=\"content-blockquote theme-border-color-primary-before\"><p>&#8220;Foi \u00fanico. Eu senti uma emo\u00e7\u00e3o muito grande. Escutar cada cora\u00e7\u00e3o foi lindo, foi um presente de Deus&#8221;, contou Anieli em entrevista ao\u00a0<strong>G1<\/strong>\u00a0em abril.<\/p><\/blockquote>\n<\/div>\n<div class=\"mc-column content-text active-extra-styles \" style=\"text-align: justify;\" data-block-type=\"unstyled\" data-block-weight=\"17\" data-block-id=\"7\">\n<p class=\"content-text__container \" data-track-category=\"Link no Texto\" data-track-links=\"\">Por ser considerada uma gravidez de risco, a jovem precisou de cuidados constantes durante a gesta\u00e7\u00e3o.<\/p>\n<\/div>\n<div class=\"mc-column content-text active-extra-styles \" style=\"text-align: justify;\" data-block-type=\"unstyled\" data-block-weight=\"21\" data-block-id=\"8\">\n<p class=\"content-text__container \" data-track-category=\"Link no Texto\" data-track-links=\"\">Em julho, ela foi levada para o Hospital do Rocio, na Regi\u00e3o Metropolitana de Curitiba, onde aguardou o nascimento dos filhos.<\/p>\n<\/div>\n<div class=\"mc-column content-text active-extra-styles\" style=\"text-align: justify;\" data-block-type=\"raw\" data-block-weight=\"1\" data-block-id=\"9\">\n<div class=\"content-intertitle\">\n<h2><strong>Nascimento<\/strong><\/h2>\n<\/div>\n<\/div>\n<div class=\"mc-column content-text active-extra-styles \" style=\"text-align: justify;\" data-block-type=\"unstyled\" data-block-weight=\"24\" data-block-id=\"10\">\n<p class=\"content-text__container \" data-track-category=\"Link no Texto\" data-track-links=\"\">Os beb\u00eas nasceram \u00e0s 21h15 e s\u00e3o tr\u00eas meninos e duas meninas. Os nomes escolhidos foram Luis Henrique, Jhordan, Tiago, Laura e Antonella.<\/p>\n<p class=\"content-text__container \" data-track-category=\"Link no Texto\" data-track-links=\"\"><span style=\"font-style: italic; text-align: center;\">&#8220;Ela estava sentindo um desconforto. Ent\u00e3o, a m\u00e9dica examinou e viu que as contra\u00e7\u00f5es tinham come\u00e7ado. A\u00ed foi feita a cesariana&#8221;, conta Luis Fernando.<\/span><\/p>\n<\/div>\n<div class=\"mc-column content-text active-extra-styles \" style=\"text-align: justify;\" data-block-type=\"unstyled\" data-block-weight=\"23\" data-block-id=\"13\">\n<p class=\"content-text__container \" data-track-category=\"Link no Texto\" data-track-links=\"\">Todas as crian\u00e7as nasceram com mais de um quilo, menos a pequena Laura, que veio ao mundo com pouco mais de 900 gramas.<\/p>\n<\/div>\n<div class=\"mc-column content-text active-extra-styles \" style=\"text-align: justify;\" data-block-type=\"unstyled\" data-block-weight=\"29\" data-block-id=\"14\">\n<p class=\"content-text__container \" data-track-category=\"Link no Texto\" data-track-links=\"\">Ap\u00f3s o parto, os beb\u00eas foram levados para incubadoras da Unidade de Terapia Intensiva (UTI) do hospital, onde devem permanecer at\u00e9 ganharem peso. Ainda n\u00e3o h\u00e1 previs\u00e3o de alta.<\/p>\n<\/div>\n<div class=\"mc-column content-text active-extra-styles \" style=\"text-align: justify;\" data-block-type=\"unstyled\" data-block-weight=\"26\" data-block-id=\"15\">\n<p class=\"content-text__container \" data-track-category=\"Link no Texto\" data-track-links=\"\">Anieli j\u00e1 tem um filho chamado Davi, de<strong>\u00a0<\/strong>seis anos, que \u00e9 de outro relacionamento. Por outro lado, Luis Fernando est\u00e1 sendo pai pela primeira vez.<\/p>\n<\/div>\n<div class=\"mc-column content-text active-extra-styles \" style=\"text-align: justify;\" data-block-type=\"unstyled\" data-block-weight=\"28\" data-block-id=\"16\">\n<p class=\"content-text__container \" data-track-category=\"Link no Texto\" data-track-links=\"\">&#8220;Agora \u00e9 s\u00f3 aguardar. Todos vieram com sa\u00fade. A partir de agora \u00e9 uma batalha todos os dias. Mas vamos ficar todos bem&#8221;, disse o pai dos qu\u00edntuplos.<\/p>\n<\/div>\n<div class=\"mc-column content-text active-extra-styles\" style=\"text-align: justify;\" data-block-type=\"raw\" data-block-weight=\"3\" data-block-id=\"17\">\n<div class=\"content-intertitle\">\n<h2><strong>Campanha na internet<\/strong><\/h2>\n<\/div>\n<\/div>\n<div class=\"mc-column content-text active-extra-styles \" style=\"text-align: justify;\" data-block-type=\"unstyled\" data-block-weight=\"30\" data-block-id=\"18\">\n<p class=\"content-text__container \" data-track-category=\"Link no Texto\" data-track-links=\"\">Ap\u00f3s descobrirem a gravidez, o casal resolveu fazer uma campanha virtual para arrecadar fundos para cuidar das crian\u00e7as. Anieli foi demitida do emprego semanas antes de descobrir a gravidez.<\/p>\n<\/div>\n<div class=\"mc-column content-text active-extra-styles \" style=\"text-align: justify;\" data-block-type=\"unstyled\" data-block-weight=\"26\" data-block-id=\"19\">\n<p class=\"content-text__container \" data-track-category=\"Link no Texto\" data-track-links=\"\">Em uma rede social, o casal criou uma conta chamada &#8220;Qu\u00edntuplos do Paran\u00e1&#8221;, que at\u00e9 esta ter\u00e7a-feira (3) contava com mais de 18 mil seguidores.<\/p>\n<\/div>\n<div class=\"mc-column content-text active-extra-styles \" style=\"text-align: justify;\" data-block-type=\"unstyled\" data-block-weight=\"27\" data-block-id=\"20\">\n<p class=\"content-text__container \" data-track-category=\"Link no Texto\" data-track-links=\"\">Os dois tamb\u00e9m criaram uma &#8220;vaquinha virtual&#8221;, com o objetivo de arrecadar R$ 40 mil para a compra de roupas, fraldas e outros itens para os beb\u00eas.<\/p>\n<\/div>\n<div class=\"mc-column content-text active-extra-styles \" style=\"text-align: justify;\" data-block-type=\"unstyled\" data-block-weight=\"24\" data-block-id=\"21\">\n<p class=\"content-text__container \" data-track-category=\"Link no Texto\" data-track-links=\"\">Em meio \u00e0 campanha, o casal conta que descobriu uma conta falsa na internet, de pessoas que se passavam pelos dois para conseguir dinheiro.<\/p>\n<\/div>\n<div class=\"mc-column content-text active-extra-styles \" data-block-type=\"unstyled\" data-block-weight=\"10\" data-block-id=\"22\">\n<p class=\"content-text__container \" style=\"text-align: justify;\" data-track-category=\"Link no Texto\" data-track-links=\"\">Ap\u00f3s den\u00fancias feitas por seguidores, a conta falsa foi removida.<\/p>\n<p data-track-category=\"Link no Texto\" data-track-links=\"\">Fonte: G1<\/p>\n<\/div>\n<\/div>\n","protected":false},"excerpt":{"rendered":"<p>Beb\u00eas nasceram prematuros em hospital de Campo Largo, na Regi\u00e3o Metropolitana de Curitiba, na noite desta segunda-feira (2). Casal diz que fecunda\u00e7\u00e3o foi natural.Parto foi feito em Hospital de Campo Largo na noite desta segunda-feira (2) \u2014 Foto: Luis Fernando Ara\u00fajo\/Arquivo Pessoal Uma mulher deu \u00e0 luz qu\u00edntuplos na noite desta segunda-feira (2), em Campo [&hellip;]<\/p>\n","protected":false},"author":1,"featured_media":5246,"comment_status":"closed","ping_status":"open","sticky":false,"template":"","format":"standard","meta":{"footnotes":""},"categories":[114,110],"tags":[],"class_list":["post-5245","post","type-post","status-publish","format-standard","has-post-thumbnail","hentry","category-geralecomercio","category-noticiasdestaque"],"_links":{"self":[{"href":"https:\/\/jorgezanoni.com.br\/2019\/wp-json\/wp\/v2\/posts\/5245","targetHints":{"allow":["GET"]}}],"collection":[{"href":"https:\/\/jorgezanoni.com.br\/2019\/wp-json\/wp\/v2\/posts"}],"about":[{"href":"https:\/\/jorgezanoni.com.br\/2019\/wp-json\/wp\/v2\/types\/post"}],"author":[{"embeddable":true,"href":"https:\/\/jorgezanoni.com.br\/2019\/wp-json\/wp\/v2\/users\/1"}],"replies":[{"embeddable":true,"href":"https:\/\/jorgezanoni.com.br\/2019\/wp-json\/wp\/v2\/comments?post=5245"}],"version-history":[{"count":0,"href":"https:\/\/jorgezanoni.com.br\/2019\/wp-json\/wp\/v2\/posts\/5245\/revisions"}],"wp:featuredmedia":[{"embeddable":true,"href":"https:\/\/jorgezanoni.com.br\/2019\/wp-json\/wp\/v2\/media\/5246"}],"wp:attachment":[{"href":"https:\/\/jorgezanoni.com.br\/2019\/wp-json\/wp\/v2\/media?parent=5245"}],"wp:term":[{"taxonomy":"category","embeddable":true,"href":"https:\/\/jorgezanoni.com.br\/2019\/wp-json\/wp\/v2\/categories?post=5245"},{"taxonomy":"post_tag","embeddable":true,"href":"https:\/\/jorgezanoni.com.br\/2019\/wp-json\/wp\/v2\/tags?post=5245"}],"curies":[{"name":"wp","href":"https:\/\/api.w.org\/{rel}","templated":true}]}}