{"id":52445,"date":"2021-08-16T15:22:08","date_gmt":"2021-08-16T15:22:08","guid":{"rendered":"https:\/\/jorgezanoni.com.br\/2019\/?p=52445"},"modified":"2021-08-16T15:22:08","modified_gmt":"2021-08-16T15:22:08","slug":"arvores-urbanas-podar-ou-nao-podar","status":"publish","type":"post","link":"https:\/\/jorgezanoni.com.br\/2019\/arvores-urbanas-podar-ou-nao-podar\/","title":{"rendered":"\u00c1RVORES URBANAS: Podar ou n\u00e3o podar?"},"content":{"rendered":"<p style=\"text-align: justify;\"><strong>\u00c1RVORES URBANAS \u2013 PODAR OU N\u00c3O PODAR?<\/strong><strong>\u00a0<\/strong><\/p>\n<p style=\"text-align: justify;\"><strong>Com o avan\u00e7o da modernidade e o aumento da popula\u00e7\u00e3o, a ocupa\u00e7\u00e3o do solo urbano vem sendo um problema sistem\u00e1tico e desafiador.<\/strong><\/p>\n<p><img loading=\"lazy\" decoding=\"async\" class=\"alignnone size-full wp-image-52449\" src=\"https:\/\/jorgezanoni.com.br\/2019\/wp-content\/uploads\/2021\/08\/Crea1.jpg\" alt=\"\" width=\"700\" height=\"158\" srcset=\"https:\/\/jorgezanoni.com.br\/2019\/wp-content\/uploads\/2021\/08\/Crea1.jpg 700w, https:\/\/jorgezanoni.com.br\/2019\/wp-content\/uploads\/2021\/08\/Crea1-300x68.jpg 300w, https:\/\/jorgezanoni.com.br\/2019\/wp-content\/uploads\/2021\/08\/Crea1-696x158.jpg 696w\" sizes=\"auto, (max-width: 700px) 100vw, 700px\" \/><\/p>\n<p style=\"text-align: justify;\">A quest\u00e3o da \u201cPoda de \u00c1rvores\u201d do passeio p\u00fablico \u00e9 sem d\u00favida um grande desafio ainda na atualidade.<\/p>\n<p style=\"text-align: justify;\">Outros desafios a serem\u00a0 considerados s\u00e3o:\u00a0 a escolha da esp\u00e9cie mais adequada para o local; o plantio e os cuidados necess\u00e1rios para cada esp\u00e9cie vegetal; a falta de conhecimento da popula\u00e7\u00e3o; a\u00a0 falta de orienta\u00e7\u00e3o por parte dos \u00f3rg\u00e3os p\u00fablicos e\/ou gestores; a defici\u00eancia ou at\u00e9 a inexist\u00eancia em muitos munic\u00edpios de equipes t\u00e9cnicas preparadas para o manejo de \u00e1rvores lenhosas; a insufici\u00eancia de fiscaliza\u00e7\u00e3o e de puni\u00e7\u00e3o aos infratores perante \u00e0 legisla\u00e7\u00e3o; a aus\u00eancia de incentivos e a falta de equipamentos modernos para efetuar a poda.<\/p>\n<p style=\"text-align: justify;\">Todo vegetal tem caracter\u00edsticas pr\u00f3prias quanto ao formato de copa, idade, \u00e9poca de florescimento, desenvolvimento das ra\u00edzes e a quantidade de oxig\u00eanio liberada ao ar (fotoss\u00edntese).<\/p>\n<p style=\"text-align: justify;\">Por este motivo \u00e9 necess\u00e1rio ter aten\u00e7\u00e3o ao executar qualquer tipo de poda e, na sua ocorr\u00eancia, dever\u00e1 ser realizada por pessoas capacitadas com equipamentos corretos, sob orienta\u00e7\u00e3o de profissionais habilitados dos CREA.<\/p>\n<p style=\"text-align: justify;\"><strong>Benef\u00edcios das \u00c1rvores<\/strong><strong>\u00a0<\/strong><\/p>\n<p style=\"text-align: justify;\">As \u00e1rvores urbanas, s\u00e3o de extrema import\u00e2ncia para se obter <strong>qualidade de vida<\/strong>.<\/p>\n<p style=\"text-align: justify;\">Os benef\u00edcios podem ser diretos e indiretos resultando seus efeitos em:<\/p>\n<ul style=\"text-align: justify;\">\n<li>Reequil\u00edbrio da <strong>temperatura<\/strong> da cidade;<\/li>\n<li>Altera\u00e7\u00e3o do <strong>micro clima<\/strong>;<\/li>\n<li>Manuten\u00e7\u00e3o da <strong>umidade relativa do ar<\/strong>;<\/li>\n<li>Cria\u00e7\u00e3o de condi\u00e7\u00f5es para o desenvolvimento e <strong>abrigo de esp\u00e9cies<\/strong> da fauna e flora;<\/li>\n<li>O <strong>sombreamento<\/strong> das copas das \u00e1rvores protege contra a irradia\u00e7\u00e3o solar:<\/li>\n<li>Diminui\u00e7\u00e3o da polui\u00e7\u00e3o sonora:<\/li>\n<li>Barreiras de sons;<\/li>\n<li>Amortecimento da \u00e1gua das chuvas;<\/li>\n<li>As <strong>ra\u00edzes<\/strong> s\u00e3o partes importantes de ancoragem e fixa\u00e7\u00e3o da mesma, resistindo \u00e0 a\u00e7\u00e3o dos ventos;<\/li>\n<li>As<strong> folhas <\/strong>promovem a purifica\u00e7\u00e3o do ar quanto ao dep\u00f3sito de fuligem e material suspenso;<\/li>\n<li>Ramos, galhos e troncos promovem o caminhamento da \u00e1gua de chuva para o solo;<\/li>\n<li>As flores tamb\u00e9m promovem o embelezamento das vias p\u00fablicas melhorando o bem estar no ambiente urbano.<\/li>\n<\/ul>\n<p><img loading=\"lazy\" decoding=\"async\" class=\"alignnone size-full wp-image-52451\" src=\"https:\/\/jorgezanoni.com.br\/2019\/wp-content\/uploads\/2021\/08\/crea3.jpg\" alt=\"\" width=\"422\" height=\"350\" srcset=\"https:\/\/jorgezanoni.com.br\/2019\/wp-content\/uploads\/2021\/08\/crea3.jpg 422w, https:\/\/jorgezanoni.com.br\/2019\/wp-content\/uploads\/2021\/08\/crea3-300x249.jpg 300w\" sizes=\"auto, (max-width: 422px) 100vw, 422px\" \/><\/p>\n<p style=\"text-align: justify;\"><strong>Defini\u00e7\u00e3o de Poda<\/strong><strong>\u00a0<\/strong><\/p>\n<p style=\"text-align: justify;\">1 &#8211; Retirada seletiva de partes indesejadas ou danificadas de uma \u00e1rvore, com objetivos definidos.<\/p>\n<p style=\"text-align: justify;\">2 &#8211; Adequa\u00e7\u00e3o da \u00e1rvore ao espa\u00e7o dispon\u00edvel.<strong>\u00a0<\/strong><\/p>\n<p style=\"text-align: justify;\"><strong>Quem autoriza?<\/strong><strong>\u00a0<\/strong><\/p>\n<p style=\"text-align: justify;\">Prefeitura Municipal ou \u00d3rg\u00e3o Competente.<\/p>\n<p style=\"text-align: justify;\">Procedimentos (ABNT 16246-1 de 2013):<\/p>\n<p style=\"text-align: justify;\"><strong>Como deve proceder a autoriza\u00e7\u00e3o?<\/strong><\/p>\n<p style=\"text-align: justify;\">Atrav\u00e9s de Inspe\u00e7\u00e3o pr\u00e9via da \u00e1rvore e se houver necessidade da poda, indicar as partes a serem podadas, recomendando as opera\u00e7\u00f5es e equipamentos.<\/p>\n<p style=\"text-align: justify;\"><strong>Quem pode orientar a podas?<\/strong><strong>\u00a0<\/strong><\/p>\n<p style=\"text-align: justify;\">Profissionais que tenham conhecimento do desenvolvimento vegetativo da \u00e1rvore, que s\u00e3o os Engenheiros Agr\u00f4nomos e os Engenheiros Florestais com registro no CREA, empresas credenciadas na Prefeitura e registradas no CREA e podadores autorizados.<\/p>\n<p style=\"text-align: justify;\">S\u00e3o esses profissionais que ir\u00e3o indicar quais s\u00e3o as ferramentas adequada para cada situa\u00e7\u00e3o.<\/p>\n<p style=\"text-align: justify;\"><strong>Podas pr\u00f3ximas a redes el\u00e9trica, podas emergencial e rede de servi\u00e7os p\u00fablicos<\/strong><strong>\u00a0<\/strong><\/p>\n<p style=\"text-align: justify;\">Podem ser realizadas apenas por pessoa habilitada em sistemas el\u00e9tricos de pot\u00eancia, conforme norma estabelecidas pelo <strong>Minist\u00e9rio do Trabalho e Emprego &#8211; MTE<\/strong>.<\/p>\n<p style=\"text-align: justify;\"><strong>Limite para poda a\u00e9rea da \u00e1rvore<\/strong><strong>\u00a0<\/strong><\/p>\n<p style=\"text-align: justify;\">A \u00e1rvore n\u00e3o dever\u00e1 ter mais de 25% da parte a\u00e9rea suprimida, de acordo com a esp\u00e9cie. Dependo da esp\u00e9cie esta raz\u00e3o poder\u00e1 afetar completamente sua fun\u00e7\u00e3o fisiol\u00f3gica e causar severos danos para a \u00e1rvore.<strong>\u00a0<\/strong><\/p>\n<p style=\"text-align: justify;\"><strong>Quando Podar?<\/strong><\/p>\n<p style=\"text-align: justify;\">A \u00e9poca ideal para a realiza\u00e7\u00e3o de podas ser\u00e1 de acordo com cada esp\u00e9cie \u00e9 no per\u00edodo de repouso vegetativo, sempre ap\u00f3s o florescimento.<\/p>\n<p style=\"text-align: justify;\"><strong>Tipos de Podas (principais)<\/strong><strong>\u00a0<\/strong><\/p>\n<p style=\"text-align: justify;\"><strong>Poda de limpeza:<\/strong>\u00a0 refere-se \u00e0 poda seletiva para remo\u00e7\u00e3o de galhos mortos, doentes ou quebrados.<\/p>\n<p style=\"text-align: justify;\"><strong>Poda de eleva\u00e7\u00e3o de copa:<\/strong>\u00a0 consiste em poda seletiva para fornecer espa\u00e7os verticais.<\/p>\n<p style=\"text-align: justify;\"><strong>Poda de redu\u00e7\u00e3o:<\/strong>\u00a0 busca a distribui\u00e7\u00e3o equilibrada dos ramos, com a redu\u00e7\u00e3o da copa na largura e\/ou altura, de acordo com o formato de copa da esp\u00e9cie.<\/p>\n<p style=\"text-align: justify;\"><strong>Poda emergencial:<\/strong>\u00a0 tem car\u00e1ter de emerg\u00eancia e pode ser realizada a qualquer momento por \u00f3rg\u00e3os oficiais, empresas especializadas e profissionais autorizados.<\/p>\n<p style=\"text-align: justify;\"><strong>Poda de restaura\u00e7\u00e3o: <\/strong>\u00a0consiste na poda seletiva para aprimorar a estrutura, forma e apar\u00eancia da \u00e1rvore a fim de recuperar o seu formato de copa.<\/p>\n<p style=\"text-align: justify;\"><strong>Poda decorativa tipo topiaria:\u00a0 <\/strong>deve ser <strong>evitada<\/strong> por n\u00e3o trazer benef\u00edcio ambiental e ainda provocar o enfolhamento de forma compacta dificultando a entrada de p\u00e1ssaros no seu interior. Provocando uma disfun\u00e7\u00e3o ambiental.<strong>\u00a0<\/strong><\/p>\n<p style=\"text-align: justify;\"><strong>ATEN\u00c7\u00c3O:<\/strong><strong>\u00a0<\/strong><\/p>\n<p style=\"text-align: justify;\">Poda de ra\u00edzes, <strong>n\u00e3o \u00e9 recomendada <\/strong>pois aumenta o <strong>RISCO DE QUEDA <\/strong>da \u00e1rvore.\u00a0 Deve ser priorizado o aumento dos canteiros e alternativas \u00e0 essa poda.<\/p>\n<p style=\"text-align: justify;\"><strong>Como Podar ramos?<\/strong><\/p>\n<p style=\"text-align: justify;\">Em \u00e1rvores lenhosas de ramos grandes, utilizar a t\u00e9cnica dos tr\u00eas cortes (figura 1), evitando que a casca da \u00e1rvore abaixo do ramo removido, seja danificada. Os cortes devem manter intactos a crista de casca e o colar da base do ramo (figura 2), para que sejam garantidas as condi\u00e7\u00f5es fisiol\u00f3gicas necess\u00e1rias para o fechamento do ferimento. como segue abaixo:<\/p>\n<p style=\"text-align: justify;\"><img loading=\"lazy\" decoding=\"async\" class=\"alignnone size-full wp-image-52446\" src=\"https:\/\/jorgezanoni.com.br\/2019\/wp-content\/uploads\/2021\/08\/figura-1.png\" alt=\"\" width=\"248\" height=\"207\" \/> <img loading=\"lazy\" decoding=\"async\" class=\"alignnone size-full wp-image-52447\" src=\"https:\/\/jorgezanoni.com.br\/2019\/wp-content\/uploads\/2021\/08\/figura-2.png\" alt=\"\" width=\"232\" height=\"236\" \/><\/p>\n<p>Figura 1\u00a0 \u00a0 \u00a0 \u00a0 \u00a0 \u00a0 \u00a0 \u00a0 \u00a0 \u00a0 \u00a0 \u00a0 \u00a0 \u00a0 \u00a0 \u00a0 \u00a0 \u00a0 \u00a0 \u00a0 Figura 2<\/p>\n<p style=\"text-align: justify;\">Obs.: todo trabalho de poda deve ser realizado com o uso de EPI, conforme NR 35.<strong>\u00a0<\/strong><\/p>\n<p style=\"text-align: justify;\"><strong>Podas mal realizadas causam danos \u00e0s \u00e1rvores?<\/strong><strong>\u00a0<\/strong><\/p>\n<p style=\"text-align: justify;\"><strong>Sim<\/strong>, quando s\u00e3o realizadas sem orienta\u00e7\u00e3o t\u00e9cnica e sem necessidade comprovada. H\u00e1 diferentes esp\u00e9cies vegetais lenhosas instaladas nos passeios p\u00fablicos e algumas delas n\u00e3o podem ser podadas, j\u00e1 outras, podem receber podas leves. De qualquer forma, apenas profissionais habilitados podem recomendar a poda.<strong>\u00a0<\/strong><\/p>\n<p style=\"text-align: justify;\"><strong>\u00c1rvores mal podadas podem desencadear ainda:<\/strong><strong>\u00a0<\/strong><\/p>\n<p style=\"text-align: justify;\"><strong>Tombamento<\/strong> provocado por intemp\u00e9ries naturais que ocorrem em determinados per\u00edodos do ano devido \u00e0 distribui\u00e7\u00e3o do peso desproporcional da parte a\u00e9rea\/copa. Ocorrido pela concentra\u00e7\u00e3o irregular de galhos laterais de forma desiquilibrada ao redor da circunfer\u00eancia da copa, ficando assim a \u00e1rvore suscept\u00edvel \u00e0 queda.<\/p>\n<p style=\"text-align: justify;\"><strong>Engrossamento de ra\u00edzes<\/strong> que ocasionam o levantamento de cal\u00e7adas e dificultando o tr\u00e2nsito de pessoas.<\/p>\n<p style=\"text-align: justify;\"><strong>Apodrecimento de galhos e ramos<\/strong>, que podem se desprender e causar danos.<\/p>\n<p style=\"text-align: justify;\"><strong>Apodrecimento e morte da \u00e1rvore<\/strong>, provocados pela n\u00e3o cicatriza\u00e7\u00e3o do corte e consequentemente entrada de pragas e doen\u00e7as que podem levar \u00e0 perda total da \u00e1rvore.<\/p>\n<p style=\"text-align: justify;\">As podas devem ser priorizadas nos viveiros e em forma\u00e7\u00e3o nas plantas ainda jovens. Mantendo o equil\u00edbrio do peso da copa e preservando ao m\u00e1ximo o formato original da esp\u00e9cie<\/p>\n<p><img loading=\"lazy\" decoding=\"async\" class=\"alignnone size-full wp-image-52448\" src=\"https:\/\/jorgezanoni.com.br\/2019\/wp-content\/uploads\/2021\/08\/Crea.jpg\" alt=\"\" width=\"700\" height=\"421\" srcset=\"https:\/\/jorgezanoni.com.br\/2019\/wp-content\/uploads\/2021\/08\/Crea.jpg 700w, https:\/\/jorgezanoni.com.br\/2019\/wp-content\/uploads\/2021\/08\/Crea-300x180.jpg 300w, https:\/\/jorgezanoni.com.br\/2019\/wp-content\/uploads\/2021\/08\/Crea-696x419.jpg 696w, https:\/\/jorgezanoni.com.br\/2019\/wp-content\/uploads\/2021\/08\/Crea-698x420.jpg 698w\" sizes=\"auto, (max-width: 700px) 100vw, 700px\" \/><\/p>\n<p style=\"text-align: justify;\"><strong>Fonte: CREA-SP<\/strong><\/p>\n<p style=\"text-align: justify;\"><strong>Carlos Alberto Crociolli &#8211;\u00a0<\/strong><strong>Engenheiro Agr\u00f4nomo MsC<\/strong><\/p>\n<p style=\"text-align: justify;\"><strong>CREA-SP 0700195512<\/strong><\/p>\n","protected":false},"excerpt":{"rendered":"<p>\u00c1RVORES URBANAS \u2013 PODAR OU N\u00c3O PODAR?\u00a0 Com o avan\u00e7o da modernidade e o aumento da popula\u00e7\u00e3o, a ocupa\u00e7\u00e3o do solo urbano vem sendo um problema sistem\u00e1tico e desafiador. A quest\u00e3o da \u201cPoda de \u00c1rvores\u201d do passeio p\u00fablico \u00e9 sem d\u00favida um grande desafio ainda na atualidade. Outros desafios a serem\u00a0 considerados s\u00e3o:\u00a0 a escolha [&hellip;]<\/p>\n","protected":false},"author":1,"featured_media":52450,"comment_status":"closed","ping_status":"open","sticky":false,"template":"","format":"standard","meta":{"footnotes":""},"categories":[176,110],"tags":[],"class_list":["post-52445","post","type-post","status-publish","format-standard","has-post-thumbnail","hentry","category-meioambienteeagricultura","category-noticiasdestaque"],"_links":{"self":[{"href":"https:\/\/jorgezanoni.com.br\/2019\/wp-json\/wp\/v2\/posts\/52445","targetHints":{"allow":["GET"]}}],"collection":[{"href":"https:\/\/jorgezanoni.com.br\/2019\/wp-json\/wp\/v2\/posts"}],"about":[{"href":"https:\/\/jorgezanoni.com.br\/2019\/wp-json\/wp\/v2\/types\/post"}],"author":[{"embeddable":true,"href":"https:\/\/jorgezanoni.com.br\/2019\/wp-json\/wp\/v2\/users\/1"}],"replies":[{"embeddable":true,"href":"https:\/\/jorgezanoni.com.br\/2019\/wp-json\/wp\/v2\/comments?post=52445"}],"version-history":[{"count":0,"href":"https:\/\/jorgezanoni.com.br\/2019\/wp-json\/wp\/v2\/posts\/52445\/revisions"}],"wp:featuredmedia":[{"embeddable":true,"href":"https:\/\/jorgezanoni.com.br\/2019\/wp-json\/wp\/v2\/media\/52450"}],"wp:attachment":[{"href":"https:\/\/jorgezanoni.com.br\/2019\/wp-json\/wp\/v2\/media?parent=52445"}],"wp:term":[{"taxonomy":"category","embeddable":true,"href":"https:\/\/jorgezanoni.com.br\/2019\/wp-json\/wp\/v2\/categories?post=52445"},{"taxonomy":"post_tag","embeddable":true,"href":"https:\/\/jorgezanoni.com.br\/2019\/wp-json\/wp\/v2\/tags?post=52445"}],"curies":[{"name":"wp","href":"https:\/\/api.w.org\/{rel}","templated":true}]}}