{"id":52434,"date":"2021-08-16T14:15:51","date_gmt":"2021-08-16T14:15:51","guid":{"rendered":"https:\/\/jorgezanoni.com.br\/2019\/?p=52434"},"modified":"2021-08-16T14:17:36","modified_gmt":"2021-08-16T14:17:36","slug":"missa-do-testemunho-da-vida-do-francisco-foi-realizada-em-ouro-verde","status":"publish","type":"post","link":"https:\/\/jorgezanoni.com.br\/2019\/missa-do-testemunho-da-vida-do-francisco-foi-realizada-em-ouro-verde\/","title":{"rendered":"Missa do testemunho da vida do Francisco foi realizada em Ouro Verde"},"content":{"rendered":"<p style=\"text-align: justify;\">VEJA MAT\u00c9RIA COMPLETA SOBRE O GAROTO FRANCISCO PUBLICADA NO <strong>SITE JZ<\/strong> EM 16\/01\/20. https:\/\/jorgezanoni.com.br\/2019\/2020\/01\/16\/casal-de-ouro-verde-pede-colaboracao-para-que-alguem-arrume-um-medico-para-cuidar-de-doenca-rara-do-filho-recem-nascido\/<\/p>\n<blockquote class=\"wp-embedded-content\" data-secret=\"aNTKxDul5c\"><p><a href=\"https:\/\/jorgezanoni.com.br\/2019\/2020\/01\/16\/casal-de-ouro-verde-pede-colaboracao-para-que-alguem-arrume-um-medico-para-cuidar-de-doenca-rara-do-filho-recem-nascido\/\">Casal de Ouro Verde pede colabora\u00e7\u00e3o para que algu\u00e9m arrume um m\u00e9dico para cuidar de doen\u00e7a rara do filho rec\u00e9m nascido<\/a><\/p><\/blockquote>\n<p><iframe loading=\"lazy\" class=\"wp-embedded-content\" sandbox=\"allow-scripts\" security=\"restricted\" style=\"position: absolute; clip: rect(1px, 1px, 1px, 1px);\" title=\"&#8220;Casal de Ouro Verde pede colabora\u00e7\u00e3o para que algu\u00e9m arrume um m\u00e9dico para cuidar de doen\u00e7a rara do filho rec\u00e9m nascido&#8221; &#8212; Jorge Zanoni\" src=\"https:\/\/jorgezanoni.com.br\/2019\/2020\/01\/16\/casal-de-ouro-verde-pede-colaboracao-para-que-alguem-arrume-um-medico-para-cuidar-de-doenca-rara-do-filho-recem-nascido\/embed\/#?secret=aNTKxDul5c\" data-secret=\"aNTKxDul5c\" width=\"600\" height=\"338\" frameborder=\"0\" marginwidth=\"0\" marginheight=\"0\" scrolling=\"no\"><\/iframe><\/p>\n<p><iframe loading=\"lazy\" title=\"7\u00b0 dia do Cerco de Jeric\u00f3 - CR\u00ca NO SENHOR JESUS QUE SER\u00c1 SALVO TU E TUA FAM\u00cdLIA! - 14\/08\/2021\" width=\"696\" height=\"392\" src=\"https:\/\/www.youtube.com\/embed\/D8jY20HjvxI?feature=oembed\" frameborder=\"0\" allow=\"accelerometer; autoplay; clipboard-write; encrypted-media; gyroscope; picture-in-picture\" allowfullscreen><\/iframe><\/p>\n<h1 class=\"title style-scope ytd-video-primary-info-renderer\" style=\"text-align: justify;\">7\u00b0 dia do Cerco de Jeric\u00f3 &#8211; CR\u00ca NO SENHOR JESUS QUE SER\u00c1 SALVO TU E TUA FAM\u00cdLIA! &#8211; 14\/08\/2021<\/h1>\n<p><img loading=\"lazy\" decoding=\"async\" class=\"alignnone size-full wp-image-52435\" src=\"https:\/\/jorgezanoni.com.br\/2019\/wp-content\/uploads\/2021\/08\/ov.jpg\" alt=\"\" width=\"780\" height=\"1040\" srcset=\"https:\/\/jorgezanoni.com.br\/2019\/wp-content\/uploads\/2021\/08\/ov.jpg 780w, https:\/\/jorgezanoni.com.br\/2019\/wp-content\/uploads\/2021\/08\/ov-225x300.jpg 225w, https:\/\/jorgezanoni.com.br\/2019\/wp-content\/uploads\/2021\/08\/ov-768x1024.jpg 768w, https:\/\/jorgezanoni.com.br\/2019\/wp-content\/uploads\/2021\/08\/ov-696x928.jpg 696w, https:\/\/jorgezanoni.com.br\/2019\/wp-content\/uploads\/2021\/08\/ov-315x420.jpg 315w\" sizes=\"auto, (max-width: 780px) 100vw, 780px\" \/> <img loading=\"lazy\" decoding=\"async\" class=\"alignnone size-full wp-image-52436\" src=\"https:\/\/jorgezanoni.com.br\/2019\/wp-content\/uploads\/2021\/08\/ov1.jpg\" alt=\"\" width=\"720\" height=\"798\" srcset=\"https:\/\/jorgezanoni.com.br\/2019\/wp-content\/uploads\/2021\/08\/ov1.jpg 720w, https:\/\/jorgezanoni.com.br\/2019\/wp-content\/uploads\/2021\/08\/ov1-271x300.jpg 271w, https:\/\/jorgezanoni.com.br\/2019\/wp-content\/uploads\/2021\/08\/ov1-696x771.jpg 696w, https:\/\/jorgezanoni.com.br\/2019\/wp-content\/uploads\/2021\/08\/ov1-379x420.jpg 379w\" sizes=\"auto, (max-width: 720px) 100vw, 720px\" \/> <img loading=\"lazy\" decoding=\"async\" class=\"alignnone size-full wp-image-52437\" src=\"https:\/\/jorgezanoni.com.br\/2019\/wp-content\/uploads\/2021\/08\/ov2.jpg\" alt=\"\" width=\"720\" height=\"533\" srcset=\"https:\/\/jorgezanoni.com.br\/2019\/wp-content\/uploads\/2021\/08\/ov2.jpg 720w, https:\/\/jorgezanoni.com.br\/2019\/wp-content\/uploads\/2021\/08\/ov2-300x222.jpg 300w, https:\/\/jorgezanoni.com.br\/2019\/wp-content\/uploads\/2021\/08\/ov2-80x60.jpg 80w, https:\/\/jorgezanoni.com.br\/2019\/wp-content\/uploads\/2021\/08\/ov2-696x515.jpg 696w, https:\/\/jorgezanoni.com.br\/2019\/wp-content\/uploads\/2021\/08\/ov2-567x420.jpg 567w\" sizes=\"auto, (max-width: 720px) 100vw, 720px\" \/> <img loading=\"lazy\" decoding=\"async\" class=\"alignnone size-full wp-image-52438\" src=\"https:\/\/jorgezanoni.com.br\/2019\/wp-content\/uploads\/2021\/08\/ov3.jpg\" alt=\"\" width=\"720\" height=\"791\" srcset=\"https:\/\/jorgezanoni.com.br\/2019\/wp-content\/uploads\/2021\/08\/ov3.jpg 720w, https:\/\/jorgezanoni.com.br\/2019\/wp-content\/uploads\/2021\/08\/ov3-273x300.jpg 273w, https:\/\/jorgezanoni.com.br\/2019\/wp-content\/uploads\/2021\/08\/ov3-696x765.jpg 696w, https:\/\/jorgezanoni.com.br\/2019\/wp-content\/uploads\/2021\/08\/ov3-382x420.jpg 382w\" sizes=\"auto, (max-width: 720px) 100vw, 720px\" \/> <img loading=\"lazy\" decoding=\"async\" class=\"alignnone size-full wp-image-52440\" src=\"https:\/\/jorgezanoni.com.br\/2019\/wp-content\/uploads\/2021\/08\/ov5.jpg\" alt=\"\" width=\"720\" height=\"927\" srcset=\"https:\/\/jorgezanoni.com.br\/2019\/wp-content\/uploads\/2021\/08\/ov5.jpg 720w, https:\/\/jorgezanoni.com.br\/2019\/wp-content\/uploads\/2021\/08\/ov5-233x300.jpg 233w, https:\/\/jorgezanoni.com.br\/2019\/wp-content\/uploads\/2021\/08\/ov5-696x896.jpg 696w, https:\/\/jorgezanoni.com.br\/2019\/wp-content\/uploads\/2021\/08\/ov5-326x420.jpg 326w\" sizes=\"auto, (max-width: 720px) 100vw, 720px\" \/> <img loading=\"lazy\" decoding=\"async\" class=\"alignnone size-full wp-image-52441\" src=\"https:\/\/jorgezanoni.com.br\/2019\/wp-content\/uploads\/2021\/08\/ov6.jpg\" alt=\"\" width=\"720\" height=\"820\" srcset=\"https:\/\/jorgezanoni.com.br\/2019\/wp-content\/uploads\/2021\/08\/ov6.jpg 720w, https:\/\/jorgezanoni.com.br\/2019\/wp-content\/uploads\/2021\/08\/ov6-263x300.jpg 263w, https:\/\/jorgezanoni.com.br\/2019\/wp-content\/uploads\/2021\/08\/ov6-696x793.jpg 696w, https:\/\/jorgezanoni.com.br\/2019\/wp-content\/uploads\/2021\/08\/ov6-369x420.jpg 369w\" sizes=\"auto, (max-width: 720px) 100vw, 720px\" \/> <img loading=\"lazy\" decoding=\"async\" class=\"alignnone size-full wp-image-52442\" src=\"https:\/\/jorgezanoni.com.br\/2019\/wp-content\/uploads\/2021\/08\/ov7.jpg\" alt=\"\" width=\"720\" height=\"1280\" srcset=\"https:\/\/jorgezanoni.com.br\/2019\/wp-content\/uploads\/2021\/08\/ov7.jpg 720w, https:\/\/jorgezanoni.com.br\/2019\/wp-content\/uploads\/2021\/08\/ov7-169x300.jpg 169w, https:\/\/jorgezanoni.com.br\/2019\/wp-content\/uploads\/2021\/08\/ov7-576x1024.jpg 576w, https:\/\/jorgezanoni.com.br\/2019\/wp-content\/uploads\/2021\/08\/ov7-696x1237.jpg 696w, https:\/\/jorgezanoni.com.br\/2019\/wp-content\/uploads\/2021\/08\/ov7-236x420.jpg 236w\" sizes=\"auto, (max-width: 720px) 100vw, 720px\" \/><\/p>\n<p>Fotos: Meire Galbiatti<\/p>\n<p>Jorge Zanoni<\/p>\n<p>&nbsp;<\/p>\n<p>&nbsp;<\/p>\n","protected":false},"excerpt":{"rendered":"<p>VEJA MAT\u00c9RIA COMPLETA SOBRE O GAROTO FRANCISCO PUBLICADA NO SITE JZ EM 16\/01\/20. https:\/\/jorgezanoni.com.br\/2019\/2020\/01\/16\/casal-de-ouro-verde-pede-colaboracao-para-que-alguem-arrume-um-medico-para-cuidar-de-doenca-rara-do-filho-recem-nascido\/ Casal de Ouro Verde pede colabora\u00e7\u00e3o para que algu\u00e9m arrume um m\u00e9dico para cuidar de doen\u00e7a rara do filho rec\u00e9m nascido 7\u00b0 dia do Cerco de Jeric\u00f3 &#8211; CR\u00ca NO SENHOR JESUS QUE SER\u00c1 SALVO TU E TUA FAM\u00cdLIA! &#8211; 14\/08\/2021 [&hellip;]<\/p>\n","protected":false},"author":1,"featured_media":52439,"comment_status":"closed","ping_status":"open","sticky":false,"template":"","format":"standard","meta":{"footnotes":""},"categories":[110,118],"tags":[],"class_list":["post-52434","post","type-post","status-publish","format-standard","has-post-thumbnail","hentry","category-noticiasdestaque","category-religiaoesolidariedade"],"_links":{"self":[{"href":"https:\/\/jorgezanoni.com.br\/2019\/wp-json\/wp\/v2\/posts\/52434","targetHints":{"allow":["GET"]}}],"collection":[{"href":"https:\/\/jorgezanoni.com.br\/2019\/wp-json\/wp\/v2\/posts"}],"about":[{"href":"https:\/\/jorgezanoni.com.br\/2019\/wp-json\/wp\/v2\/types\/post"}],"author":[{"embeddable":true,"href":"https:\/\/jorgezanoni.com.br\/2019\/wp-json\/wp\/v2\/users\/1"}],"replies":[{"embeddable":true,"href":"https:\/\/jorgezanoni.com.br\/2019\/wp-json\/wp\/v2\/comments?post=52434"}],"version-history":[{"count":0,"href":"https:\/\/jorgezanoni.com.br\/2019\/wp-json\/wp\/v2\/posts\/52434\/revisions"}],"wp:featuredmedia":[{"embeddable":true,"href":"https:\/\/jorgezanoni.com.br\/2019\/wp-json\/wp\/v2\/media\/52439"}],"wp:attachment":[{"href":"https:\/\/jorgezanoni.com.br\/2019\/wp-json\/wp\/v2\/media?parent=52434"}],"wp:term":[{"taxonomy":"category","embeddable":true,"href":"https:\/\/jorgezanoni.com.br\/2019\/wp-json\/wp\/v2\/categories?post=52434"},{"taxonomy":"post_tag","embeddable":true,"href":"https:\/\/jorgezanoni.com.br\/2019\/wp-json\/wp\/v2\/tags?post=52434"}],"curies":[{"name":"wp","href":"https:\/\/api.w.org\/{rel}","templated":true}]}}