{"id":52335,"date":"2021-08-14T22:51:26","date_gmt":"2021-08-14T22:51:26","guid":{"rendered":"https:\/\/jorgezanoni.com.br\/2019\/?p=52335"},"modified":"2021-08-15T17:22:08","modified_gmt":"2021-08-15T17:22:08","slug":"empresario-morre-em-grave-acidente-no-centro-de-tupi-paulista","status":"publish","type":"post","link":"https:\/\/jorgezanoni.com.br\/2019\/empresario-morre-em-grave-acidente-no-centro-de-tupi-paulista\/","title":{"rendered":"Empres\u00e1rio morre em grave acidente no centro de Tupi Paulista"},"content":{"rendered":"<div class=\"kvgmc6g5 cxmmr5t8 oygrvhab hcukyx3x c1et5uql ii04i59q\">\n<div dir=\"auto\" style=\"text-align: justify;\">Um grave acidente ceifou a vida do empres\u00e1rio tupiense conhecido popularmente como &#8220;Toninho da Geladeira&#8221; de 62 anos. O fato ocorreu por volta do meio dia deste s\u00e1bado (14) segundo a Pol\u00edcia Militar de Tupi Paulista.<\/div>\n<div dir=\"auto\"><\/div>\n<\/div>\n<div class=\"o9v6fnle cxmmr5t8 oygrvhab hcukyx3x c1et5uql ii04i59q\" style=\"text-align: justify;\">\n<div dir=\"auto\">Segundo informa\u00e7\u00f5es apuradas, a v\u00edtima pilotava uma motocicleta prata quando veio a perder o controle de dire\u00e7\u00e3o e chocar-se contra uma Ford Range Branca dirigida por um homem de 32 anos.<\/div>\n<div dir=\"auto\"><\/div>\n<\/div>\n<div class=\"o9v6fnle cxmmr5t8 oygrvhab hcukyx3x c1et5uql ii04i59q\" style=\"text-align: justify;\">\n<div dir=\"auto\">A Pol\u00edcia vai investigar as causas do acidente.<\/div>\n<div dir=\"auto\"><\/div>\n<\/div>\n<div class=\"o9v6fnle cxmmr5t8 oygrvhab hcukyx3x c1et5uql ii04i59q\" style=\"text-align: justify;\">\n<div dir=\"auto\">A v\u00edtima foi socorrida no Pronto Socorro de Tupi Paulista onde sofreu duas paradas respirat\u00f3rias. O paciente chegou a ser transferido para Presidente Prudente, mas no in\u00edcio da noite veio a \u00f3bito.<\/div>\n<\/div>\n<div class=\"o9v6fnle cxmmr5t8 oygrvhab hcukyx3x c1et5uql ii04i59q\" style=\"text-align: justify;\">\n<div dir=\"auto\"><\/div>\n<\/div>\n<div class=\"o9v6fnle cxmmr5t8 oygrvhab hcukyx3x c1et5uql ii04i59q\">\n<div dir=\"auto\" style=\"text-align: justify;\">Fonte: Agora News e Com. Social Pol\u00edcia Militar<\/div>\n<div dir=\"auto\" style=\"text-align: justify;\">Foto de Internauta<\/div>\n<\/div>\n","protected":false},"excerpt":{"rendered":"<p>Um grave acidente ceifou a vida do empres\u00e1rio tupiense conhecido popularmente como &#8220;Toninho da Geladeira&#8221; de 62 anos. O fato ocorreu por volta do meio dia deste s\u00e1bado (14) segundo a Pol\u00edcia Militar de Tupi Paulista. Segundo informa\u00e7\u00f5es apuradas, a v\u00edtima pilotava uma motocicleta prata quando veio a perder o controle de dire\u00e7\u00e3o e chocar-se [&hellip;]<\/p>\n","protected":false},"author":1,"featured_media":52336,"comment_status":"closed","ping_status":"open","sticky":false,"template":"","format":"standard","meta":{"footnotes":""},"categories":[170,110],"tags":[],"class_list":["post-52335","post","type-post","status-publish","format-standard","has-post-thumbnail","hentry","category-acidentes","category-noticiasdestaque"],"_links":{"self":[{"href":"https:\/\/jorgezanoni.com.br\/2019\/wp-json\/wp\/v2\/posts\/52335","targetHints":{"allow":["GET"]}}],"collection":[{"href":"https:\/\/jorgezanoni.com.br\/2019\/wp-json\/wp\/v2\/posts"}],"about":[{"href":"https:\/\/jorgezanoni.com.br\/2019\/wp-json\/wp\/v2\/types\/post"}],"author":[{"embeddable":true,"href":"https:\/\/jorgezanoni.com.br\/2019\/wp-json\/wp\/v2\/users\/1"}],"replies":[{"embeddable":true,"href":"https:\/\/jorgezanoni.com.br\/2019\/wp-json\/wp\/v2\/comments?post=52335"}],"version-history":[{"count":0,"href":"https:\/\/jorgezanoni.com.br\/2019\/wp-json\/wp\/v2\/posts\/52335\/revisions"}],"wp:featuredmedia":[{"embeddable":true,"href":"https:\/\/jorgezanoni.com.br\/2019\/wp-json\/wp\/v2\/media\/52336"}],"wp:attachment":[{"href":"https:\/\/jorgezanoni.com.br\/2019\/wp-json\/wp\/v2\/media?parent=52335"}],"wp:term":[{"taxonomy":"category","embeddable":true,"href":"https:\/\/jorgezanoni.com.br\/2019\/wp-json\/wp\/v2\/categories?post=52335"},{"taxonomy":"post_tag","embeddable":true,"href":"https:\/\/jorgezanoni.com.br\/2019\/wp-json\/wp\/v2\/tags?post=52335"}],"curies":[{"name":"wp","href":"https:\/\/api.w.org\/{rel}","templated":true}]}}