{"id":52332,"date":"2021-08-14T20:59:54","date_gmt":"2021-08-14T20:59:54","guid":{"rendered":"https:\/\/jorgezanoni.com.br\/2019\/?p=52332"},"modified":"2021-08-14T20:59:54","modified_gmt":"2021-08-14T20:59:54","slug":"emdaep-implanta-sistema-de-monitoramento-de-pocos-e-de-reservatorios","status":"publish","type":"post","link":"https:\/\/jorgezanoni.com.br\/2019\/emdaep-implanta-sistema-de-monitoramento-de-pocos-e-de-reservatorios\/","title":{"rendered":"EMDAEP implanta sistema de monitoramento de po\u00e7os e de reservat\u00f3rios"},"content":{"rendered":"<p style=\"text-align: justify;\">Pela primeira vez em sua hist\u00f3ria a EMDAEP passa a contar com o servi\u00e7o de monitoramento de seus po\u00e7os e reservat\u00f3rios, com controle de funcionamento, de produ\u00e7\u00e3o e de armazenamento em tempo real por telemetria.<br \/>\nNesta primeira etapa, com investimento de R$ 35 mil, a empresa municipal vai acompanhar oito unidades de produ\u00e7\u00e3o. No futuro o servi\u00e7o atender\u00e1 21 po\u00e7os.<br \/>\nA central de monitoramento foi implantada na sala da diretoria da EMDAEP. O mesmo servi\u00e7o \u00e9 oferecido em aplicativo de celular para acompanhamento 24 horas por dia, incluindo nos finais de semana.<br \/>\nNos primeiros po\u00e7os monitorados houve a instala\u00e7\u00e3o de equipamento que faz a transmiss\u00e3o para a central.<br \/>\nNa pr\u00e1tica, quando uma bomba apresentar problemas o aviso ser\u00e1 imediato, podendo ser agilizadas provid\u00eancias e evitando desabastecimento de \u00e1gua no setor.<br \/>\n\u201cEstamos fazendo de tudo para evitar transtornos para os consumidores e com este sistema moderno teremos o controle geral dos po\u00e7os e reservat\u00f3rios\u201d, informou o vice-prefeito Guido Francisco Baggio, presidente da EMDAEP.<br \/>\nNa primeira fase s\u00e3o monitorados os po\u00e7os e reservat\u00f3rios do centro (Rua Euclides da Cunha), Bairro Metr\u00f3pole (Rua Antonio Martins e recinto da Fapidra), Residencial Hosoume I, Bairro Em\u00edlio Zanata, Bairro Pitangueiras e do Jardim das Palmeiras IV (Alameda Inglaterra). A empresa RDG de Ribeir\u00e3o Preto participa do servi\u00e7o de automa\u00e7\u00e3o.<\/p>\n<p style=\"text-align: justify;\">Ass. Rela\u00e7\u00f5es P\u00fablicas da EMDAEP<\/p>\n","protected":false},"excerpt":{"rendered":"<p>Pela primeira vez em sua hist\u00f3ria a EMDAEP passa a contar com o servi\u00e7o de monitoramento de seus po\u00e7os e reservat\u00f3rios, com controle de funcionamento, de produ\u00e7\u00e3o e de armazenamento em tempo real por telemetria. Nesta primeira etapa, com investimento de R$ 35 mil, a empresa municipal vai acompanhar oito unidades de produ\u00e7\u00e3o. No futuro [&hellip;]<\/p>\n","protected":false},"author":1,"featured_media":52333,"comment_status":"closed","ping_status":"open","sticky":false,"template":"","format":"standard","meta":{"footnotes":""},"categories":[179,184,110],"tags":[],"class_list":["post-52332","post","type-post","status-publish","format-standard","has-post-thumbnail","hentry","category-cidadeseregiao","category-dracena","category-noticiasdestaque"],"_links":{"self":[{"href":"https:\/\/jorgezanoni.com.br\/2019\/wp-json\/wp\/v2\/posts\/52332","targetHints":{"allow":["GET"]}}],"collection":[{"href":"https:\/\/jorgezanoni.com.br\/2019\/wp-json\/wp\/v2\/posts"}],"about":[{"href":"https:\/\/jorgezanoni.com.br\/2019\/wp-json\/wp\/v2\/types\/post"}],"author":[{"embeddable":true,"href":"https:\/\/jorgezanoni.com.br\/2019\/wp-json\/wp\/v2\/users\/1"}],"replies":[{"embeddable":true,"href":"https:\/\/jorgezanoni.com.br\/2019\/wp-json\/wp\/v2\/comments?post=52332"}],"version-history":[{"count":0,"href":"https:\/\/jorgezanoni.com.br\/2019\/wp-json\/wp\/v2\/posts\/52332\/revisions"}],"wp:featuredmedia":[{"embeddable":true,"href":"https:\/\/jorgezanoni.com.br\/2019\/wp-json\/wp\/v2\/media\/52333"}],"wp:attachment":[{"href":"https:\/\/jorgezanoni.com.br\/2019\/wp-json\/wp\/v2\/media?parent=52332"}],"wp:term":[{"taxonomy":"category","embeddable":true,"href":"https:\/\/jorgezanoni.com.br\/2019\/wp-json\/wp\/v2\/categories?post=52332"},{"taxonomy":"post_tag","embeddable":true,"href":"https:\/\/jorgezanoni.com.br\/2019\/wp-json\/wp\/v2\/tags?post=52332"}],"curies":[{"name":"wp","href":"https:\/\/api.w.org\/{rel}","templated":true}]}}