{"id":52328,"date":"2021-08-14T20:44:14","date_gmt":"2021-08-14T20:44:14","guid":{"rendered":"https:\/\/jorgezanoni.com.br\/2019\/?p=52328"},"modified":"2021-08-14T20:44:14","modified_gmt":"2021-08-14T20:44:14","slug":"policia-civil-abre-inquerito-para-investigar-morte-de-cadeirante-atropelada-por-carro-desgovernado-em-dracena","status":"publish","type":"post","link":"https:\/\/jorgezanoni.com.br\/2019\/policia-civil-abre-inquerito-para-investigar-morte-de-cadeirante-atropelada-por-carro-desgovernado-em-dracena\/","title":{"rendered":"Pol\u00edcia Civil abre inqu\u00e9rito para investigar morte de cadeirante atropelada por carro desgovernado em Dracena"},"content":{"rendered":"<h2 class=\"content-head__subtitle\" style=\"text-align: justify;\"><strong>Investiga\u00e7\u00e3o vai apurar os crimes de homic\u00eddio culposo contra a motorista do ve\u00edculo e dano e amea\u00e7a contra o filho da v\u00edtima.<\/strong><\/h2>\n<p style=\"text-align: justify;\"><img loading=\"lazy\" decoding=\"async\" class=\"alignnone size-full wp-image-52329\" src=\"https:\/\/jorgezanoni.com.br\/2019\/wp-content\/uploads\/2021\/08\/carro.jpeg\" alt=\"\" width=\"984\" height=\"738\" srcset=\"https:\/\/jorgezanoni.com.br\/2019\/wp-content\/uploads\/2021\/08\/carro.jpeg 984w, https:\/\/jorgezanoni.com.br\/2019\/wp-content\/uploads\/2021\/08\/carro-300x225.jpeg 300w, https:\/\/jorgezanoni.com.br\/2019\/wp-content\/uploads\/2021\/08\/carro-768x576.jpeg 768w, https:\/\/jorgezanoni.com.br\/2019\/wp-content\/uploads\/2021\/08\/carro-80x60.jpeg 80w, https:\/\/jorgezanoni.com.br\/2019\/wp-content\/uploads\/2021\/08\/carro-265x198.jpeg 265w, https:\/\/jorgezanoni.com.br\/2019\/wp-content\/uploads\/2021\/08\/carro-696x522.jpeg 696w, https:\/\/jorgezanoni.com.br\/2019\/wp-content\/uploads\/2021\/08\/carro-560x420.jpeg 560w\" sizes=\"auto, (max-width: 984px) 100vw, 984px\" \/>Cadeirante morre ap\u00f3s ser atropelada por carro desgovernado em Dracena \u2014 Foto: Jorge Zanoni<\/p>\n<div class=\"mc-column content-text active-extra-styles \" style=\"text-align: justify;\" data-block-type=\"unstyled\" data-block-weight=\"30\" data-block-id=\"2\">\n<p class=\"content-text__container \" data-track-category=\"Link no Texto\" data-track-links=\"\">A Pol\u00edcia Civil instaurou um inqu\u00e9rito para apurar a morte de uma\u00a0<a href=\"https:\/\/g1.globo.com\/sp\/presidente-prudente-regiao\/noticia\/2021\/08\/13\/cadeirante-morre-apos-ser-atropelada-por-carro-desgovernado-em-dracena.ghtml\">cadeirante, de 74 anos, que foi atropelada\u00a0<\/a>nesta sexta-feira (13), por um carro desgovernado, em\u00a0<a href=\"https:\/\/g1.globo.com\/sp\/presidente-prudente-regiao\/cidade\/dracena\/\">Dracena (SP)<\/a>.<\/p>\n<\/div>\n<div class=\"wall protected-content\">\n<div class=\"mc-column content-text active-extra-styles \" style=\"text-align: justify;\" data-block-type=\"unstyled\" data-block-weight=\"40\" data-block-id=\"3\">\n<p class=\"content-text__container \" data-track-category=\"Link no Texto\" data-track-links=\"\">De acordo com a Pol\u00edcia Civil, o inqu\u00e9rito foi instaurado para apurar os crimes de homic\u00eddio culposo contra a motorista do ve\u00edculo, e dano e amea\u00e7a contra o filho da v\u00edtima, que danificou o carro que atingiu sua m\u00e3e.<\/p>\n<\/div>\n<div class=\"mc-column content-text active-extra-styles \" style=\"text-align: justify;\" data-block-type=\"unstyled\" data-block-weight=\"59\" data-block-id=\"4\">\n<p class=\"content-text__container \" data-track-category=\"Link no Texto\" data-track-links=\"\">Para a pol\u00edcia, a motorista do ve\u00edculo alegou que puxou o freio de m\u00e3o do carro, entrou na casa dela e pouco depois foi chamada por uma vizinha, que disse que o ve\u00edculo havia descido a rua. Ao sair de casa, a motorista viu que o carro invadiu a contram\u00e3o e j\u00e1 estava sendo danificado pelo filho da v\u00edtima.<\/p>\n<\/div>\n<div class=\"mc-column content-text active-extra-styles \" style=\"text-align: justify;\" data-block-type=\"unstyled\" data-block-weight=\"27\" data-block-id=\"5\">\n<p class=\"content-text__container \" data-track-category=\"Link no Texto\" data-track-links=\"\">Segundo a pol\u00edcia, foi nesse momento que a motorista percebeu que o ve\u00edculo havia atingido uma pessoa. A motorista e mais alguns familiares prestaram socorro \u00e0 v\u00edtima.<\/p>\n<\/div>\n<div class=\"mc-column content-text active-extra-styles \" style=\"text-align: justify;\" data-block-type=\"unstyled\" data-block-weight=\"58\" data-block-id=\"6\">\n<p class=\"content-text__container \" data-track-category=\"Link no Texto\" data-track-links=\"\">Ainda conforme a pol\u00edcia, a v\u00edtima era portadora de paralisia infantil e estava conversando com o filho na via p\u00fablica. Em determinado momento, o filho deixou a m\u00e3e debaixo da sombra de uma \u00e1rvore, perto da cal\u00e7ada, e entrou em casa pra organizar algumas coisas pra ir trabalhar. Foi nesse momento que a v\u00edtima foi atingida pelo autom\u00f3vel<\/p>\n<p data-track-category=\"Link no Texto\" data-track-links=\"\">De acordo com informa\u00e7\u00f5es da Pol\u00edcia Militar, a motorista estacionou o autom\u00f3vel em frente a sua casa e entrou na resid\u00eancia. Cerca de dez minutos depois, populares a avisaram que o carro estava descendo desgovernado.<\/p>\n<div class=\"mc-column content-text active-extra-styles \" data-block-type=\"unstyled\" data-block-weight=\"18\" data-block-id=\"19\">\n<p class=\"content-text__container \" data-track-category=\"Link no Texto\" data-track-links=\"\">Nesse momento, o carro atingiu Maria Aparecida da Silva, que \u00e9 cadeirante e estava em via p\u00fablica.<\/p>\n<\/div>\n<div class=\"mc-column content-text active-extra-styles \" data-block-type=\"unstyled\" data-block-weight=\"23\" data-block-id=\"20\">\n<p class=\"content-text__container \" data-track-category=\"Link no Texto\" data-track-links=\"\">O ve\u00edculo arrastou a v\u00edtima por cerca de dez metros. Depois disso, o autom\u00f3vel ainda continuou por mais 100 metros at\u00e9 parar.<\/p>\n<\/div>\n<div class=\"row medium-uncollapsed content-media content-photo\" data-block-type=\"backstage-photo\" data-block-id=\"21\">\n<div class=\"mc-column content-media__container\">\n<div class=\"content-media-container glb-skeleton-box\">\n<figure class=\"content-media-figure\"><img decoding=\"async\" class=\"i-amphtml-fill-content i-amphtml-replaced-content\" src=\"https:\/\/s2.glbimg.com\/1J8DOd_1SXHyqMcgWLmFS8sVALQ=\/0x0:800x600\/984x0\/smart\/filters:strip_icc()\/i.s3.glbimg.com\/v1\/AUTH_59edd422c0c84a879bd37670ae4f538a\/internal_photos\/bs\/2021\/W\/f\/TWyFjnRZaHu43hBEB0PA\/whatsapp-image-2021-08-13-at-16.20.48-1-.jpeg\" sizes=\"(max-width: 1366px) 648px, 100vw\" srcset=\"https:\/\/s2.glbimg.com\/8LhO7P6JCqHUvMAy7NnlBJtCojE=\/0x0:800x600\/1000x0\/smart\/filters:strip_icc()\/i.s3.glbimg.com\/v1\/AUTH_59edd422c0c84a879bd37670ae4f538a\/internal_photos\/bs\/2021\/W\/f\/TWyFjnRZaHu43hBEB0PA\/whatsapp-image-2021-08-13-at-16.20.48-1-.jpeg 1000w, https:\/\/s2.glbimg.com\/1J8DOd_1SXHyqMcgWLmFS8sVALQ=\/0x0:800x600\/984x0\/smart\/filters:strip_icc()\/i.s3.glbimg.com\/v1\/AUTH_59edd422c0c84a879bd37670ae4f538a\/internal_photos\/bs\/2021\/W\/f\/TWyFjnRZaHu43hBEB0PA\/whatsapp-image-2021-08-13-at-16.20.48-1-.jpeg 984w, https:\/\/s2.glbimg.com\/HSf7aVmKDpgQfmk1n07jC3pd_Rk=\/0x0:800x600\/640x0\/smart\/filters:strip_icc()\/i.s3.glbimg.com\/v1\/AUTH_59edd422c0c84a879bd37670ae4f538a\/internal_photos\/bs\/2021\/W\/f\/TWyFjnRZaHu43hBEB0PA\/whatsapp-image-2021-08-13-at-16.20.48-1-.jpeg 640w, https:\/\/s2.glbimg.com\/VYHRC-pRRrXKiQddFrhT8_bYtbk=\/0x0:800x600\/600x0\/smart\/filters:strip_icc()\/i.s3.glbimg.com\/v1\/AUTH_59edd422c0c84a879bd37670ae4f538a\/internal_photos\/bs\/2021\/W\/f\/TWyFjnRZaHu43hBEB0PA\/whatsapp-image-2021-08-13-at-16.20.48-1-.jpeg 600w\" alt=\"Cadeirante morre ap\u00f3s ser atropelada por carro desgovernado em Dracena  \u2014 Foto: Jorge Zanoni\" \/><\/figure>\n<\/div>\n<p class=\"content-media__description \">Cadeirante morre ap\u00f3s ser atropelada por carro desgovernado em Dracena \u2014 Foto: Jorge Zanoni<\/p>\n<\/div>\n<\/div>\n<div class=\"row medium-uncollapsed content-media content-photo\" data-block-type=\"backstage-photo\" data-block-id=\"22\">\n<div class=\"mc-column content-media__container\">\n<div class=\"content-media-container glb-skeleton-box\">\n<figure class=\"content-media-figure\"><img decoding=\"async\" class=\"i-amphtml-fill-content i-amphtml-replaced-content\" src=\"https:\/\/s2.glbimg.com\/IrS60lAhJ5F_AGBGrXKyIP61LSg=\/0x0:800x600\/984x0\/smart\/filters:strip_icc()\/i.s3.glbimg.com\/v1\/AUTH_59edd422c0c84a879bd37670ae4f538a\/internal_photos\/bs\/2021\/n\/h\/cfI6wSTTagSHOwSaiM9w\/whatsapp-image-2021-08-13-at-16.20.48.jpeg\" sizes=\"(max-width: 1366px) 648px, 100vw\" srcset=\"https:\/\/s2.glbimg.com\/e-1gx7jzINja6jfjq0-_XkZCBhs=\/0x0:800x600\/1000x0\/smart\/filters:strip_icc()\/i.s3.glbimg.com\/v1\/AUTH_59edd422c0c84a879bd37670ae4f538a\/internal_photos\/bs\/2021\/n\/h\/cfI6wSTTagSHOwSaiM9w\/whatsapp-image-2021-08-13-at-16.20.48.jpeg 1000w, https:\/\/s2.glbimg.com\/IrS60lAhJ5F_AGBGrXKyIP61LSg=\/0x0:800x600\/984x0\/smart\/filters:strip_icc()\/i.s3.glbimg.com\/v1\/AUTH_59edd422c0c84a879bd37670ae4f538a\/internal_photos\/bs\/2021\/n\/h\/cfI6wSTTagSHOwSaiM9w\/whatsapp-image-2021-08-13-at-16.20.48.jpeg 984w, https:\/\/s2.glbimg.com\/dlhs6AqJGSikYtvvPVv4nzQtyXs=\/0x0:800x600\/640x0\/smart\/filters:strip_icc()\/i.s3.glbimg.com\/v1\/AUTH_59edd422c0c84a879bd37670ae4f538a\/internal_photos\/bs\/2021\/n\/h\/cfI6wSTTagSHOwSaiM9w\/whatsapp-image-2021-08-13-at-16.20.48.jpeg 640w, https:\/\/s2.glbimg.com\/5jNptd4ZYi2s_RDBwlkhQMUzY1Q=\/0x0:800x600\/600x0\/smart\/filters:strip_icc()\/i.s3.glbimg.com\/v1\/AUTH_59edd422c0c84a879bd37670ae4f538a\/internal_photos\/bs\/2021\/n\/h\/cfI6wSTTagSHOwSaiM9w\/whatsapp-image-2021-08-13-at-16.20.48.jpeg 600w\" alt=\"Cadeirante morre ap\u00f3s ser atropelada por carro desgovernado em Dracena  \u2014 Foto: Jorge Zanoni \" \/><\/figure>\n<\/div>\n<p class=\"content-media__description \">Cadeirante morre ap\u00f3s ser atropelada por carro desgovernado em Dracena \u2014 Foto: Jorge Zanoni<\/p>\n<\/div>\n<\/div>\n<\/div>\n<div class=\"content-ads content-ads--reveal\" data-block-type=\"ads\" data-block-id=\"7\">\n<div id=\"banner_materia2\" class=\"tag-manager-publicidade-container mc-has-reveal mc-has-ad-lazyload tag-manager-publicidade-banner_materia2 tag-manager-publicidade-container--carregado tag-manager-publicidade-container--visivel\" style=\"text-align: justify;\" data-id=\"banner_materia2\" data-req=\"true\" data-google-query-id=\"CO7L1eStsfICFYIFuQYd-hoHjQ\" data-cid=\"138351520451\" data-lid=\"5708682373\">Fonte: https:\/\/g1.globo.com\/sp\/presidente-prudente-regiao\/noticia\/2021\/08\/14\/policia-civil-abre-inquerito-para-investigar-morte-de-cadeirante-atropelada-por-carro-desgovernado-em-dracena.ghtml<\/div>\n<div data-id=\"banner_materia2\" data-req=\"true\" data-google-query-id=\"CO7L1eStsfICFYIFuQYd-hoHjQ\" data-cid=\"138351520451\" data-lid=\"5708682373\"><\/div>\n<\/div>\n<div data-id=\"banner_materia2\" data-req=\"true\" data-google-query-id=\"CO7L1eStsfICFYIFuQYd-hoHjQ\" data-cid=\"138351520451\" data-lid=\"5708682373\">Comp. Jorge Zanoni<\/div>\n<\/div>\n","protected":false},"excerpt":{"rendered":"<p>Investiga\u00e7\u00e3o vai apurar os crimes de homic\u00eddio culposo contra a motorista do ve\u00edculo e dano e amea\u00e7a contra o filho da v\u00edtima. Cadeirante morre ap\u00f3s ser atropelada por carro desgovernado em Dracena \u2014 Foto: Jorge Zanoni A Pol\u00edcia Civil instaurou um inqu\u00e9rito para apurar a morte de uma\u00a0cadeirante, de 74 anos, que foi atropelada\u00a0nesta sexta-feira [&hellip;]<\/p>\n","protected":false},"author":1,"featured_media":52330,"comment_status":"closed","ping_status":"open","sticky":false,"template":"","format":"standard","meta":{"footnotes":""},"categories":[170,110],"tags":[],"class_list":["post-52328","post","type-post","status-publish","format-standard","has-post-thumbnail","hentry","category-acidentes","category-noticiasdestaque"],"_links":{"self":[{"href":"https:\/\/jorgezanoni.com.br\/2019\/wp-json\/wp\/v2\/posts\/52328","targetHints":{"allow":["GET"]}}],"collection":[{"href":"https:\/\/jorgezanoni.com.br\/2019\/wp-json\/wp\/v2\/posts"}],"about":[{"href":"https:\/\/jorgezanoni.com.br\/2019\/wp-json\/wp\/v2\/types\/post"}],"author":[{"embeddable":true,"href":"https:\/\/jorgezanoni.com.br\/2019\/wp-json\/wp\/v2\/users\/1"}],"replies":[{"embeddable":true,"href":"https:\/\/jorgezanoni.com.br\/2019\/wp-json\/wp\/v2\/comments?post=52328"}],"version-history":[{"count":0,"href":"https:\/\/jorgezanoni.com.br\/2019\/wp-json\/wp\/v2\/posts\/52328\/revisions"}],"wp:featuredmedia":[{"embeddable":true,"href":"https:\/\/jorgezanoni.com.br\/2019\/wp-json\/wp\/v2\/media\/52330"}],"wp:attachment":[{"href":"https:\/\/jorgezanoni.com.br\/2019\/wp-json\/wp\/v2\/media?parent=52328"}],"wp:term":[{"taxonomy":"category","embeddable":true,"href":"https:\/\/jorgezanoni.com.br\/2019\/wp-json\/wp\/v2\/categories?post=52328"},{"taxonomy":"post_tag","embeddable":true,"href":"https:\/\/jorgezanoni.com.br\/2019\/wp-json\/wp\/v2\/tags?post=52328"}],"curies":[{"name":"wp","href":"https:\/\/api.w.org\/{rel}","templated":true}]}}