{"id":52310,"date":"2021-08-14T17:34:12","date_gmt":"2021-08-14T17:34:12","guid":{"rendered":"https:\/\/jorgezanoni.com.br\/2019\/?p=52310"},"modified":"2021-08-14T17:34:12","modified_gmt":"2021-08-14T17:34:12","slug":"mateus-de-sa-visita-a-administracao-da-fundec-apos-retornar-das-olimpiadas-de-toquio","status":"publish","type":"post","link":"https:\/\/jorgezanoni.com.br\/2019\/mateus-de-sa-visita-a-administracao-da-fundec-apos-retornar-das-olimpiadas-de-toquio\/","title":{"rendered":"Mateus de S\u00e1 visita a administra\u00e7\u00e3o da Fundec ap\u00f3s retornar das Olimp\u00edadas de T\u00f3quio"},"content":{"rendered":"<p style=\"text-align: justify;\"><span style=\"font-size: large;\">O dracenense de 25 anos, especialista em salto triplo, Mateus Daniel Ad\u00e3o de S\u00e1, um dos representantes brasileiros na modalidade durante as Olimp\u00edadas de T\u00f3quio, visitou a Fundec na \u00faltima quinta-feira (12).<\/span><\/p>\n<p><span style=\"font-size: large;\">Recebido pelo diretor executivo Edson Kai e pelo secret\u00e1rio assistente Fernando Nunes, Mateus de S\u00e1 comentou sobre sua carreira e o trabalho que vem desenvolvendo, al\u00e9m de dar detalhes de como foi sua participa\u00e7\u00e3o na maior competi\u00e7\u00e3o esportiva do planeta.<\/span><\/p>\n<p><span style=\"font-size: large;\">No encontro, estiveram em pauta seus projetos futuros, suas prioridades e os preparativos para Paris 2024, al\u00e9m de uma poss\u00edvel parceria de patroc\u00ednio e incentivo para o atleta com o objetivo de divulgar as unidades educacionais da Fundec nacional e internacionalmente.<\/span><\/p>\n<p><span style=\"font-size: large;\">Com 1,84 m de altura e 82 kg, o jovem atleta dracenense terminou a fase classificat\u00f3ria das Olimp\u00edadas de T\u00f3quio com 16,49 m, a melhor marca entre os tr\u00eas brasileiros na disputa.<\/span><\/p>\n<p><span style=\"font-size: large;\">Agora, Mateus de S\u00e1 segue com sua rotina de treinamento em S\u00e3o Paulo, no Esporte Clube Pinheiros, focado nos pr\u00f3ximos campeonatos nacionais e mundiais.<\/span><\/p>\n<p>Fonte: Departamento de Comunica\u00e7\u00e3o da Fundec<\/p>\n","protected":false},"excerpt":{"rendered":"<p>O dracenense de 25 anos, especialista em salto triplo, Mateus Daniel Ad\u00e3o de S\u00e1, um dos representantes brasileiros na modalidade durante as Olimp\u00edadas de T\u00f3quio, visitou a Fundec na \u00faltima quinta-feira (12). Recebido pelo diretor executivo Edson Kai e pelo secret\u00e1rio assistente Fernando Nunes, Mateus de S\u00e1 comentou sobre sua carreira e o trabalho que [&hellip;]<\/p>\n","protected":false},"author":1,"featured_media":52311,"comment_status":"closed","ping_status":"open","sticky":false,"template":"","format":"standard","meta":{"footnotes":""},"categories":[110,122],"tags":[],"class_list":["post-52310","post","type-post","status-publish","format-standard","has-post-thumbnail","hentry","category-noticiasdestaque","category-saudeeducacaoeconcurso"],"_links":{"self":[{"href":"https:\/\/jorgezanoni.com.br\/2019\/wp-json\/wp\/v2\/posts\/52310","targetHints":{"allow":["GET"]}}],"collection":[{"href":"https:\/\/jorgezanoni.com.br\/2019\/wp-json\/wp\/v2\/posts"}],"about":[{"href":"https:\/\/jorgezanoni.com.br\/2019\/wp-json\/wp\/v2\/types\/post"}],"author":[{"embeddable":true,"href":"https:\/\/jorgezanoni.com.br\/2019\/wp-json\/wp\/v2\/users\/1"}],"replies":[{"embeddable":true,"href":"https:\/\/jorgezanoni.com.br\/2019\/wp-json\/wp\/v2\/comments?post=52310"}],"version-history":[{"count":0,"href":"https:\/\/jorgezanoni.com.br\/2019\/wp-json\/wp\/v2\/posts\/52310\/revisions"}],"wp:featuredmedia":[{"embeddable":true,"href":"https:\/\/jorgezanoni.com.br\/2019\/wp-json\/wp\/v2\/media\/52311"}],"wp:attachment":[{"href":"https:\/\/jorgezanoni.com.br\/2019\/wp-json\/wp\/v2\/media?parent=52310"}],"wp:term":[{"taxonomy":"category","embeddable":true,"href":"https:\/\/jorgezanoni.com.br\/2019\/wp-json\/wp\/v2\/categories?post=52310"},{"taxonomy":"post_tag","embeddable":true,"href":"https:\/\/jorgezanoni.com.br\/2019\/wp-json\/wp\/v2\/tags?post=52310"}],"curies":[{"name":"wp","href":"https:\/\/api.w.org\/{rel}","templated":true}]}}