{"id":52306,"date":"2021-08-14T17:12:49","date_gmt":"2021-08-14T17:12:49","guid":{"rendered":"https:\/\/jorgezanoni.com.br\/2019\/?p=52306"},"modified":"2021-08-14T17:13:26","modified_gmt":"2021-08-14T17:13:26","slug":"unifadra-oferece-o-curso-de-extensao-psicologia-e-praticas-clinicas","status":"publish","type":"post","link":"https:\/\/jorgezanoni.com.br\/2019\/unifadra-oferece-o-curso-de-extensao-psicologia-e-praticas-clinicas\/","title":{"rendered":"Unifadra oferece o curso de extens\u00e3o Psicologia e Pr\u00e1ticas Cl\u00ednicas"},"content":{"rendered":"<p style=\"text-align: justify;\"><span style=\"font-size: large;\">At\u00e9 o dia 20 de agosto, est\u00e3o abertas na Unifadra de Dracena as inscri\u00e7\u00f5es para o curso de extens\u00e3o &#8220;Psicologia e Pr\u00e1ticas Cl\u00ednicas&#8221;, que oferece aprofundamento em tr\u00eas frentes de abordagem psicol\u00f3gica: a cognitivo-comportamental, a fenomenologia existencial e a psican\u00e1lise.<\/span><\/p>\n<p><span style=\"font-size: large;\">Promovido pelo departamento de Psicologia, o curso \u00e9 voltado a profissionais de psicologia, que dever\u00e3o optar por uma das tr\u00eas frentes propostas para ter as aulas te\u00f3ricas de aprofundamento, a atua\u00e7\u00e3o pr\u00e1tica e a supervis\u00e3o cl\u00ednica (que s\u00e3o as discuss\u00f5es de situa\u00e7\u00f5es cl\u00ednicas).<\/span><\/p>\n<p><span style=\"font-size: large;\">Cada frente de estudo ser\u00e1 orientada por um especialista: a cognitivo-comportamental pela Profa. Esp. F\u00e1tima Simone Consoni; a fenomenologia existencial pela Profa. Ma. Andr\u00e9a Frizo de Carvalho Barbosa e a psican\u00e1lise pelo Prof. Esp. Eduardo Antoniassi.<\/span><\/p>\n<p><span style=\"font-size: large;\">Segundo a Profa. Ma. Andrea Frizo de Carvalho Barbosa, coordenadora do curso de Psicologia da Unifadra, este curso de extens\u00e3o preconiza a atua\u00e7\u00e3o cl\u00ednica pr\u00e1tica, ou seja, o aluno vai assistir pessoas da comunidade que est\u00e3o aguardando atendimento na cl\u00ednica-escola, trazendo alguns destes casos para o espa\u00e7o supervisionado, em que essas situa\u00e7\u00f5es cl\u00ednicas ser\u00e3o discutidas visando ao desenvolvimento do processo terap\u00eautico do paciente e ao aprimoramento da forma\u00e7\u00e3o profissional dos psic\u00f3logos participantes.<\/span><\/p>\n<p><span style=\"font-size: large;\">&#8220;Estamos observando um aumento da procura por acompanhamento e assist\u00eancia psicol\u00f3gica neste tempo pand\u00eamico, ent\u00e3o, este curso de extens\u00e3o nasce com o objetivo de criar estrat\u00e9gias para incrementar o atendimento gratuito \u00e0s necessidades da comunidade e acolher esse sofrimento &#8211; o que j\u00e1 \u00e9 feito pela cl\u00ednica-escola da Unifadra. Al\u00e9m disso, o formato deste curso fortalece o processo formativo e de aprimoramento de profissionais que j\u00e1 est\u00e3o atuando e cria espa\u00e7os para o aprofundamento de discuss\u00f5es sobre situa\u00e7\u00f5es cl\u00ednicas&#8221;, finaliza a coordenadora.<\/span><\/p>\n<p><span style=\"font-size: large;\"><b>Curso de Extens\u00e3o &#8211; Psicologia e Pr\u00e1ticas Cl\u00ednicas<\/b><\/span><br \/>\n<span style=\"font-size: large;\">P\u00fablico-alvo: profissionais de psicologia<\/span><br \/>\n<span style=\"font-size: large;\">Frentes de abordagem: cognitivo-comportamental, fenomenologia existencial e psican\u00e1lise<\/span><\/p>\n<p><span style=\"font-size: large;\"><b>Inscri\u00e7\u00f5es<\/b>: at\u00e9 20\/08<\/span><br \/>\n<span style=\"font-size: large;\">Investimento: 6 x R$ 120,00 (R$ 720,00)<\/span><br \/>\n<span style=\"font-size: large;\">Per\u00edodo do curso: agosto de 2021 a janeiro de 2022 (6 meses)<\/span><\/p>\n<p><span style=\"font-size: large;\"><b>Mais informa\u00e7\u00f5es:<\/b><\/span><br \/>\n<span style=\"font-size: large;\">&#8211; Secretaria Geral da Fundec: (18) 3821-9000<\/span><br \/>\n<span style=\"font-size: large;\">&#8211; Ramal do curso de Psicologia: 9065<\/span><br \/>\n<span style=\"font-size: large;\">&#8211; WhatsApp: (18) 99119-2181<\/span><\/p>\n<p>Fonte: Departamento de Comunica\u00e7\u00e3o da Fundec<\/p>\n","protected":false},"excerpt":{"rendered":"<p>At\u00e9 o dia 20 de agosto, est\u00e3o abertas na Unifadra de Dracena as inscri\u00e7\u00f5es para o curso de extens\u00e3o &#8220;Psicologia e Pr\u00e1ticas Cl\u00ednicas&#8221;, que oferece aprofundamento em tr\u00eas frentes de abordagem psicol\u00f3gica: a cognitivo-comportamental, a fenomenologia existencial e a psican\u00e1lise. Promovido pelo departamento de Psicologia, o curso \u00e9 voltado a profissionais de psicologia, que dever\u00e3o [&hellip;]<\/p>\n","protected":false},"author":1,"featured_media":52307,"comment_status":"closed","ping_status":"open","sticky":false,"template":"","format":"standard","meta":{"footnotes":""},"categories":[122],"tags":[],"class_list":["post-52306","post","type-post","status-publish","format-standard","has-post-thumbnail","hentry","category-saudeeducacaoeconcurso"],"_links":{"self":[{"href":"https:\/\/jorgezanoni.com.br\/2019\/wp-json\/wp\/v2\/posts\/52306","targetHints":{"allow":["GET"]}}],"collection":[{"href":"https:\/\/jorgezanoni.com.br\/2019\/wp-json\/wp\/v2\/posts"}],"about":[{"href":"https:\/\/jorgezanoni.com.br\/2019\/wp-json\/wp\/v2\/types\/post"}],"author":[{"embeddable":true,"href":"https:\/\/jorgezanoni.com.br\/2019\/wp-json\/wp\/v2\/users\/1"}],"replies":[{"embeddable":true,"href":"https:\/\/jorgezanoni.com.br\/2019\/wp-json\/wp\/v2\/comments?post=52306"}],"version-history":[{"count":0,"href":"https:\/\/jorgezanoni.com.br\/2019\/wp-json\/wp\/v2\/posts\/52306\/revisions"}],"wp:featuredmedia":[{"embeddable":true,"href":"https:\/\/jorgezanoni.com.br\/2019\/wp-json\/wp\/v2\/media\/52307"}],"wp:attachment":[{"href":"https:\/\/jorgezanoni.com.br\/2019\/wp-json\/wp\/v2\/media?parent=52306"}],"wp:term":[{"taxonomy":"category","embeddable":true,"href":"https:\/\/jorgezanoni.com.br\/2019\/wp-json\/wp\/v2\/categories?post=52306"},{"taxonomy":"post_tag","embeddable":true,"href":"https:\/\/jorgezanoni.com.br\/2019\/wp-json\/wp\/v2\/tags?post=52306"}],"curies":[{"name":"wp","href":"https:\/\/api.w.org\/{rel}","templated":true}]}}