{"id":52271,"date":"2021-08-13T23:52:05","date_gmt":"2021-08-13T23:52:05","guid":{"rendered":"https:\/\/jorgezanoni.com.br\/2019\/?p=52271"},"modified":"2021-08-13T23:52:05","modified_gmt":"2021-08-13T23:52:05","slug":"policia-civil-prende-homem-foragido-do-sistema-penal-em-pauliceia","status":"publish","type":"post","link":"https:\/\/jorgezanoni.com.br\/2019\/policia-civil-prende-homem-foragido-do-sistema-penal-em-pauliceia\/","title":{"rendered":"Pol\u00edcia Civil prende homem foragido do sistema penal em Paulic\u00e9ia"},"content":{"rendered":"<p style=\"text-align: justify;\"><strong>O homem preso era considerado procurado por n\u00e3o ter retornado de uma sa\u00edda tempor\u00e1ria.<\/strong><\/p>\n<p style=\"text-align: justify;\">A Pol\u00edcia Civil, por interm\u00e9dio da Delegacia de Pol\u00edcia de Paulic\u00e9ia, prendeu nesta quinta-feira (12), um homem de 25 anos, que era foragido desde o \u00faltimo m\u00eas maio, quando passou a ser considerado evadido, do Centro de Progress\u00e3o Penitenci\u00e1ria de Pacaembu. O homem era benefici\u00e1rio da sa\u00edda tempor\u00e1ria e n\u00e3o retornou ao presidio no prazo estabelecido pela Justi\u00e7a.<\/p>\n<p style=\"text-align: justify;\">A a\u00e7\u00e3o de recaptura foi realizada por agentes da Delegacia de Pol\u00edcia de Paulic\u00e9ia, e que contou com apoio dos trabalhos de levantamentos de dados do Centro de Intelig\u00eancia Policia &#8211; CIP, da Delegacia Seccional de Pol\u00edcia de Dracena.<\/p>\n<p style=\"text-align: justify;\">Ap\u00f3s os procedimentos de pol\u00edcia judici\u00e1ria, o homem recapturado foi recolhido ao sistema prisional, ficando \u00e0 disposi\u00e7\u00e3o da Justi\u00e7a.<\/p>\n<p style=\"text-align: justify;\">Fonte: Com. Social Pol\u00edcia Civ\u00edl<\/p>\n","protected":false},"excerpt":{"rendered":"<p>O homem preso era considerado procurado por n\u00e3o ter retornado de uma sa\u00edda tempor\u00e1ria. A Pol\u00edcia Civil, por interm\u00e9dio da Delegacia de Pol\u00edcia de Paulic\u00e9ia, prendeu nesta quinta-feira (12), um homem de 25 anos, que era foragido desde o \u00faltimo m\u00eas maio, quando passou a ser considerado evadido, do Centro de Progress\u00e3o Penitenci\u00e1ria de Pacaembu. [&hellip;]<\/p>\n","protected":false},"author":1,"featured_media":52272,"comment_status":"closed","ping_status":"open","sticky":false,"template":"","format":"standard","meta":{"footnotes":""},"categories":[110,2],"tags":[],"class_list":["post-52271","post","type-post","status-publish","format-standard","has-post-thumbnail","hentry","category-noticiasdestaque","category-policial"],"_links":{"self":[{"href":"https:\/\/jorgezanoni.com.br\/2019\/wp-json\/wp\/v2\/posts\/52271","targetHints":{"allow":["GET"]}}],"collection":[{"href":"https:\/\/jorgezanoni.com.br\/2019\/wp-json\/wp\/v2\/posts"}],"about":[{"href":"https:\/\/jorgezanoni.com.br\/2019\/wp-json\/wp\/v2\/types\/post"}],"author":[{"embeddable":true,"href":"https:\/\/jorgezanoni.com.br\/2019\/wp-json\/wp\/v2\/users\/1"}],"replies":[{"embeddable":true,"href":"https:\/\/jorgezanoni.com.br\/2019\/wp-json\/wp\/v2\/comments?post=52271"}],"version-history":[{"count":0,"href":"https:\/\/jorgezanoni.com.br\/2019\/wp-json\/wp\/v2\/posts\/52271\/revisions"}],"wp:featuredmedia":[{"embeddable":true,"href":"https:\/\/jorgezanoni.com.br\/2019\/wp-json\/wp\/v2\/media\/52272"}],"wp:attachment":[{"href":"https:\/\/jorgezanoni.com.br\/2019\/wp-json\/wp\/v2\/media?parent=52271"}],"wp:term":[{"taxonomy":"category","embeddable":true,"href":"https:\/\/jorgezanoni.com.br\/2019\/wp-json\/wp\/v2\/categories?post=52271"},{"taxonomy":"post_tag","embeddable":true,"href":"https:\/\/jorgezanoni.com.br\/2019\/wp-json\/wp\/v2\/tags?post=52271"}],"curies":[{"name":"wp","href":"https:\/\/api.w.org\/{rel}","templated":true}]}}