{"id":52268,"date":"2021-08-13T23:31:26","date_gmt":"2021-08-13T23:31:26","guid":{"rendered":"https:\/\/jorgezanoni.com.br\/2019\/?p=52268"},"modified":"2021-08-13T23:31:26","modified_gmt":"2021-08-13T23:31:26","slug":"policiais-militares-da-4a-cia-pm-sediada-em-tupi-paulista-sao-eleitos-pm-do-mes-de-julho-do-comando-de-policiamento-do-interior-8","status":"publish","type":"post","link":"https:\/\/jorgezanoni.com.br\/2019\/policiais-militares-da-4a-cia-pm-sediada-em-tupi-paulista-sao-eleitos-pm-do-mes-de-julho-do-comando-de-policiamento-do-interior-8\/","title":{"rendered":"Policiais Militares da 4\u00aa Cia. PM sediada em Tupi Paulista s\u00e3o eleitos PM do m\u00eas de julho do Comando de Policiamento do Interior 8"},"content":{"rendered":"<p style=\"text-align: justify;\">O 1\u00ba Ten PM Victor Augusto Carli e o Cb PM Ricardo Mendes Amigo Tuci, foram eleitos &#8220;Policiais Militares do M\u00eas de Julho&#8221; de 2021 do 25\u00ba BPM\/I, bem como do CPI-8, em reconhecimento ao excelente trabalho desempenhado na \u00e1rea da 4\u00aa Cia PM, bem como em outras \u00e1reas pelo Batalh\u00e3o, destacando-se no cumprimento de suas miss\u00f5es e desenvolvendo suas fun\u00e7\u00f5es operacionais com extremo comprometimento. Cabe ressaltar a atua\u00e7\u00e3o dos policiais em 30 de junho de 2021 quando, de servi\u00e7o na equipe de Comando For\u00e7a Patrulha, foram informados, via COPOM, sobre um roubo em propriedade rural, onde 2 (dois) indiv\u00edduos, armados com uma pistola, teriam rendido a v\u00edtima, o amarrado, subtra\u00eddo uma certa quantidade de dinheiro e uma caminhonete. De imediato iniciou dilig\u00eancias, obtendo \u00eaxito em localizar os autores trafegando pela rodovia SP-294. Ao serem abordados, confessaram o crime e informaram que o armamento seria um simulacro. Em vistoria veicular, foi localizada uma carteira com o dinheiro roubado da v\u00edtima, R$ 18.336,00 e 01 D\u00f3lar. Diante dos fatos, foi exarada a voz de pris\u00e3o em flagrante pela pr\u00e1tica do crime de roubo permanecendo presos \u00e0 disposi\u00e7\u00e3o da Justi\u00e7a. Salienta-se, tamb\u00e9m, sua grande atua\u00e7\u00e3o no dia 14 julho de 2021, ap\u00f3s serem acionados via COPOM, para atendimento de ocorr\u00eancia de amea\u00e7a e c\u00e1rcere privado pelo munic\u00edpio de Tupi Paulista\/SP, onde um indiv\u00edduo, ap\u00f3s desentendimento familiar, havia fechado o port\u00e3o da resid\u00eancia e, com uma faca em m\u00e3os, mantinha em c\u00e1rcere no interior do local 05 (cinco) v\u00edtimas, 02 (duas) crian\u00e7as, 02 (dois) adultos e 01 (uma) senhora de 63 (sessenta e tr\u00eas) anos. Com sua grande contribui\u00e7\u00e3o durante a negocia\u00e7\u00e3o, o Cb PM Tucci forneceu informa\u00e7\u00f5es importantes para a negocia\u00e7\u00e3o, do gerente da crise 1\u00ba Ten PM Carli que agiu exemplarmente coordenando e gerenciamento a crise, sendo poss\u00edvel, ap\u00f3s aproximadamente 50 minutos de negocia\u00e7\u00f5es, retirar os familiares de dentro da resid\u00eancia em seguran\u00e7a, permanecendo somente o autor no interior do quintal. Com o autor extremamente alterado, ainda em poder de uma faca e amea\u00e7ando atentar contra a pr\u00f3pria vida, permaneceu aproximadamente mais 01 (um) hora auxiliando na negocia\u00e7\u00e3o at\u00e9 que o autor largou a faca e se entregou, tamb\u00e9m ileso. Dedicados \u00e0 causa p\u00fablica, os agraciados s\u00e3o merecedores de tal homenagem, sendo proeminente a presteza em bem servir a popula\u00e7\u00e3o e o interesse pelo servi\u00e7o policial, al\u00e9m do devotamento para garantia da seguran\u00e7a da popula\u00e7\u00e3o local.<br \/>\n#25BPMI<br \/>\n#cpi8<br \/>\n#POLICIAMILITARSP<br \/>\n#AFOR\u00c7AP\u00daBLICADES\u00c3OPAULO<\/p>\n","protected":false},"excerpt":{"rendered":"<p>O 1\u00ba Ten PM Victor Augusto Carli e o Cb PM Ricardo Mendes Amigo Tuci, foram eleitos &#8220;Policiais Militares do M\u00eas de Julho&#8221; de 2021 do 25\u00ba BPM\/I, bem como do CPI-8, em reconhecimento ao excelente trabalho desempenhado na \u00e1rea da 4\u00aa Cia PM, bem como em outras \u00e1reas pelo Batalh\u00e3o, destacando-se no cumprimento de [&hellip;]<\/p>\n","protected":false},"author":1,"featured_media":52269,"comment_status":"closed","ping_status":"open","sticky":false,"template":"","format":"standard","meta":{"footnotes":""},"categories":[110,2],"tags":[],"class_list":["post-52268","post","type-post","status-publish","format-standard","has-post-thumbnail","hentry","category-noticiasdestaque","category-policial"],"_links":{"self":[{"href":"https:\/\/jorgezanoni.com.br\/2019\/wp-json\/wp\/v2\/posts\/52268","targetHints":{"allow":["GET"]}}],"collection":[{"href":"https:\/\/jorgezanoni.com.br\/2019\/wp-json\/wp\/v2\/posts"}],"about":[{"href":"https:\/\/jorgezanoni.com.br\/2019\/wp-json\/wp\/v2\/types\/post"}],"author":[{"embeddable":true,"href":"https:\/\/jorgezanoni.com.br\/2019\/wp-json\/wp\/v2\/users\/1"}],"replies":[{"embeddable":true,"href":"https:\/\/jorgezanoni.com.br\/2019\/wp-json\/wp\/v2\/comments?post=52268"}],"version-history":[{"count":0,"href":"https:\/\/jorgezanoni.com.br\/2019\/wp-json\/wp\/v2\/posts\/52268\/revisions"}],"wp:featuredmedia":[{"embeddable":true,"href":"https:\/\/jorgezanoni.com.br\/2019\/wp-json\/wp\/v2\/media\/52269"}],"wp:attachment":[{"href":"https:\/\/jorgezanoni.com.br\/2019\/wp-json\/wp\/v2\/media?parent=52268"}],"wp:term":[{"taxonomy":"category","embeddable":true,"href":"https:\/\/jorgezanoni.com.br\/2019\/wp-json\/wp\/v2\/categories?post=52268"},{"taxonomy":"post_tag","embeddable":true,"href":"https:\/\/jorgezanoni.com.br\/2019\/wp-json\/wp\/v2\/tags?post=52268"}],"curies":[{"name":"wp","href":"https:\/\/api.w.org\/{rel}","templated":true}]}}