{"id":52265,"date":"2021-08-13T23:12:24","date_gmt":"2021-08-13T23:12:24","guid":{"rendered":"https:\/\/jorgezanoni.com.br\/2019\/?p=52265"},"modified":"2021-08-13T23:12:24","modified_gmt":"2021-08-13T23:12:24","slug":"sem-tregua-para-o-crime-policia-militar-prende-homem-por-trafico-de-drogas-em-dracena","status":"publish","type":"post","link":"https:\/\/jorgezanoni.com.br\/2019\/sem-tregua-para-o-crime-policia-militar-prende-homem-por-trafico-de-drogas-em-dracena\/","title":{"rendered":"SEM TR\u00c9GUA PARA O CRIME: Pol\u00edcia Militar prende homem por Tr\u00e1fico de Drogas em Dracena"},"content":{"rendered":"<p style=\"text-align: justify;\">Na data de hoje (13) por volta das 11h10min a equipe da Pol\u00edcia Militar em Dracena realizava patrulhamento na estrada de terra Rua Marques de Oliveira, sendo avistado o indiv\u00edduo (39 anos) conduzindo uma motocicleta Honda em atitude suspeita e com isso foi dado ordem de parada, n\u00e3o sendo obedecido. O condutor perdeu o controle caindo no solo e rapidamente levantou e jogou o capacete e uma sacola de cor branca no ch\u00e3o entrando em um pasto e sendo acompanhado e detido. Ao ser verificado o interior da sacola, foi localizado certa quantidade de crack. Dado voz de pris\u00e3o pelo crime de tr\u00e1fico de drogas permanecendo \u00e0 disposi\u00e7\u00e3o da Justi\u00e7a.<\/p>\n<p style=\"text-align: justify;\">Fonte: Com. Social Pol\u00edcia Militar<\/p>\n","protected":false},"excerpt":{"rendered":"<p>Na data de hoje (13) por volta das 11h10min a equipe da Pol\u00edcia Militar em Dracena realizava patrulhamento na estrada de terra Rua Marques de Oliveira, sendo avistado o indiv\u00edduo (39 anos) conduzindo uma motocicleta Honda em atitude suspeita e com isso foi dado ordem de parada, n\u00e3o sendo obedecido. O condutor perdeu o controle [&hellip;]<\/p>\n","protected":false},"author":1,"featured_media":52266,"comment_status":"closed","ping_status":"open","sticky":false,"template":"","format":"standard","meta":{"footnotes":""},"categories":[110,2],"tags":[],"class_list":["post-52265","post","type-post","status-publish","format-standard","has-post-thumbnail","hentry","category-noticiasdestaque","category-policial"],"_links":{"self":[{"href":"https:\/\/jorgezanoni.com.br\/2019\/wp-json\/wp\/v2\/posts\/52265","targetHints":{"allow":["GET"]}}],"collection":[{"href":"https:\/\/jorgezanoni.com.br\/2019\/wp-json\/wp\/v2\/posts"}],"about":[{"href":"https:\/\/jorgezanoni.com.br\/2019\/wp-json\/wp\/v2\/types\/post"}],"author":[{"embeddable":true,"href":"https:\/\/jorgezanoni.com.br\/2019\/wp-json\/wp\/v2\/users\/1"}],"replies":[{"embeddable":true,"href":"https:\/\/jorgezanoni.com.br\/2019\/wp-json\/wp\/v2\/comments?post=52265"}],"version-history":[{"count":0,"href":"https:\/\/jorgezanoni.com.br\/2019\/wp-json\/wp\/v2\/posts\/52265\/revisions"}],"wp:featuredmedia":[{"embeddable":true,"href":"https:\/\/jorgezanoni.com.br\/2019\/wp-json\/wp\/v2\/media\/52266"}],"wp:attachment":[{"href":"https:\/\/jorgezanoni.com.br\/2019\/wp-json\/wp\/v2\/media?parent=52265"}],"wp:term":[{"taxonomy":"category","embeddable":true,"href":"https:\/\/jorgezanoni.com.br\/2019\/wp-json\/wp\/v2\/categories?post=52265"},{"taxonomy":"post_tag","embeddable":true,"href":"https:\/\/jorgezanoni.com.br\/2019\/wp-json\/wp\/v2\/tags?post=52265"}],"curies":[{"name":"wp","href":"https:\/\/api.w.org\/{rel}","templated":true}]}}