{"id":52227,"date":"2021-08-13T20:00:56","date_gmt":"2021-08-13T20:00:56","guid":{"rendered":"https:\/\/jorgezanoni.com.br\/2019\/?p=52227"},"modified":"2021-08-13T22:25:09","modified_gmt":"2021-08-13T22:25:09","slug":"cadeirante-morre-atropelada-por-veiculo-desgovernado-em-bairro-de-dracena","status":"publish","type":"post","link":"https:\/\/jorgezanoni.com.br\/2019\/cadeirante-morre-atropelada-por-veiculo-desgovernado-em-bairro-de-dracena\/","title":{"rendered":"Cadeirante morre atropelada por ve\u00edculo desgovernado em Bairro de Dracena"},"content":{"rendered":"<p style=\"text-align: justify;\"><strong>A V\u00edtima fatal \u00e9 a senhora Maria Aparecida da Silva de 74 anos.<\/strong><\/p>\n<p style=\"text-align: justify;\">Por volta de 13:15 Horas desta sexta-feira (13), foi registrado um acidente com v\u00edtima fatal na Rua Prof. Pedro Ribeiro Bueno no Conjunto Habitacional Valdir Barbosa, na entrada do Jardim Brasil\u00e2ndia em Dracena.<\/p>\n<p style=\"text-align: justify;\">Segundo informa\u00e7\u00f5es obtidas no local pela reportagem do Site JZ, por parentes da v\u00edtima, um ve\u00edculo Volkswagem Polo, placas de Dracena, desceu desgovernando pela rua mencionada, e atropelou a cadeirante que estava no meio fio em frente sua resid\u00eancia, arrastando ela e a cadeira por alguns metros. O ve\u00edculo parou a aproximadamente 100 metros do local.<\/p>\n<p style=\"text-align: justify;\">N\u00e3o tinha ningu\u00e9m no ve\u00edculo no momento do acidente. As informa\u00e7\u00f5es a serem confirmadas \u00e9 de que a condutora teria deixado de puxar o freio de m\u00e3o.<\/p>\n<p style=\"text-align: justify;\">Um parente da v\u00edtima tomado pela emo\u00e7\u00e3o de presenciar o acidente, acabou destruindo os vidros laterais do ve\u00edculo. A cadeira havia sido recolhida por familiares.<\/p>\n<p style=\"text-align: justify;\">Compareceram ao local al\u00e9m de socorristas que j\u00e1 estavam dando atendimento \u00e0 senhora Maria Aparecida, uma Unidade de Resgate do Corpo de Bombeiros que encaminhou a v\u00edtima at\u00e9 o Pronto Atendimento Municipal que n\u00e3o resistiu e veio a \u00f3bito.<\/p>\n<p style=\"text-align: justify;\">As Pol\u00edcias Militar e T\u00e9cnica compareceram ao local para o registro e apura\u00e7\u00e3o dos fatos.<\/p>\n<p style=\"text-align: justify;\"><img loading=\"lazy\" decoding=\"async\" class=\"alignnone size-full wp-image-52228\" src=\"https:\/\/jorgezanoni.com.br\/2019\/wp-content\/uploads\/2021\/08\/IMG_7083.jpg\" alt=\"\" width=\"800\" height=\"600\" srcset=\"https:\/\/jorgezanoni.com.br\/2019\/wp-content\/uploads\/2021\/08\/IMG_7083.jpg 800w, https:\/\/jorgezanoni.com.br\/2019\/wp-content\/uploads\/2021\/08\/IMG_7083-300x225.jpg 300w, https:\/\/jorgezanoni.com.br\/2019\/wp-content\/uploads\/2021\/08\/IMG_7083-768x576.jpg 768w, https:\/\/jorgezanoni.com.br\/2019\/wp-content\/uploads\/2021\/08\/IMG_7083-80x60.jpg 80w, https:\/\/jorgezanoni.com.br\/2019\/wp-content\/uploads\/2021\/08\/IMG_7083-265x198.jpg 265w, https:\/\/jorgezanoni.com.br\/2019\/wp-content\/uploads\/2021\/08\/IMG_7083-696x522.jpg 696w, https:\/\/jorgezanoni.com.br\/2019\/wp-content\/uploads\/2021\/08\/IMG_7083-560x420.jpg 560w\" sizes=\"auto, (max-width: 800px) 100vw, 800px\" \/> <img loading=\"lazy\" decoding=\"async\" class=\"alignnone size-full wp-image-52229\" src=\"https:\/\/jorgezanoni.com.br\/2019\/wp-content\/uploads\/2021\/08\/IMG_7084-2.jpg\" alt=\"\" width=\"488\" height=\"330\" srcset=\"https:\/\/jorgezanoni.com.br\/2019\/wp-content\/uploads\/2021\/08\/IMG_7084-2.jpg 488w, https:\/\/jorgezanoni.com.br\/2019\/wp-content\/uploads\/2021\/08\/IMG_7084-2-300x203.jpg 300w\" sizes=\"auto, (max-width: 488px) 100vw, 488px\" \/> <img loading=\"lazy\" decoding=\"async\" class=\"alignnone size-full wp-image-52230\" src=\"https:\/\/jorgezanoni.com.br\/2019\/wp-content\/uploads\/2021\/08\/IMG_7085-2.jpg\" alt=\"\" width=\"717\" height=\"575\" srcset=\"https:\/\/jorgezanoni.com.br\/2019\/wp-content\/uploads\/2021\/08\/IMG_7085-2.jpg 717w, https:\/\/jorgezanoni.com.br\/2019\/wp-content\/uploads\/2021\/08\/IMG_7085-2-300x241.jpg 300w, https:\/\/jorgezanoni.com.br\/2019\/wp-content\/uploads\/2021\/08\/IMG_7085-2-696x558.jpg 696w, https:\/\/jorgezanoni.com.br\/2019\/wp-content\/uploads\/2021\/08\/IMG_7085-2-524x420.jpg 524w\" sizes=\"auto, (max-width: 717px) 100vw, 717px\" \/> <img loading=\"lazy\" decoding=\"async\" class=\"alignnone size-full wp-image-52231\" src=\"https:\/\/jorgezanoni.com.br\/2019\/wp-content\/uploads\/2021\/08\/IMG_7086.jpg\" alt=\"\" width=\"800\" height=\"600\" srcset=\"https:\/\/jorgezanoni.com.br\/2019\/wp-content\/uploads\/2021\/08\/IMG_7086.jpg 800w, https:\/\/jorgezanoni.com.br\/2019\/wp-content\/uploads\/2021\/08\/IMG_7086-300x225.jpg 300w, https:\/\/jorgezanoni.com.br\/2019\/wp-content\/uploads\/2021\/08\/IMG_7086-768x576.jpg 768w, https:\/\/jorgezanoni.com.br\/2019\/wp-content\/uploads\/2021\/08\/IMG_7086-80x60.jpg 80w, https:\/\/jorgezanoni.com.br\/2019\/wp-content\/uploads\/2021\/08\/IMG_7086-265x198.jpg 265w, https:\/\/jorgezanoni.com.br\/2019\/wp-content\/uploads\/2021\/08\/IMG_7086-696x522.jpg 696w, https:\/\/jorgezanoni.com.br\/2019\/wp-content\/uploads\/2021\/08\/IMG_7086-560x420.jpg 560w\" sizes=\"auto, (max-width: 800px) 100vw, 800px\" \/> <img loading=\"lazy\" decoding=\"async\" class=\"alignnone size-full wp-image-52232\" src=\"https:\/\/jorgezanoni.com.br\/2019\/wp-content\/uploads\/2021\/08\/IMG_7087-2.jpg\" alt=\"\" width=\"737\" height=\"586\" srcset=\"https:\/\/jorgezanoni.com.br\/2019\/wp-content\/uploads\/2021\/08\/IMG_7087-2.jpg 737w, https:\/\/jorgezanoni.com.br\/2019\/wp-content\/uploads\/2021\/08\/IMG_7087-2-300x239.jpg 300w, https:\/\/jorgezanoni.com.br\/2019\/wp-content\/uploads\/2021\/08\/IMG_7087-2-696x553.jpg 696w, https:\/\/jorgezanoni.com.br\/2019\/wp-content\/uploads\/2021\/08\/IMG_7087-2-528x420.jpg 528w\" sizes=\"auto, (max-width: 737px) 100vw, 737px\" \/> <img loading=\"lazy\" decoding=\"async\" class=\"alignnone size-full wp-image-52233\" src=\"https:\/\/jorgezanoni.com.br\/2019\/wp-content\/uploads\/2021\/08\/IMG_7088.jpg\" alt=\"\" width=\"800\" height=\"600\" srcset=\"https:\/\/jorgezanoni.com.br\/2019\/wp-content\/uploads\/2021\/08\/IMG_7088.jpg 800w, https:\/\/jorgezanoni.com.br\/2019\/wp-content\/uploads\/2021\/08\/IMG_7088-300x225.jpg 300w, https:\/\/jorgezanoni.com.br\/2019\/wp-content\/uploads\/2021\/08\/IMG_7088-768x576.jpg 768w, https:\/\/jorgezanoni.com.br\/2019\/wp-content\/uploads\/2021\/08\/IMG_7088-80x60.jpg 80w, https:\/\/jorgezanoni.com.br\/2019\/wp-content\/uploads\/2021\/08\/IMG_7088-265x198.jpg 265w, https:\/\/jorgezanoni.com.br\/2019\/wp-content\/uploads\/2021\/08\/IMG_7088-696x522.jpg 696w, https:\/\/jorgezanoni.com.br\/2019\/wp-content\/uploads\/2021\/08\/IMG_7088-560x420.jpg 560w\" sizes=\"auto, (max-width: 800px) 100vw, 800px\" \/> <img loading=\"lazy\" decoding=\"async\" class=\"alignnone size-full wp-image-52234\" src=\"https:\/\/jorgezanoni.com.br\/2019\/wp-content\/uploads\/2021\/08\/IMG_7089.jpg\" alt=\"\" width=\"800\" height=\"600\" srcset=\"https:\/\/jorgezanoni.com.br\/2019\/wp-content\/uploads\/2021\/08\/IMG_7089.jpg 800w, https:\/\/jorgezanoni.com.br\/2019\/wp-content\/uploads\/2021\/08\/IMG_7089-300x225.jpg 300w, https:\/\/jorgezanoni.com.br\/2019\/wp-content\/uploads\/2021\/08\/IMG_7089-768x576.jpg 768w, https:\/\/jorgezanoni.com.br\/2019\/wp-content\/uploads\/2021\/08\/IMG_7089-80x60.jpg 80w, https:\/\/jorgezanoni.com.br\/2019\/wp-content\/uploads\/2021\/08\/IMG_7089-265x198.jpg 265w, https:\/\/jorgezanoni.com.br\/2019\/wp-content\/uploads\/2021\/08\/IMG_7089-696x522.jpg 696w, https:\/\/jorgezanoni.com.br\/2019\/wp-content\/uploads\/2021\/08\/IMG_7089-560x420.jpg 560w\" sizes=\"auto, (max-width: 800px) 100vw, 800px\" \/>Jorge Zanoni<\/p>\n<p>&nbsp;<\/p>\n","protected":false},"excerpt":{"rendered":"<p>A V\u00edtima fatal \u00e9 a senhora Maria Aparecida da Silva de 74 anos. Por volta de 13:15 Horas desta sexta-feira (13), foi registrado um acidente com v\u00edtima fatal na Rua Prof. Pedro Ribeiro Bueno no Conjunto Habitacional Valdir Barbosa, na entrada do Jardim Brasil\u00e2ndia em Dracena. Segundo informa\u00e7\u00f5es obtidas no local pela reportagem do Site [&hellip;]<\/p>\n","protected":false},"author":1,"featured_media":52236,"comment_status":"closed","ping_status":"open","sticky":false,"template":"","format":"standard","meta":{"footnotes":""},"categories":[170,110],"tags":[],"class_list":["post-52227","post","type-post","status-publish","format-standard","has-post-thumbnail","hentry","category-acidentes","category-noticiasdestaque"],"_links":{"self":[{"href":"https:\/\/jorgezanoni.com.br\/2019\/wp-json\/wp\/v2\/posts\/52227","targetHints":{"allow":["GET"]}}],"collection":[{"href":"https:\/\/jorgezanoni.com.br\/2019\/wp-json\/wp\/v2\/posts"}],"about":[{"href":"https:\/\/jorgezanoni.com.br\/2019\/wp-json\/wp\/v2\/types\/post"}],"author":[{"embeddable":true,"href":"https:\/\/jorgezanoni.com.br\/2019\/wp-json\/wp\/v2\/users\/1"}],"replies":[{"embeddable":true,"href":"https:\/\/jorgezanoni.com.br\/2019\/wp-json\/wp\/v2\/comments?post=52227"}],"version-history":[{"count":0,"href":"https:\/\/jorgezanoni.com.br\/2019\/wp-json\/wp\/v2\/posts\/52227\/revisions"}],"wp:featuredmedia":[{"embeddable":true,"href":"https:\/\/jorgezanoni.com.br\/2019\/wp-json\/wp\/v2\/media\/52236"}],"wp:attachment":[{"href":"https:\/\/jorgezanoni.com.br\/2019\/wp-json\/wp\/v2\/media?parent=52227"}],"wp:term":[{"taxonomy":"category","embeddable":true,"href":"https:\/\/jorgezanoni.com.br\/2019\/wp-json\/wp\/v2\/categories?post=52227"},{"taxonomy":"post_tag","embeddable":true,"href":"https:\/\/jorgezanoni.com.br\/2019\/wp-json\/wp\/v2\/tags?post=52227"}],"curies":[{"name":"wp","href":"https:\/\/api.w.org\/{rel}","templated":true}]}}