{"id":52222,"date":"2021-08-13T15:46:38","date_gmt":"2021-08-13T15:46:38","guid":{"rendered":"https:\/\/jorgezanoni.com.br\/2019\/?p=52222"},"modified":"2021-08-13T15:46:39","modified_gmt":"2021-08-13T15:46:39","slug":"acidente-e-registrado-novamente-na-esquina-do-ame-onde-tem-semaforo","status":"publish","type":"post","link":"https:\/\/jorgezanoni.com.br\/2019\/acidente-e-registrado-novamente-na-esquina-do-ame-onde-tem-semaforo\/","title":{"rendered":"Acidente \u00e9 registrado novamente na esquina do AME onde tem Sem\u00e1foro"},"content":{"rendered":"<div dir=\"auto\" style=\"text-align: justify;\">Por volta de 11:30 Horas, foi registrado um acidente com v\u00edtima na esquina da Avenida Presidente Vargas com Rua Ipiranga. No local com Sem\u00e1foro, tem sido constantes as batidas.<\/div>\n<div dir=\"auto\" style=\"text-align: justify;\"><\/div>\n<div dir=\"auto\" style=\"text-align: justify;\">Segundo informa\u00e7\u00f5es obtidas pela reportagem do Site JZ, bateram um ve\u00edculo Saveiro e uma Motocicleta.<\/div>\n<div dir=\"auto\" style=\"text-align: justify;\"><\/div>\n<div dir=\"auto\" style=\"text-align: justify;\">O motociclista foi socorrido com ferimentos aparentemente leves por uma Unidade de Resgate do Corpo de Bombeiros ao Pronto Atendimento Municipal, o motorista n\u00e3o se feriu.<\/div>\n<div class=\"o9v6fnle cxmmr5t8 oygrvhab hcukyx3x c1et5uql ii04i59q\" style=\"text-align: justify;\">\n<div dir=\"auto\"><\/div>\n<\/div>\n<div class=\"o9v6fnle cxmmr5t8 oygrvhab hcukyx3x c1et5uql ii04i59q\" style=\"text-align: justify;\">\n<div dir=\"auto\">Pol\u00edcia Militar e T\u00e9cnica compareceram ao local para registro dos fatos.<\/div>\n<\/div>\n<div dir=\"auto\"><\/div>\n<div dir=\"auto\"><img loading=\"lazy\" decoding=\"async\" class=\"alignnone size-full wp-image-52223\" src=\"https:\/\/jorgezanoni.com.br\/2019\/wp-content\/uploads\/2021\/08\/moto.jpg\" alt=\"\" width=\"589\" height=\"480\" srcset=\"https:\/\/jorgezanoni.com.br\/2019\/wp-content\/uploads\/2021\/08\/moto.jpg 589w, https:\/\/jorgezanoni.com.br\/2019\/wp-content\/uploads\/2021\/08\/moto-300x244.jpg 300w, https:\/\/jorgezanoni.com.br\/2019\/wp-content\/uploads\/2021\/08\/moto-515x420.jpg 515w\" sizes=\"auto, (max-width: 589px) 100vw, 589px\" \/> <img loading=\"lazy\" decoding=\"async\" class=\"alignnone size-full wp-image-52224\" src=\"https:\/\/jorgezanoni.com.br\/2019\/wp-content\/uploads\/2021\/08\/moto1.jpg\" alt=\"\" width=\"899\" height=\"732\" srcset=\"https:\/\/jorgezanoni.com.br\/2019\/wp-content\/uploads\/2021\/08\/moto1.jpg 899w, https:\/\/jorgezanoni.com.br\/2019\/wp-content\/uploads\/2021\/08\/moto1-300x244.jpg 300w, https:\/\/jorgezanoni.com.br\/2019\/wp-content\/uploads\/2021\/08\/moto1-768x625.jpg 768w, https:\/\/jorgezanoni.com.br\/2019\/wp-content\/uploads\/2021\/08\/moto1-696x567.jpg 696w, https:\/\/jorgezanoni.com.br\/2019\/wp-content\/uploads\/2021\/08\/moto1-516x420.jpg 516w\" sizes=\"auto, (max-width: 899px) 100vw, 899px\" \/><\/div>\n<div dir=\"auto\" style=\"text-align: justify;\"><\/div>\n<div dir=\"auto\" style=\"text-align: justify;\">Jorge Zanoni<\/div>\n<div dir=\"auto\" style=\"text-align: justify;\">Foto: Hora da Not\u00edcia<\/div>\n","protected":false},"excerpt":{"rendered":"<p>Por volta de 11:30 Horas, foi registrado um acidente com v\u00edtima na esquina da Avenida Presidente Vargas com Rua Ipiranga. No local com Sem\u00e1foro, tem sido constantes as batidas. Segundo informa\u00e7\u00f5es obtidas pela reportagem do Site JZ, bateram um ve\u00edculo Saveiro e uma Motocicleta. O motociclista foi socorrido com ferimentos aparentemente leves por uma Unidade [&hellip;]<\/p>\n","protected":false},"author":1,"featured_media":52225,"comment_status":"closed","ping_status":"open","sticky":false,"template":"","format":"standard","meta":{"footnotes":""},"categories":[170,110],"tags":[],"class_list":["post-52222","post","type-post","status-publish","format-standard","has-post-thumbnail","hentry","category-acidentes","category-noticiasdestaque"],"_links":{"self":[{"href":"https:\/\/jorgezanoni.com.br\/2019\/wp-json\/wp\/v2\/posts\/52222","targetHints":{"allow":["GET"]}}],"collection":[{"href":"https:\/\/jorgezanoni.com.br\/2019\/wp-json\/wp\/v2\/posts"}],"about":[{"href":"https:\/\/jorgezanoni.com.br\/2019\/wp-json\/wp\/v2\/types\/post"}],"author":[{"embeddable":true,"href":"https:\/\/jorgezanoni.com.br\/2019\/wp-json\/wp\/v2\/users\/1"}],"replies":[{"embeddable":true,"href":"https:\/\/jorgezanoni.com.br\/2019\/wp-json\/wp\/v2\/comments?post=52222"}],"version-history":[{"count":0,"href":"https:\/\/jorgezanoni.com.br\/2019\/wp-json\/wp\/v2\/posts\/52222\/revisions"}],"wp:featuredmedia":[{"embeddable":true,"href":"https:\/\/jorgezanoni.com.br\/2019\/wp-json\/wp\/v2\/media\/52225"}],"wp:attachment":[{"href":"https:\/\/jorgezanoni.com.br\/2019\/wp-json\/wp\/v2\/media?parent=52222"}],"wp:term":[{"taxonomy":"category","embeddable":true,"href":"https:\/\/jorgezanoni.com.br\/2019\/wp-json\/wp\/v2\/categories?post=52222"},{"taxonomy":"post_tag","embeddable":true,"href":"https:\/\/jorgezanoni.com.br\/2019\/wp-json\/wp\/v2\/tags?post=52222"}],"curies":[{"name":"wp","href":"https:\/\/api.w.org\/{rel}","templated":true}]}}