{"id":52218,"date":"2021-08-13T14:41:12","date_gmt":"2021-08-13T14:41:12","guid":{"rendered":"https:\/\/jorgezanoni.com.br\/2019\/?p=52218"},"modified":"2021-08-13T15:08:26","modified_gmt":"2021-08-13T15:08:26","slug":"morre-a-moradora-de-dracena-rose-gaspareto","status":"publish","type":"post","link":"https:\/\/jorgezanoni.com.br\/2019\/morre-a-moradora-de-dracena-rose-gaspareto\/","title":{"rendered":"Morre a moradora de Dracena Rose Gaspareto"},"content":{"rendered":"<p style=\"text-align: justify;\">Comunicamos com pesar o falecimento de Rose Gaspareto de 49 anos, aposentada. Ela estava em tratamento de C\u00e2ncer e n\u00e3o resistiu vindo a \u00f3bito.<\/p>\n<p style=\"text-align: justify;\">Deixa um filho, irm\u00e3os, demais familiares e amigos.<\/p>\n<p style=\"text-align: justify;\">Seu corpo est\u00e1 sendo velado no Memorial Vida Prev e o Sepultamento ocorre \u00e0s 16 Hs. de hoje (13) no Cemit\u00e9rio Municipal de Dracena<\/p>\n<p style=\"text-align: justify;\">O Site JZ se solidariza com a familia e amigos neste dif\u00edcil momento.<\/p>\n<p>Jorge Zanoni<\/p>\n","protected":false},"excerpt":{"rendered":"<p>Comunicamos com pesar o falecimento de Rose Gaspareto de 49 anos, aposentada. Ela estava em tratamento de C\u00e2ncer e n\u00e3o resistiu vindo a \u00f3bito. Deixa um filho, irm\u00e3os, demais familiares e amigos. Seu corpo est\u00e1 sendo velado no Memorial Vida Prev e o Sepultamento ocorre \u00e0s 16 Hs. de hoje (13) no Cemit\u00e9rio Municipal de [&hellip;]<\/p>\n","protected":false},"author":1,"featured_media":52219,"comment_status":"closed","ping_status":"open","sticky":false,"template":"","format":"standard","meta":{"footnotes":""},"categories":[178,110],"tags":[],"class_list":["post-52218","post","type-post","status-publish","format-standard","has-post-thumbnail","hentry","category-notadefalecimento","category-noticiasdestaque"],"_links":{"self":[{"href":"https:\/\/jorgezanoni.com.br\/2019\/wp-json\/wp\/v2\/posts\/52218","targetHints":{"allow":["GET"]}}],"collection":[{"href":"https:\/\/jorgezanoni.com.br\/2019\/wp-json\/wp\/v2\/posts"}],"about":[{"href":"https:\/\/jorgezanoni.com.br\/2019\/wp-json\/wp\/v2\/types\/post"}],"author":[{"embeddable":true,"href":"https:\/\/jorgezanoni.com.br\/2019\/wp-json\/wp\/v2\/users\/1"}],"replies":[{"embeddable":true,"href":"https:\/\/jorgezanoni.com.br\/2019\/wp-json\/wp\/v2\/comments?post=52218"}],"version-history":[{"count":0,"href":"https:\/\/jorgezanoni.com.br\/2019\/wp-json\/wp\/v2\/posts\/52218\/revisions"}],"wp:featuredmedia":[{"embeddable":true,"href":"https:\/\/jorgezanoni.com.br\/2019\/wp-json\/wp\/v2\/media\/52219"}],"wp:attachment":[{"href":"https:\/\/jorgezanoni.com.br\/2019\/wp-json\/wp\/v2\/media?parent=52218"}],"wp:term":[{"taxonomy":"category","embeddable":true,"href":"https:\/\/jorgezanoni.com.br\/2019\/wp-json\/wp\/v2\/categories?post=52218"},{"taxonomy":"post_tag","embeddable":true,"href":"https:\/\/jorgezanoni.com.br\/2019\/wp-json\/wp\/v2\/tags?post=52218"}],"curies":[{"name":"wp","href":"https:\/\/api.w.org\/{rel}","templated":true}]}}